{"id":54573,"date":"2020-03-20T10:11:52","date_gmt":"2020-03-20T10:11:52","guid":{"rendered":"http:\/\/diariodominicano.ddns.net\/?p=54573"},"modified":"2020-03-20T10:11:52","modified_gmt":"2020-03-20T10:11:52","slug":"soulouque-instala-cuartel-de-haiti-en-san-juan-de-la-maguana","status":"publish","type":"post","link":"https:\/\/diariodominicano.com\/?p=54573","title":{"rendered":"Soulouque instala cuartel  de Hait\u00ed en San Juan de la Maguana"},"content":{"rendered":"<p><body><\/p>\n<p><img decoding=\"async\" src=\"img3\/Faustino Soulouque.jpg\" \/>  <\/p>\n<p><strong>Soulouque instala cuartel  de Hait\u00ed en San Juan de la Maguana<\/strong><\/p>\n<p><strong>SAN JUAN DE LA MAGUANA,  el 20 de marzo de 1849,<\/strong> el general haitiano Soulouque, fij\u00f3 su cuartel general en San Juan de la Maguana.<\/p>\n<p>   El mismo d\u00eda 20 de marzo, el ministro de Guerra y Marina de la Rep\u00fablica Dominicana,  Rom\u00e1n Franco Bid\u00f3 orden\u00f3 a la flotilla dominicana comandada por Juan Bautista  Cambiaso, que se dirigiera a las aguas de Hait\u00ed para que le ocasionara a la Rep\u00fablica de Hait\u00ed,  los mayores da\u00f1os posibles.<\/p>\n<p>    Soulouque,  hab\u00eda invadido el territorio dominicano el d\u00eda 9 de marzo de 1849, con un Ej\u00e9rcito de 15 mil  hombres divididos en varios cuerpos comandados por los oficiales m\u00e1s destacados en la Rep\u00fablica de Hait\u00ed, lo que le permiti\u00f3 superar la resistencia dominicana.<\/p>\n<h6> 2020-03-20 10:11:52 <\/h6>\n<p><!--\n<link rel=\"stylesheet\" href=\"css\/bootstrap.min.css\">\n\n\n<ul class=\"pagination\">\n\t    \n\t\n\n<li >\n\t<a href='?page_no=669'>Previous<\/a>\n\t<\/li>\n\n\n       \n    \n\n<li><a href='?page_no=1'>1<\/a><\/li>\n\n\n\n<li><a href='?page_no=2'>2<\/a><\/li>\n\n\n\n<li><a>...<\/a><\/li>\n\n\n\n<li><a href='?page_no=668'>668<\/a><\/li>\n\n\n\n<li><a href='?page_no=669'>669<\/a><\/li>\n\n\n\n<li class='active'><a>670<\/a><\/li>\n\n\n\n<li><a href='?page_no=671'>671<\/a><\/li>\n\n\n\n<li><a href='?page_no=672'>672<\/a><\/li>\n\n\n\n<li><a>...<\/a><\/li>\n\n\n\n<li><a href='?page_no=22911'>22911<\/a><\/li>\n\n\n\n<li><a href='?page_no=22912'>22912<\/a><\/li>\n\n    \n\t\n\n<li >\n\t<a href='?page_no=671'>Next<\/a>\n\t<\/li>\n\n\n    \n\n<li><a href='?page_no=22912'>Last &rsaquo;&rsaquo;<\/a><\/li>\n\n<\/ul>\n\n\n--><br \/>\n<\/body><\/p>\n","protected":false},"excerpt":{"rendered":"<p>Soulouque instala cuartel de Hait\u00ed en San Juan de la Maguana SAN JUAN DE LA MAGUANA, el 20 de marzo de 1849, el general haitiano Soulouque, fij\u00f3 su cuartel general en San Juan de la Maguana. El mismo d\u00eda 20 de marzo, el ministro de Guerra y Marina de la Rep\u00fablica Dominicana, Rom\u00e1n Franco Bid\u00f3 [&hellip;]<\/p>\n","protected":false},"author":3,"featured_media":0,"comment_status":"open","ping_status":"open","sticky":false,"template":"","format":"standard","meta":{"footnotes":""},"categories":[21],"tags":[],"class_list":["post-54573","post","type-post","status-publish","format-standard","hentry","category-cultura"],"_links":{"self":[{"href":"https:\/\/diariodominicano.com\/index.php?rest_route=\/wp\/v2\/posts\/54573","targetHints":{"allow":["GET"]}}],"collection":[{"href":"https:\/\/diariodominicano.com\/index.php?rest_route=\/wp\/v2\/posts"}],"about":[{"href":"https:\/\/diariodominicano.com\/index.php?rest_route=\/wp\/v2\/types\/post"}],"author":[{"embeddable":true,"href":"https:\/\/diariodominicano.com\/index.php?rest_route=\/wp\/v2\/users\/3"}],"replies":[{"embeddable":true,"href":"https:\/\/diariodominicano.com\/index.php?rest_route=%2Fwp%2Fv2%2Fcomments&post=54573"}],"version-history":[{"count":0,"href":"https:\/\/diariodominicano.com\/index.php?rest_route=\/wp\/v2\/posts\/54573\/revisions"}],"wp:attachment":[{"href":"https:\/\/diariodominicano.com\/index.php?rest_route=%2Fwp%2Fv2%2Fmedia&parent=54573"}],"wp:term":[{"taxonomy":"category","embeddable":true,"href":"https:\/\/diariodominicano.com\/index.php?rest_route=%2Fwp%2Fv2%2Fcategories&post=54573"},{"taxonomy":"post_tag","embeddable":true,"href":"https:\/\/diariodominicano.com\/index.php?rest_route=%2Fwp%2Fv2%2Ftags&post=54573"}],"curies":[{"name":"wp","href":"https:\/\/api.w.org\/{rel}","templated":true}]}}