{"id":54572,"date":"2020-11-08T21:40:10","date_gmt":"2020-11-08T21:40:10","guid":{"rendered":"http:\/\/diariodominicano.ddns.net\/?p=54572"},"modified":"2020-11-08T21:40:10","modified_gmt":"2020-11-08T21:40:10","slug":"congreso-da-al-presidente-trujillo-el-titulo-de-benefactor-de-la-patria","status":"publish","type":"post","link":"https:\/\/diariodominicano.com\/?p=54572","title":{"rendered":"Congreso da al presidente Trujillo el t\u00edtulo de Benefactor de la Patria"},"content":{"rendered":"<p><body><\/p>\n<p><img decoding=\"async\" src=\"img3\/Trujillo0614.jpg\" \/>  <\/p>\n<p><strong>Diariodominicano.com<\/strong><\/p>\n<p><strong>Congreso da a Trujillo el t\u00edtulo de Benefactor de la Patria <\/strong><\/p>\n<p><strong>SANTIAGO DE LOS CABALLEROS, el  9 de noviembre de 1932<\/strong>, el Senado y la C\u00e1mara de Diputados, en sesiones celebradas en la ciudad de Santiago de los Caballeros, aprobaron un proyecto de ley en virtud del cual otorgaron al Presidente Rafael Le\u00f3nidas Trujillo Molina, el t\u00edtulo de \u00abBenefactor de la Patria en premio a sus patri\u00f3ticos desvelos, y a la ingente tarea que hab\u00eda ejecutado en tan breve lapso de Gobierno\u00bb.<\/p>\n<\/p>\n<p>    \tEl historiador  Ram\u00f3n Marrero Aristy afirma que  \u00abEste t\u00edtulo contaba con el respaldo de la opini\u00f3n p\u00fablica, que se hab\u00eda expresado en forma reiterada solicitando para el Presidente alg\u00fan galard\u00f3n de car\u00e1cter nacional, que fuera un reconocimiento y est\u00edmulo a sus patri\u00f3ticos esfuerzos por devolver la salud pol\u00edtica a la Naci\u00f3n.<\/p>\n<\/p>\n<p>      \tEn opini\u00f3n de Ram\u00f3n Marrero Aristy:  \u00abTrujillo era en ese momento un aut\u00e9ntico Benefactor, pues al conjuro de su voluntad la patria hab\u00eda renacido, y se encaminaba firmemente por un derrotero distinto al que hab\u00eda seguido en el pasado\u00bb.<\/p>\n<\/p>\n<p>      \tAnota que el t\u00edtulo le fue impuesto a Trujillo en solemne ceremonia celebrada en la ciudad de Santiago de los Caballeros, el 16 de agosto de 1933, \u00aben un acto de verdadera apoteosis c\u00edvica\u00bb.<\/p>\n<\/p>\n<p>       En la ocasi\u00f3n el Presidente Rafael Le\u00f3nidas Trujillo Molina dijo:<\/p>\n<\/p>\n<p>    \t\u00abRecibo, no con escasa emoci\u00f3n este homenaje, tributo que me hace el Congreso Nacional, previa consideraci\u00f3n  de cuanto he realizado  en tres a\u00f1os de Gobierno. Es una exaltaci\u00f3n para mi esfuerzo\u00bb.<\/p>\n<\/p>\n<p>     \tTrujillo expres\u00f3  que no so\u00f1\u00f3 jam\u00e1s \u00abque en un tiempo relativamente corto pudiera haber hecho tanto para merecer este preciado galard\u00f3n, porque si en rigor he hecho de mi vida una constante ofrenda de amor patrio y una subordinaci\u00f3n fidel\u00edsima al deber, sin reparar en embarazos de que no est\u00e1 exento el avance por v\u00edas de rectitudes, no vislumbr\u00e9 que pudiera verme galardonado  de este modo en ocasi\u00f3n tan solemne para la Rep\u00fablica, enaltecido el pecho con la Gran Cruz Benefactor de la Patria, en cuyo centro aparece aureolada, con la propia luz de su grandeza, la efigie venerable  de Juan Pablo Duarte\u00bb.<\/p>\n<\/p>\n<p>      \tEl Presidente Trujillo dijo: \u00abLa recibo como una excitaci\u00f3n al luchador para afirmar su temple en la perseverancia, m\u00e1s que como honor a la virtud del propio esfuerzos\u00bb.<\/p>\n<\/p>\n<p>     \tA seguidas, el Presidente Trujillo expres\u00f3: \u00abCierto que el verdadero luchador, el hombre de arena por innato designio y profesi\u00f3n de fe, no ha menester de excitaciones en forma de lauros para abrirse camino como abanderado de la acci\u00f3n, de la misma manera que el aut\u00e9ntico creyente sigue profesando su credo religioso aunque no surja ante sus ojos la manifestaci\u00f3n divina en el milagro.<\/p>\n<\/p>\n<p>      \tEn opini\u00f3n de Trujillo, quien hab\u00eda sido  juramentado Presidente de la Rep\u00fablica el 16 de agosto de 1930, el lauro sirve de ense\u00f1anza  para los desconfiados del \u00e9xito, que no comprenden la eficacia de las abnegaciones inspiradas en la patria.<\/p>\n<\/p>\n<p>     \tResalt\u00f3 que \u00abOtro aspecto significativo del lauro es saber que no se est\u00e1 arando en el mar, seg\u00fan la frase de Bol\u00edvar; que el pueblo estima el ideal del gobernante y su cristalizaci\u00f3n en obra; es tener el goce \u00edntimo del sembrador cuando la tierra se muestra digna de su esfuerzo con la germinaci\u00f3n de la semilla\u00bb.<\/p>\n<\/p>\n<p>    \tTrujillo expres\u00f3 que por esas consideraciones morales \u00abacojo y recibo entusiasmado el premio con que me honra el Congreso Nacional en d\u00eda tan glorioso para el pueblo dominicano\u00bb.<\/p>\n<\/p>\n<p>    \tEn la ocasi\u00f3n que Trujillo recibi\u00f3 el galard\u00f3n de \u00abBenefactor de la Patria\u00bb, en la Rep\u00fablica Dominicana se celebraba el 70 aniversario de la Restauraci\u00f3n de la Rep\u00fablica.<\/p>\n<\/p>\n<p>      El historiador Ram\u00f3n Marrero Aristy al valorar el acontecimiento en favor de Trujillo anot\u00f3:<\/p>\n<\/p>\n<p>    \t\u00abEl galard\u00f3n otorgado a Trujillo al cumplir los tres primeros a\u00f1os de su ejercicio presidencial, ha adquirido, en el curso del tiempo, la grandeza e inmortalidad que la Historia reserva para las obras generosas\u00bb.<\/p>\n<\/p>\n<\/p>\n<\/p>\n<h6> 2020-11-08 21:40:10 <\/h6>\n<p><!--\n<link rel=\"stylesheet\" href=\"css\/bootstrap.min.css\">\n\n\n<ul class=\"pagination\">\n\t    \n\t\n\n<li >\n\t<a href='?page_no=66'>Previous<\/a>\n\t<\/li>\n\n\n       \n    \n\n<li><a href='?page_no=1'>1<\/a><\/li>\n\n\n\n<li><a href='?page_no=2'>2<\/a><\/li>\n\n\n\n<li><a>...<\/a><\/li>\n\n\n\n<li><a href='?page_no=65'>65<\/a><\/li>\n\n\n\n<li><a href='?page_no=66'>66<\/a><\/li>\n\n\n\n<li class='active'><a>67<\/a><\/li>\n\n\n\n<li><a href='?page_no=68'>68<\/a><\/li>\n\n\n\n<li><a href='?page_no=69'>69<\/a><\/li>\n\n\n\n<li><a>...<\/a><\/li>\n\n\n\n<li><a href='?page_no=22911'>22911<\/a><\/li>\n\n\n\n<li><a href='?page_no=22912'>22912<\/a><\/li>\n\n    \n\t\n\n<li >\n\t<a href='?page_no=68'>Next<\/a>\n\t<\/li>\n\n\n    \n\n<li><a href='?page_no=22912'>Last &rsaquo;&rsaquo;<\/a><\/li>\n\n<\/ul>\n\n\n--><br \/>\n<\/body><\/p>\n","protected":false},"excerpt":{"rendered":"<p>Diariodominicano.com Congreso da a Trujillo el t\u00edtulo de Benefactor de la Patria SANTIAGO DE LOS CABALLEROS, el 9 de noviembre de 1932, el Senado y la C\u00e1mara de Diputados, en sesiones celebradas en la ciudad de Santiago de los Caballeros, aprobaron un proyecto de ley en virtud del cual otorgaron al Presidente Rafael Le\u00f3nidas Trujillo [&hellip;]<\/p>\n","protected":false},"author":3,"featured_media":0,"comment_status":"open","ping_status":"open","sticky":false,"template":"","format":"standard","meta":{"footnotes":""},"categories":[21],"tags":[],"class_list":["post-54572","post","type-post","status-publish","format-standard","hentry","category-cultura"],"_links":{"self":[{"href":"https:\/\/diariodominicano.com\/index.php?rest_route=\/wp\/v2\/posts\/54572","targetHints":{"allow":["GET"]}}],"collection":[{"href":"https:\/\/diariodominicano.com\/index.php?rest_route=\/wp\/v2\/posts"}],"about":[{"href":"https:\/\/diariodominicano.com\/index.php?rest_route=\/wp\/v2\/types\/post"}],"author":[{"embeddable":true,"href":"https:\/\/diariodominicano.com\/index.php?rest_route=\/wp\/v2\/users\/3"}],"replies":[{"embeddable":true,"href":"https:\/\/diariodominicano.com\/index.php?rest_route=%2Fwp%2Fv2%2Fcomments&post=54572"}],"version-history":[{"count":0,"href":"https:\/\/diariodominicano.com\/index.php?rest_route=\/wp\/v2\/posts\/54572\/revisions"}],"wp:attachment":[{"href":"https:\/\/diariodominicano.com\/index.php?rest_route=%2Fwp%2Fv2%2Fmedia&parent=54572"}],"wp:term":[{"taxonomy":"category","embeddable":true,"href":"https:\/\/diariodominicano.com\/index.php?rest_route=%2Fwp%2Fv2%2Fcategories&post=54572"},{"taxonomy":"post_tag","embeddable":true,"href":"https:\/\/diariodominicano.com\/index.php?rest_route=%2Fwp%2Fv2%2Ftags&post=54572"}],"curies":[{"name":"wp","href":"https:\/\/api.w.org\/{rel}","templated":true}]}}