{"id":545704,"date":"2024-07-17T18:03:08","date_gmt":"2024-07-17T22:03:08","guid":{"rendered":"https:\/\/diariodominicano.com\/?p=545704"},"modified":"2024-07-17T18:03:10","modified_gmt":"2024-07-17T22:03:10","slug":"la-procuraduria-incinera-mas-de-dos-toneladas-de-drogas-en-ultimas-tres-semanas-2","status":"publish","type":"post","link":"https:\/\/diariodominicano.com\/?p=545704","title":{"rendered":"La Procuradur\u00eda incinera m\u00e1s de dos toneladas de drogas en \u00faltimas tres semanas"},"content":{"rendered":"\n<p><em><u>Como cada semana, el Inacif quemar\u00e1 este jueves a las 9:30 de la ma\u00f1ana otras sustancias narc\u00f3ticas en un acto que ser\u00e1 realizado en la sede de la Comandancia General del Ej\u00e9rcito, en el Kil\u00f3metro 25 de la Autopista Duarte, en el municipio Pedro Brand<\/u><\/em><\/p>\n\n\n\n<p>SANTO DOMINGO (Rep\u00fablica Dominicana).-En la continuaci\u00f3n de las acciones del plan contra el tr\u00e1fico de drogas, la Procuradur\u00eda General de la Rep\u00fablica (PGR) inciner\u00f3 m\u00e1s de dos toneladas de distintas sustancias narc\u00f3ticas que fueron ocupadas en distintas operaciones realizadas en las \u00faltimas tres semanas en varios lugares del pa\u00eds.<\/p>\n\n\n\n<p>El Instituto Nacional de Ciencias Forenses (Inacif) detalla en los informes sobre la incineraci\u00f3n de los narc\u00f3ticos del 27 de junio al 11 de julio, que fueron quemados en total 2,188.553 kilogramos de distintas drogas.<\/p>\n\n\n\n<p>Con esta recientes incineraciones de drogas se eleva a 12,686.458 kilogramos la cantidad total que ha sido destruida en lo que va del presente a\u00f1o en la ejecuci\u00f3n de las actividades impulsadas como parte del compromiso asumido en la lucha contra el narcotr\u00e1fico.<\/p>\n\n\n\n<p>Integrantes del Ministerio P\u00fablico y agentes de la Direcci\u00f3n Nacional de Control de Drogas (DNCD) incautaron los narc\u00f3ticos en distintas localidades del Distrito Nacional, Santo Domingo, Santiago, Barahona, San Pedro de Macor\u00eds, Peravia, Mar\u00eda Trinidad S\u00e1nchez, La Vega, La Romana, Espaillat, San Crist\u00f3bal, Hato Mayor y San Juan, as\u00ed como en San Jos\u00e9 de Ocoa, Bahoruco, Monte Plata, S\u00e1nchez Ram\u00edrez, Pedernales, El\u00edas Pi\u00f1a y Hermanas Mirabal, entre otras localidades.<\/p>\n\n\n\n<p>La PGR destaca en un comunicado de prensa que el pasado jueves 27 de junio el Inacif procedi\u00f3 con la incineraci\u00f3n de 320.893 kilogramos de drogas, la mayor cantidad de marihuana con un total de 292.475 kilogramos.<\/p>\n\n\n\n<p>Igualmente, se\u00f1ala que el pasado 4 de julio fueron incinerados 737.898 kilogramos de distintas sustancias narc\u00f3ticas, de las cuales un total de 409.863 formaban parte de casos de coca\u00edna.<\/p>\n\n\n\n<p>Detalla, tambi\u00e9n, que m\u00e1s recientemente, el pasado 11 de julio, el Inacif inciner\u00f3 un cargamento de 1,129.762 kilogramos de drogas, correspondiendo un total de 834.627 a incautaciones de coca\u00edna.<\/p>\n\n\n\n<p>Adem\u00e1s de las citadas drogas, fueron quemadas otras sustancias narc\u00f3ticas, incluyendo crack, hach\u00eds, \u00e9xtasis, hero\u00edna y fendimetrazina.<\/p>\n\n\n\n<p>Todos los jueves de cada semana, a partir de las 9:30 de la ma\u00f1ana, el Inacif incinera los narc\u00f3ticos ocupados en el transcurso de los operativos contra el tr\u00e1fico de drogas, durante un acto que se realiza en las instalaciones del Campamento Militar 16 de Agosto, sede de la Comandancia General del Ej\u00e9rcito de Rep\u00fablica Dominicana, ubicadas en el kil\u00f3metro 25 de la Autopista Duarte, en el municipio Pedro Brand, provincia Santo Domingo.<\/p>\n\n\n\n<p>En el acto participan representantes de diferentes instituciones que est\u00e1n llamadas a ser veedores de dicho proceso, de acuerdo a la Ley 50-88 sobre Drogas y Sustancias Controladas.<\/p>\n\n\n\n<p>La incineraci\u00f3n de los estupefacientes se realiza en cumplimiento de la Ley Org\u00e1nica del Ministerio P\u00fablico No. 133-11, destaca el comunicado de prensa divulgado por la Procuradur\u00eda General de la Rep\u00fablica.<\/p>\n\n\n\n<p><strong>Direcci\u00f3n General de Comunicaci\u00f3n, Prensa, y RRPP<\/strong><strong><\/strong><\/p>\n\n\n\n<p>Ministerio P\u00fablico. R.D.<\/p>\n","protected":false},"excerpt":{"rendered":"<p>Como cada semana, el Inacif quemar\u00e1 este jueves a las 9:30 de la ma\u00f1ana otras sustancias narc\u00f3ticas en un acto que ser\u00e1 realizado en la sede de la Comandancia General del Ej\u00e9rcito, en el Kil\u00f3metro 25 de la Autopista Duarte, en el municipio Pedro Brand SANTO DOMINGO (Rep\u00fablica Dominicana).-En la continuaci\u00f3n de las acciones del [&hellip;]<\/p>\n","protected":false},"author":7,"featured_media":545730,"comment_status":"closed","ping_status":"closed","sticky":false,"template":"","format":"standard","meta":{"footnotes":""},"categories":[24],"tags":[],"class_list":["post-545704","post","type-post","status-publish","format-standard","has-post-thumbnail","hentry","category-justicia-y-derecho"],"_links":{"self":[{"href":"https:\/\/diariodominicano.com\/index.php?rest_route=\/wp\/v2\/posts\/545704","targetHints":{"allow":["GET"]}}],"collection":[{"href":"https:\/\/diariodominicano.com\/index.php?rest_route=\/wp\/v2\/posts"}],"about":[{"href":"https:\/\/diariodominicano.com\/index.php?rest_route=\/wp\/v2\/types\/post"}],"author":[{"embeddable":true,"href":"https:\/\/diariodominicano.com\/index.php?rest_route=\/wp\/v2\/users\/7"}],"replies":[{"embeddable":true,"href":"https:\/\/diariodominicano.com\/index.php?rest_route=%2Fwp%2Fv2%2Fcomments&post=545704"}],"version-history":[{"count":1,"href":"https:\/\/diariodominicano.com\/index.php?rest_route=\/wp\/v2\/posts\/545704\/revisions"}],"predecessor-version":[{"id":545733,"href":"https:\/\/diariodominicano.com\/index.php?rest_route=\/wp\/v2\/posts\/545704\/revisions\/545733"}],"wp:featuredmedia":[{"embeddable":true,"href":"https:\/\/diariodominicano.com\/index.php?rest_route=\/wp\/v2\/media\/545730"}],"wp:attachment":[{"href":"https:\/\/diariodominicano.com\/index.php?rest_route=%2Fwp%2Fv2%2Fmedia&parent=545704"}],"wp:term":[{"taxonomy":"category","embeddable":true,"href":"https:\/\/diariodominicano.com\/index.php?rest_route=%2Fwp%2Fv2%2Fcategories&post=545704"},{"taxonomy":"post_tag","embeddable":true,"href":"https:\/\/diariodominicano.com\/index.php?rest_route=%2Fwp%2Fv2%2Ftags&post=545704"}],"curies":[{"name":"wp","href":"https:\/\/api.w.org\/{rel}","templated":true}]}}