{"id":545699,"date":"2024-07-17T17:36:10","date_gmt":"2024-07-17T21:36:10","guid":{"rendered":"https:\/\/diariodominicano.com\/?p=545699"},"modified":"2024-07-17T17:36:12","modified_gmt":"2024-07-17T21:36:12","slug":"fiscal-santiago-recibira-comision-gremios-comunicacion-para-caso-muerte-cespedes-vega","status":"publish","type":"post","link":"https:\/\/diariodominicano.com\/?p=545699","title":{"rendered":"Fiscal Santiago recibir\u00e1 comisi\u00f3n gremios comunicaci\u00f3n para caso muerte C\u00e9spedes Vega"},"content":{"rendered":"\n<p>Santiago de los Caballeros.- El fiscal general del Distrito Judicial de Santiago, Osvaldo Bonilla, recibir\u00e1 este jueves 18 a las 11:00 de la ma\u00f1ana, a una comisi\u00f3n de los gremios de la comunicaci\u00f3n de esta ciudad, para abordar la continuaci\u00f3n de las investigaciones en torno a la muerte de Luis Norberto C\u00e9spedes Vega, hijo del ex vicepresidente del Colegio Dominicano de Periodistas (CDP), Luis C\u00e9spedes Pe\u00f1a, cuyas pesquisas fueron suspendidas por la Fiscal\u00eda de Tamboril.<\/p>\n\n\n\n<p>C\u00e9spedes Vega fue atropellado, muriendo posteriormente, por un cami\u00f3n mezclador de concreto que se presume pertenece a la empresa Hormigones Romano, el 2 de noviembre del 2022, sin que a la fecha se haya interrogado a los siete conductores de igual n\u00fameros de trombos que tiene la empresa en referencia.<\/p>\n\n\n\n<p>Los camiones son similares al que atropell\u00f3 a C\u00e9spedes Vega, tienen el mismo logo de la citada empresa y el presidente de la compa\u00f1\u00eda, ingeniero civil Luis A. Romano, admiti\u00f3, durante un interrogatorio en la Fiscal\u00eda de Tamboril, que el cami\u00f3n que se observa en la fotograf\u00eda es similar a los siete que tiene su empresa, aunque \u00e9l no tiene conocimiento de qui\u00e9n era el conductor.<\/p>\n\n\n\n<p>Declar\u00f3 estar dispuesto a cooperar con las investigaciones. En la reuni\u00f3n participar\u00e1n representantes del CDP, la Fundaci\u00f3n Periodismo en Reflexi\u00f3n (FUNPER), el Sindicato Nacional de Trabajadores de la Prensa (SNTP), Asociaci\u00f3n de Locutores de Santiago (ALS), Asociaci\u00f3n de Cronistas Deportivos de Santiago (ACDS) y otras entidades.<\/p>\n\n\n\n<p>Esos gremios est\u00e1n dirigidos por Juan Carlos Bison\u00f3, Perfecto Mart\u00ednez, Jos\u00e9 Batista, \u00c1gueda Alejo y Am\u00e9rico Cabrera.<\/p>\n\n\n\n<p>Juntos a ellos figuran en una comisi\u00f3n de seguimiento, Adriano De la Rosa, ex secretario general del CDP y dirigente de la FUNPER, Carlos Arroyo Ramos, tambi\u00e9n ex secretario general de la misma entidad, Germania De Luna, ex secretaria del SNPP, Israel Pueblo, Jos\u00e9 Armando Toribio, directivo del CDP, Narciso P\u00e9rez, Epifanio Rodr\u00edguez, Juana Cabrera y otros miembros y directivos de esos gremios.<\/p>\n\n\n\n<p>El hecho ocurri\u00f3 en que muri\u00f3 C\u00e9spedes Vega, ocurri\u00f3 dentro de Repuestos Nacho, ubicado en la Avenida Senador Jos\u00e9 Rafael Abinader, en la llamada Zona Rebelde, de Tamboril.<\/p>\n\n\n\n<p>Otros dos choferes, de la misma empresa Hormigones Romano, pero no de los sospechosos, informaron a la Fiscal\u00eda de Tamboril, que \u201cellos no pertenecen al departamento de los camiones Trombo, pero s\u00ed la fotograf\u00eda captada por una c\u00e1mara de seguridad, es similar a los de la empresa Hormigones Romano\u201d.<\/p>\n\n\n\n<p>Los comisionados volver\u00e1n a solicitarle al fiscal Osvaldo Bonilla, que asuma directamente las investigaciones, pero si no es posible, que designe a uno de los magistrados que est\u00e1n bajo su direcci\u00f3n. El fiscal tiene el apoyo de los gremios para las investigaciones.<\/p>\n\n\n\n<p>Luis C\u00e9spedes Pe\u00f1a <a href=\"mailto:luiscespedesp49@gmail.com\" target=\"_blank\" rel=\"noreferrer noopener\">luiscespedesp49@gmail.com<\/a> <\/p>\n","protected":false},"excerpt":{"rendered":"<p>Santiago de los Caballeros.- El fiscal general del Distrito Judicial de Santiago, Osvaldo Bonilla, recibir\u00e1 este jueves 18 a las 11:00 de la ma\u00f1ana, a una comisi\u00f3n de los gremios de la comunicaci\u00f3n de esta ciudad, para abordar la continuaci\u00f3n de las investigaciones en torno a la muerte de Luis Norberto C\u00e9spedes Vega, hijo del [&hellip;]<\/p>\n","protected":false},"author":7,"featured_media":545715,"comment_status":"closed","ping_status":"closed","sticky":false,"template":"","format":"standard","meta":{"footnotes":""},"categories":[24],"tags":[],"class_list":["post-545699","post","type-post","status-publish","format-standard","has-post-thumbnail","hentry","category-justicia-y-derecho"],"_links":{"self":[{"href":"https:\/\/diariodominicano.com\/index.php?rest_route=\/wp\/v2\/posts\/545699","targetHints":{"allow":["GET"]}}],"collection":[{"href":"https:\/\/diariodominicano.com\/index.php?rest_route=\/wp\/v2\/posts"}],"about":[{"href":"https:\/\/diariodominicano.com\/index.php?rest_route=\/wp\/v2\/types\/post"}],"author":[{"embeddable":true,"href":"https:\/\/diariodominicano.com\/index.php?rest_route=\/wp\/v2\/users\/7"}],"replies":[{"embeddable":true,"href":"https:\/\/diariodominicano.com\/index.php?rest_route=%2Fwp%2Fv2%2Fcomments&post=545699"}],"version-history":[{"count":1,"href":"https:\/\/diariodominicano.com\/index.php?rest_route=\/wp\/v2\/posts\/545699\/revisions"}],"predecessor-version":[{"id":545717,"href":"https:\/\/diariodominicano.com\/index.php?rest_route=\/wp\/v2\/posts\/545699\/revisions\/545717"}],"wp:featuredmedia":[{"embeddable":true,"href":"https:\/\/diariodominicano.com\/index.php?rest_route=\/wp\/v2\/media\/545715"}],"wp:attachment":[{"href":"https:\/\/diariodominicano.com\/index.php?rest_route=%2Fwp%2Fv2%2Fmedia&parent=545699"}],"wp:term":[{"taxonomy":"category","embeddable":true,"href":"https:\/\/diariodominicano.com\/index.php?rest_route=%2Fwp%2Fv2%2Fcategories&post=545699"},{"taxonomy":"post_tag","embeddable":true,"href":"https:\/\/diariodominicano.com\/index.php?rest_route=%2Fwp%2Fv2%2Ftags&post=545699"}],"curies":[{"name":"wp","href":"https:\/\/api.w.org\/{rel}","templated":true}]}}