{"id":545642,"date":"2024-07-17T00:41:36","date_gmt":"2024-07-17T04:41:36","guid":{"rendered":"https:\/\/diariodominicano.com\/?p=545642"},"modified":"2024-07-17T00:41:41","modified_gmt":"2024-07-17T04:41:41","slug":"resumen-gobierno-cubano-ratifica-voluntad-de-ordenar-la-economia","status":"publish","type":"post","link":"https:\/\/diariodominicano.com\/?p=545642","title":{"rendered":"RESUMEN: Gobierno cubano ratifica voluntad de ordenar la econom\u00eda"},"content":{"rendered":"\n<p><em>spanish.news.cn<\/em>|<em>&nbsp;2024-07-17 09:06:00<\/em>|<\/p>\n\n\n\n<p>LA HABANA, 16 jul (Xinhua) &#8212; El Gobierno cubano ratific\u00f3 hoy que mantiene su plan para ordenar la econom\u00eda nacional, que al cierre del pasado a\u00f1o registr\u00f3 una contracci\u00f3n del 1,9 por ciento del Producto Interno Bruto (PIB).<\/p>\n\n\n\n<p>\u00abLo que estamos planteando es un ordenamiento para que haya la mayor cantidad de ofertas de bienes y servicios a adecuados precios para la poblaci\u00f3n, y que todo el mundo aporte todo lo que tiene que aportar\u00bb, afirm\u00f3 el presidente cubano, Miguel D\u00edaz-Canel, quien descart\u00f3 una \u00abcacer\u00eda de brujas\u00bb contra el sector privado.<\/p>\n\n\n\n<p>El mandatario intervino en una reuni\u00f3n de la Comisi\u00f3n de Asuntos Econ\u00f3micos de la Asamblea Nacional (Parlamento unicameral) previa al inicio, el mi\u00e9rcoles, de las sesiones plenarias del cuerpo legislativo.<\/p>\n\n\n\n<p>D\u00edaz-Canel se\u00f1al\u00f3 la urgencia de adoptar medidas y estrategias diferentes para acabar con tendencias que lastran las oportunidades de desarrollo del pa\u00eds.<\/p>\n\n\n\n<p>El presidente llam\u00f3 a las autoridades estatales a evaluar con precisi\u00f3n y sin dilaci\u00f3n los contextos en los cuales \u00ablas distorsiones econ\u00f3micas y tendencias negativas proliferan como la mala hierba\u00bb.<\/p>\n\n\n\n<p>Enumer\u00f3 una serie de graves problemas presentes en el pa\u00eds, como el d\u00e9ficit presupuestario, pr\u00e1cticas de evasi\u00f3n fiscal, incorrectas relaciones entre los sectores estatal y no estatal, corrupci\u00f3n, tr\u00e1fico de influencias, inflaci\u00f3n e incremento del delito.<\/p>\n\n\n\n<p>\u00abTenemos que reconocer que ha existido mucho descontrol y ha existido contemplaci\u00f3n, y por eso se nos han acumulado estos problemas\u00bb, agreg\u00f3.<\/p>\n\n\n\n<p>Pidi\u00f3 avanzar en el combate \u00abcontra esas y todas las ilegalidades, si queremos tener resultados en consonancia con la sociedad que construimos\u00bb, reconociendo al mismo tiempo la responsabilidad de las autoridades en la expansi\u00f3n de las vulneraciones a las normas vigentes en Cuba.<\/p>\n\n\n\n<p>\u00abTanto el sector estatal como el no estatal tienen responsabilidades. Los dos tienen que trabajar en la legalidad y aportar con impuestos o tributos. Donde ha existido una desviaci\u00f3n en una forma de gesti\u00f3n no estatal, detr\u00e1s hay una entidad estatal que tiene relaci\u00f3n\u00bb, se\u00f1al\u00f3 D\u00edaz-Canel.<\/p>\n\n\n\n<p>\u00abLa soluci\u00f3n no es cerrar establecimientos all\u00ed donde haya desviaciones, sino poner orden y que exista un servicio con precios adecuados para la poblaci\u00f3n\u00bb, advirti\u00f3 el mandatario.<\/p>\n\n\n\n<p>Destac\u00f3 como un problema objetivo la baja disponibilidad de divisas, que atenta contra la existencia de un mercado mayorista, tanto para el Estado como para el sector no estatal.<\/p>\n\n\n\n<p>\u00abPr\u00e1cticamente, las divisas que hoy entran al pa\u00eds las empleamos para adquirir alimentos, combustibles para la electricidad y algunos insumos para producir medicamentos\u00bb, se\u00f1al\u00f3.<\/p>\n\n\n\n<p>Tambi\u00e9n coloc\u00f3 entre los problemas subjetivos \u00abla manera irresponsable con que un grupo de instituciones del Estado no cumplieron lo que deb\u00edan hacer para atender todo eso\u00bb.<\/p>\n\n\n\n<p>D\u00edaz-Canel asegur\u00f3 que una prioridad del Gobierno es la estabilizaci\u00f3n macroecon\u00f3mica, programa que ser\u00e1 presentado ma\u00f1ana mi\u00e9rcoles al Parlamento por el primer ministro cubano, Manuel Marrero.<\/p>\n\n\n\n<p>Cuba sufre una profunda crisis econ\u00f3mica por el desabastecimiento de alimentos, combustibles y medicamentos, situaci\u00f3n que el Gobierno trata de revertir con un plan de medidas \u00abpara corregir distorsiones y reimpulsar la econom\u00eda\u00bb.&nbsp;<\/p>\n\n\n\n<p><a href=\"https:\/\/www.facebook.com\/sharer\/sharer.php?u=https:\/\/spanish.xinhuanet.com\/20240717\/f8f3a76cb11445ff9dac256cb18a2ff9\/c.html\" target=\"_blank\" rel=\"noreferrer noopener\"><\/a>&nbsp;<a href=\"https:\/\/twitter.com\/intent\/tweet?text=RESUMEN:%20Gobierno%20cubano%20ratifica%20voluntad%20de%20ordenar%20la%20econom%C3%ADa&amp;url=https:\/\/spanish.xinhuanet.com\/20240717\/f8f3a76cb11445ff9dac256cb18a2ff9\/c.html\" target=\"_blank\" rel=\"noreferrer noopener\"><\/a>&nbsp;<a target=\"_blank\" href=\"https:\/\/service.weibo.com\/share\/share.php?title=RESUMEN:%20Gobierno%20cubano%20ratifica%20voluntad%20de%20ordenar%20la%20econom%C3%ADa&amp;url=https:\/\/spanish.xinhuanet.com\/20240717\/f8f3a76cb11445ff9dac256cb18a2ff9\/c.html\" rel=\"noreferrer noopener\"><\/a>&nbsp;<a><\/a><\/p>\n\n\n\n<figure class=\"wp-block-image\"><img decoding=\"async\" src=\"https:\/\/imgs.news.cn\/res\/xhwimg\/spanish\/20170522\/img\/jc-xfa.png\" alt=\"\"\/><\/figure>\n\n\n\n<figure class=\"wp-block-table\"><table><tbody><tr><td><\/td><\/tr><\/tbody><\/table><\/figure>\n\n\n","protected":false},"excerpt":{"rendered":"<p>spanish.news.cn|&nbsp;2024-07-17 09:06:00| LA HABANA, 16 jul (Xinhua) &#8212; El Gobierno cubano ratific\u00f3 hoy que mantiene su plan para ordenar la econom\u00eda nacional, que al cierre del pasado a\u00f1o registr\u00f3 una contracci\u00f3n del 1,9 por ciento del Producto Interno Bruto (PIB). \u00abLo que estamos planteando es un ordenamiento para que haya la mayor cantidad de ofertas [&hellip;]<\/p>\n","protected":false},"author":2,"featured_media":432936,"comment_status":"closed","ping_status":"closed","sticky":false,"template":"","format":"standard","meta":{"footnotes":""},"categories":[18,23],"tags":[],"class_list":["post-545642","post","type-post","status-publish","format-standard","has-post-thumbnail","hentry","category-economia","category-internacional"],"_links":{"self":[{"href":"https:\/\/diariodominicano.com\/index.php?rest_route=\/wp\/v2\/posts\/545642","targetHints":{"allow":["GET"]}}],"collection":[{"href":"https:\/\/diariodominicano.com\/index.php?rest_route=\/wp\/v2\/posts"}],"about":[{"href":"https:\/\/diariodominicano.com\/index.php?rest_route=\/wp\/v2\/types\/post"}],"author":[{"embeddable":true,"href":"https:\/\/diariodominicano.com\/index.php?rest_route=\/wp\/v2\/users\/2"}],"replies":[{"embeddable":true,"href":"https:\/\/diariodominicano.com\/index.php?rest_route=%2Fwp%2Fv2%2Fcomments&post=545642"}],"version-history":[{"count":1,"href":"https:\/\/diariodominicano.com\/index.php?rest_route=\/wp\/v2\/posts\/545642\/revisions"}],"predecessor-version":[{"id":545643,"href":"https:\/\/diariodominicano.com\/index.php?rest_route=\/wp\/v2\/posts\/545642\/revisions\/545643"}],"wp:featuredmedia":[{"embeddable":true,"href":"https:\/\/diariodominicano.com\/index.php?rest_route=\/wp\/v2\/media\/432936"}],"wp:attachment":[{"href":"https:\/\/diariodominicano.com\/index.php?rest_route=%2Fwp%2Fv2%2Fmedia&parent=545642"}],"wp:term":[{"taxonomy":"category","embeddable":true,"href":"https:\/\/diariodominicano.com\/index.php?rest_route=%2Fwp%2Fv2%2Fcategories&post=545642"},{"taxonomy":"post_tag","embeddable":true,"href":"https:\/\/diariodominicano.com\/index.php?rest_route=%2Fwp%2Fv2%2Ftags&post=545642"}],"curies":[{"name":"wp","href":"https:\/\/api.w.org\/{rel}","templated":true}]}}