{"id":545626,"date":"2024-07-17T00:22:00","date_gmt":"2024-07-17T04:22:00","guid":{"rendered":"https:\/\/diariodominicano.com\/?p=545626"},"modified":"2024-07-17T00:22:04","modified_gmt":"2024-07-17T04:22:04","slug":"senasa-acerca-servicios-a-sus-afiliados-con-la-inauguracion-de-dos-oficinas-simultaneamente","status":"publish","type":"post","link":"https:\/\/diariodominicano.com\/?p=545626","title":{"rendered":"SeNaSa acerca servicios a sus afiliados con la inauguraci\u00f3n de dos oficinas simult\u00e1neamente"},"content":{"rendered":"\n<p>El acto de corte de cinta en Jarabacoa.<\/p>\n\n\n\n<p><strong>Santo Domingo, RD. &#8211;<\/strong>\u00a0El Seguro Nacional de Salud (SeNaSa) dej\u00f3 formalmente inauguradas, de manera simult\u00e1nea, dos oficinas sat\u00e9lites ubicadas en Jarabacoa y en Azua, con la finalidad de acercar los servicios a los mun\u00edcipes de esas demarcaciones.<\/p>\n\n\n\n<figure class=\"wp-block-image size-large\"><img loading=\"lazy\" decoding=\"async\" width=\"1024\" height=\"682\" src=\"https:\/\/diariodominicano.com\/wp-content\/uploads\/2024\/07\/Doctor-Santiago-Hazim-director-ejecutivo-de-SeNaSa-1024x682.jpg\" alt=\"\" class=\"wp-image-545628\" srcset=\"https:\/\/diariodominicano.com\/wp-content\/uploads\/2024\/07\/Doctor-Santiago-Hazim-director-ejecutivo-de-SeNaSa-1024x682.jpg 1024w, https:\/\/diariodominicano.com\/wp-content\/uploads\/2024\/07\/Doctor-Santiago-Hazim-director-ejecutivo-de-SeNaSa-300x200.jpg 300w, https:\/\/diariodominicano.com\/wp-content\/uploads\/2024\/07\/Doctor-Santiago-Hazim-director-ejecutivo-de-SeNaSa-768x511.jpg 768w, https:\/\/diariodominicano.com\/wp-content\/uploads\/2024\/07\/Doctor-Santiago-Hazim-director-ejecutivo-de-SeNaSa-816x543.jpg 816w, https:\/\/diariodominicano.com\/wp-content\/uploads\/2024\/07\/Doctor-Santiago-Hazim-director-ejecutivo-de-SeNaSa.jpg 1280w\" sizes=\"auto, (max-width: 1024px) 100vw, 1024px\" \/><\/figure>\n\n\n\n<p><strong>Doctor Santiago Hazim<\/strong><\/p>\n\n\n\n<p>\u201cTanto la oficina de Jarabacoa como la de Azua, tiene como meta principal es continuar dando respuestas a sus necesidades, sin tener que trasladarse a otro lugar y que puedan realizar cualquier tr\u00e1mite de manera m\u00e1s f\u00e1cil, ahorr\u00e1ndoles tiempo y dinero\u201d, dijo el director ejecutivo de SeNaSa doctor Santiago Hazim.<\/p>\n\n\n\n<p>Preciso, previ\u00f3 a cortar la cinta en la inauguraci\u00f3n simult\u00e1nea realizada desde la provincia de Jarabacoa, que \u201cel presidente Luis Abinader sigue cumpliendo con el compromiso de llevar la salud a cada rinc\u00f3n al territorio nacional\u201d, y que \u201cdesde SeNaSa nos sentimos honrados de ser part\u00edcipes del cumplimiento de esa promesa, porque la salud es un derecho de todos, sin importar el nivel social\u201d.<\/p>\n\n\n\n<p>El funcionario explic\u00f3 que la apertura de estas oficinas permitir\u00e1 ofrecer a los afiliados procesos que van desde gesti\u00f3n de traspasos, casos de salud, impresi\u00f3n de carnet, planes complementarios, ampliaci\u00f3n de n\u00facleo familiar, inclusi\u00f3n de dependientes (directos y adicional) y \u201cen caso de que por la v\u00eda digital no pueda completar sus requerimientos ahora tiene a SeNaSa m\u00e1s cerca y sin la necesidad de hacer un viaje hacia la capital\u201d.<\/p>\n\n\n\n<p>\u201cSolo en el municipio de Jarabacoa, provincia La Vega, estaremos impactando a m\u00e1s de 25 mil afiliados que tenemos en este municipio y sus distritos municipales de Manabao y Buena Vista. As\u00ed como, las comunidades que pertenecen al municipio de Constanza que est\u00e1n m\u00e1s pr\u00f3ximo a Jarabacoa, como es el caso de Tireo Abajo y sus zonas rurales\u201d. \u201cLos mismos, cuentan con m\u00e1s de 500 prestadores de salud en la provincia, lo que significa que no hay un solo rinc\u00f3n donde no tengan acceso a los servicios de dichos prestadores\u201d, especific\u00f3 el doctor Hazim.<\/p>\n\n\n\n<p>Recalc\u00f3 que al d\u00eda de hoy SeNaSa tiene a m\u00e1s de 7.4 millones de afiliados a nivel nacional, los cuales cuentan con m\u00e1s de 10 mil prestadores de salud, logrando una haza\u00f1a jam\u00e1s pensada, y mejorando de esta manera el sistema de salud dominicano.<\/p>\n\n\n\n<p>Prensa ARS SeNaSa<\/p>\n\n\n\n<p><a target=\"_blank\" href=\"mailto:prensa@arssenasa.gob.do\" rel=\"noreferrer noopener\">prensa@arssenasa.gob.do<\/a><\/p>\n","protected":false},"excerpt":{"rendered":"<p>El acto de corte de cinta en Jarabacoa. Santo Domingo, RD. &#8211;\u00a0El Seguro Nacional de Salud (SeNaSa) dej\u00f3 formalmente inauguradas, de manera simult\u00e1nea, dos oficinas sat\u00e9lites ubicadas en Jarabacoa y en Azua, con la finalidad de acercar los servicios a los mun\u00edcipes de esas demarcaciones. Doctor Santiago Hazim \u201cTanto la oficina de Jarabacoa como la [&hellip;]<\/p>\n","protected":false},"author":2,"featured_media":545627,"comment_status":"closed","ping_status":"closed","sticky":false,"template":"","format":"standard","meta":{"footnotes":""},"categories":[20,25],"tags":[],"class_list":["post-545626","post","type-post","status-publish","format-standard","has-post-thumbnail","hentry","category-dominicana-hoy","category-gente"],"_links":{"self":[{"href":"https:\/\/diariodominicano.com\/index.php?rest_route=\/wp\/v2\/posts\/545626","targetHints":{"allow":["GET"]}}],"collection":[{"href":"https:\/\/diariodominicano.com\/index.php?rest_route=\/wp\/v2\/posts"}],"about":[{"href":"https:\/\/diariodominicano.com\/index.php?rest_route=\/wp\/v2\/types\/post"}],"author":[{"embeddable":true,"href":"https:\/\/diariodominicano.com\/index.php?rest_route=\/wp\/v2\/users\/2"}],"replies":[{"embeddable":true,"href":"https:\/\/diariodominicano.com\/index.php?rest_route=%2Fwp%2Fv2%2Fcomments&post=545626"}],"version-history":[{"count":1,"href":"https:\/\/diariodominicano.com\/index.php?rest_route=\/wp\/v2\/posts\/545626\/revisions"}],"predecessor-version":[{"id":545629,"href":"https:\/\/diariodominicano.com\/index.php?rest_route=\/wp\/v2\/posts\/545626\/revisions\/545629"}],"wp:featuredmedia":[{"embeddable":true,"href":"https:\/\/diariodominicano.com\/index.php?rest_route=\/wp\/v2\/media\/545627"}],"wp:attachment":[{"href":"https:\/\/diariodominicano.com\/index.php?rest_route=%2Fwp%2Fv2%2Fmedia&parent=545626"}],"wp:term":[{"taxonomy":"category","embeddable":true,"href":"https:\/\/diariodominicano.com\/index.php?rest_route=%2Fwp%2Fv2%2Fcategories&post=545626"},{"taxonomy":"post_tag","embeddable":true,"href":"https:\/\/diariodominicano.com\/index.php?rest_route=%2Fwp%2Fv2%2Ftags&post=545626"}],"curies":[{"name":"wp","href":"https:\/\/api.w.org\/{rel}","templated":true}]}}