{"id":545572,"date":"2024-07-16T22:23:23","date_gmt":"2024-07-17T02:23:23","guid":{"rendered":"https:\/\/diariodominicano.com\/?p=545572"},"modified":"2024-07-17T00:44:27","modified_gmt":"2024-07-17T04:44:27","slug":"llegan-200-policias-kenianos-mas-a-haiti-para-combatir-a-pandillas-criminales","status":"publish","type":"post","link":"https:\/\/diariodominicano.com\/?p=545572","title":{"rendered":"Llegan 200 polic\u00edas kenianos m\u00e1s a Hait\u00ed para combatir a pandillas criminales"},"content":{"rendered":"\n<p>Varias personas pasan frente a un veh\u00edculo blindado de la polic\u00eda que patrulla las calles de Puerto Pr\u00edncipe, Hait\u00ed, el lunes 15 de julio de 2024.<\/p>\n\n\n\n<p>julio 16, 2024<\/p>\n\n\n\n<ul class=\"wp-block-list\">\n<li><a href=\"https:\/\/www.vozdeamerica.com\/author\/associated-press\/v_kyr\">Associated Press<\/a><\/li>\n<\/ul>\n\n\n\n<ul class=\"wp-block-list\">\n<li><a href=\"https:\/\/facebook.com\/sharer.php?u=https%3a%2f%2fwww.vozdeamerica.com%2fa%2fllegan-200-policias-kenianos-hait%25c3%25ad-combatir-pandillas-criminales-%2f7700675.html\" target=\"_blank\" rel=\"noreferrer noopener\"><\/a><\/li>\n\n\n\n<li><a href=\"mailto:?body=https%3a%2f%2fwww.vozdeamerica.com%2fa%2fllegan-200-policias-kenianos-hait%25c3%25ad-combatir-pandillas-criminales-%2f7700675.html&amp;subject=Llegan%20200%20polic%C3%ADas%20kenianos%20m%C3%A1s%20a%20Hait%C3%AD%20para%20combatir%20a%20pandillas%20criminales\"><\/a><\/li>\n<\/ul>\n\n\n\n<p><a href=\"https:\/\/www.vozdeamerica.com\/a\/llegan-200-policias-kenianos-hait%C3%AD-combatir-pandillas-criminales-\/7700675.html#comments\">&nbsp;Vea comentarios<\/a><\/p>\n\n\n\n<p>Otros 200 polic\u00edas procedentes de Kenia llegaron a Hait\u00ed para reforzar el contingente internacional, bajo auspicio de la ONU, que intenta devolver la seguridad a la isla caribe\u00f1a, bajo el azote de la violencia de las pandillas.<\/p>\n\n\n\n<p>PUERTO PR\u00cdNCIPE \u2014&nbsp;<\/p>\n\n\n\n<p>Un segundo contingente de 200 polic\u00edas de Kenia lleg\u00f3 el martes a Hait\u00ed para reforzar una&nbsp;<strong><em><a href=\"https:\/\/www.vozdeamerica.com\/a\/onu-bienvenida-fuerza-internacional-hait%C3%AD-\/7205728.html\" target=\"_blank\" rel=\"noreferrer noopener\">misi\u00f3n respaldada por la ONU<\/a><\/em><\/strong>&nbsp;y encabezada por el pa\u00eds del este de \u00c1frica para combatir a las violentas pandillas en la convulsa naci\u00f3n caribe\u00f1a.<\/p>\n\n\n\n<p>Los polic\u00edas llegaron casi un mes despu\u00e9s de que el primer contingente de 200 elementos aterriz\u00f3 en Puerto Pr\u00edncipe, la capital, donde las pandillas controlan al menos el 80 % del territorio.<\/p>\n\n\n\n<p>La semana pasada, el Consejo de Seguridad de la ONU conden\u00f3 en duros t\u00e9rminos los \u201cniveles extremos de violencia armada\u201d en Hait\u00ed que est\u00e1n minando la paz, estabilidad y seguridad en el pa\u00eds y la regi\u00f3n.<\/p>\n\n\n\n<p>Las autoridades no han dado detalles sobre las tareas de los kenianos, mencionando preocupaciones de seguridad, aunque periodistas de AP los han visto patrullando \u00e1reas cercanas al aeropuerto internacional, que volvi\u00f3 a abrir a finales de mayo despu\u00e9s de que la violencia de las pandillas oblig\u00f3 a cerrarlo por casi tres meses.<\/p>\n\n\n\n<p>Se espera que en las pr\u00f3ximas semanas lleguen m\u00e1s kenianos, a los cuales se unir\u00e1n polic\u00edas y soldados de Bahamas, Bangladesh, Barbados, Ben\u00edn, Chad y Jamaica, para integrar total de 2.500 elementos. Ser\u00e1n desplegados en fases, con un costo de alrededor de 600 millones de d\u00f3lares al a\u00f1o, seg\u00fan el Consejo de Seguridad de la ONU.<\/p>\n\n\n\n<p><a href=\"https:\/\/www.vozdeamerica.com\/a\/haiti-primer-contingente-kenia-mision-onu\/7669507.html\"><\/a><\/p>\n\n\n\n<p><a href=\"https:\/\/www.vozdeamerica.com\/a\/haiti-primer-contingente-kenia-mision-onu\/7669507.html\">TAMBI\u00c9N LEA<\/a><\/p>\n\n\n\n<h4 class=\"wp-block-heading\"><a href=\"https:\/\/www.vozdeamerica.com\/a\/haiti-primer-contingente-kenia-mision-onu\/7669507.html\">Llega a Hait\u00ed primer contingente de polic\u00edas kenianos apoyado por la ONU para combatir violencia<\/a><\/h4>\n\n\n\n<p>Aunque algunos haitianos han recibido con benepl\u00e1cito la llegada de los kenianos, otros se muestran cautelosos.<\/p>\n\n\n\n<p>\u201cEl temor de los haitianos es que esta misi\u00f3n, como ha ocurrido en el pasado\u2026 solo logre una reducci\u00f3n temporal de la violencia\u201d, dijo Diego Da Rin, del International Crisis Group, que estuvo recientemente en Hait\u00ed.<\/p>\n\n\n\n<p>Durante a\u00f1os, la polic\u00eda de Kenia ha enfrentado acusaciones de abusos en su pa\u00eds, que incluyen ejecuciones extrajudiciales.<\/p>\n\n\n\n<p>Adem\u00e1s, una intervenci\u00f3n anterior, la misi\u00f3n de pacificaci\u00f3n de la ONU (2004-2017) se vio manchada por acusaciones de violencia sexual y la introducci\u00f3n del c\u00f3lera, que provoc\u00f3 la muerte de casi 10.000 personas.<\/p>\n\n\n\n<p>Jean-Marc Etienne, de 49 a\u00f1os, que hace un a\u00f1o perdi\u00f3 su vivienda debido a la violencia de las pandillas, dijo que no ha visto patrullar a los kenianos desde la llegada del primer contingente en junio.<\/p>\n\n\n\n<p><a href=\"https:\/\/www.vozdeamerica.com\/a\/matan-misioneros-haiti\/7625889.html\"><\/a><\/p>\n\n\n\n<p><a href=\"https:\/\/www.vozdeamerica.com\/a\/matan-misioneros-haiti\/7625889.html\">TAMBI\u00c9N LEA<\/a><\/p>\n\n\n\n<h4 class=\"wp-block-heading\"><a href=\"https:\/\/www.vozdeamerica.com\/a\/matan-misioneros-haiti\/7625889.html\">Asesinan en Hait\u00ed a 3 misioneros cristianos estadounidenses<\/a><\/h4>\n\n\n\n<p>\u201cLa seguridad no ha mejorado\u201d, dijo, mientras empujaba una carretilla llena de ca\u00f1a de az\u00facar cruda frente a un polvoriento camino cerca del aeropuerto. \u201cY para colmo, los secuestros han vuelto a empezar\u201d.<\/p>\n\n\n\n<p>\u00c9l y su familia han vivido en el patio de un amigo debajo de una lona, expuestos al sofocante calor y a las fuertes lluvias mientras buscan un refugio m\u00e1s seguro.<\/p>\n\n\n\n<p>La misi\u00f3n encabezada por los kenianos tiene como objetivo reforzar a la Polic\u00eda Nacional de Hait\u00ed, que no cuenta con suficientes elementos ni financiaci\u00f3n, y que \u00fanicamente tiene unos 10.000 polic\u00edas activos a la vez, en un pa\u00eds de m\u00e1s de 11 millones de habitantes.<\/p>\n\n\n\n<p>Otro objetivo de la misi\u00f3n es acabar con las pandillas, que fueron acusadas de matar a m\u00e1s de 4.450 personas el a\u00f1o pasado y herir a otras 1.668, de acuerdo con la ONU, m\u00e1s del doble en comparaci\u00f3n con el a\u00f1o anterior.<\/p>\n\n\n\n<p>Asimismo, m\u00e1s de 1.500 personas fueron asesinadas o lesionadas en los tres primeros meses de este a\u00f1o.<\/p>\n\n\n\n<p><a href=\"https:\/\/www.vozdeamerica.com\/a\/la-escasez-de-alimentos-hace-mella-en-haiti\/7609718.html\"><\/a><\/p>\n\n\n\n<p><a href=\"https:\/\/www.vozdeamerica.com\/a\/la-escasez-de-alimentos-hace-mella-en-haiti\/7609718.html\">TAMBI\u00c9N LEA<\/a><\/p>\n\n\n\n<h4 class=\"wp-block-heading\"><a href=\"https:\/\/www.vozdeamerica.com\/a\/la-escasez-de-alimentos-hace-mella-en-haiti\/7609718.html\">La escasez de alimentos hace mella en Hait\u00ed<\/a><\/h4>\n\n\n\n<p>En a\u00f1os recientes, las pandillas tambi\u00e9n han dejado sin hogar a m\u00e1s de medio mill\u00f3n de haitianos, y el nivel de violencia ha dejado a cerca de 1,6 millones de personas en riesgo de hambruna, de acuerdo con la Oficina de Naciones Unidas para la Coordinaci\u00f3n de Asuntos Humanitarios.<\/p>\n\n\n\n<p>La violencia empeor\u00f3 a principios de este a\u00f1o, cuando las pandillas lanzaron ataques coordinados a finales de febrero. Abrieron fuego contra el principal aeropuerto internacional, irrumpieron en m\u00e1s de dos docenas de estaciones de polic\u00eda y tomaron por asalto las dos mayores prisiones de Hait\u00ed, liberando a m\u00e1s de 4.000 reos.<\/p>\n\n\n\n<p>Al final, los ataques produjeron la renuncia del ex primer ministro, Ariel Henry, que hab\u00eda solicitado urgentemente el despliegue de fuerzas extranjeras en octubre de 2022.<\/p>\n\n\n\n<p>Su renuncia, a finales de abril, fue seguida por el nombramiento de un consejo presidencial de transici\u00f3n y de un nuevo primer ministro, Garry Conille.<\/p>\n\n\n\n<p>Da Rin, del International Crisis Group, advirti\u00f3 que, por s\u00ed sola, la misi\u00f3n keniana no ser\u00e1 suficiente para sofocar la violencia de las pandillas, y se\u00f1al\u00f3 que ciertos pol\u00edticos y propietarios de negocios han estado vinculados desde hace mucho tiempo con los grupos criminales.<\/p>\n\n\n\n<p>\u00abMientras los problemas de impunidad y corrupci\u00f3n no sean atendidos, toda estrategia centrada solamente en la seguridad no tendr\u00e1 mejor\u00edas duraderas\u00bb, se\u00f1al\u00f3.<\/p>\n","protected":false},"excerpt":{"rendered":"<p>Varias personas pasan frente a un veh\u00edculo blindado de la polic\u00eda que patrulla las calles de Puerto Pr\u00edncipe, Hait\u00ed, el lunes 15 de julio de 2024. julio 16, 2024 &nbsp;Vea comentarios Otros 200 polic\u00edas procedentes de Kenia llegaron a Hait\u00ed para reforzar el contingente internacional, bajo auspicio de la ONU, que intenta devolver la seguridad [&hellip;]<\/p>\n","protected":false},"author":2,"featured_media":545573,"comment_status":"closed","ping_status":"closed","sticky":true,"template":"","format":"standard","meta":{"footnotes":""},"categories":[112,23,27],"tags":[],"class_list":["post-545572","post","type-post","status-publish","format-standard","has-post-thumbnail","hentry","category-haiti","category-internacional","category-portada"],"_links":{"self":[{"href":"https:\/\/diariodominicano.com\/index.php?rest_route=\/wp\/v2\/posts\/545572","targetHints":{"allow":["GET"]}}],"collection":[{"href":"https:\/\/diariodominicano.com\/index.php?rest_route=\/wp\/v2\/posts"}],"about":[{"href":"https:\/\/diariodominicano.com\/index.php?rest_route=\/wp\/v2\/types\/post"}],"author":[{"embeddable":true,"href":"https:\/\/diariodominicano.com\/index.php?rest_route=\/wp\/v2\/users\/2"}],"replies":[{"embeddable":true,"href":"https:\/\/diariodominicano.com\/index.php?rest_route=%2Fwp%2Fv2%2Fcomments&post=545572"}],"version-history":[{"count":1,"href":"https:\/\/diariodominicano.com\/index.php?rest_route=\/wp\/v2\/posts\/545572\/revisions"}],"predecessor-version":[{"id":545574,"href":"https:\/\/diariodominicano.com\/index.php?rest_route=\/wp\/v2\/posts\/545572\/revisions\/545574"}],"wp:featuredmedia":[{"embeddable":true,"href":"https:\/\/diariodominicano.com\/index.php?rest_route=\/wp\/v2\/media\/545573"}],"wp:attachment":[{"href":"https:\/\/diariodominicano.com\/index.php?rest_route=%2Fwp%2Fv2%2Fmedia&parent=545572"}],"wp:term":[{"taxonomy":"category","embeddable":true,"href":"https:\/\/diariodominicano.com\/index.php?rest_route=%2Fwp%2Fv2%2Fcategories&post=545572"},{"taxonomy":"post_tag","embeddable":true,"href":"https:\/\/diariodominicano.com\/index.php?rest_route=%2Fwp%2Fv2%2Ftags&post=545572"}],"curies":[{"name":"wp","href":"https:\/\/api.w.org\/{rel}","templated":true}]}}