{"id":545504,"date":"2024-07-16T19:18:21","date_gmt":"2024-07-16T23:18:21","guid":{"rendered":"https:\/\/diariodominicano.com\/?p=545504"},"modified":"2024-07-16T21:03:38","modified_gmt":"2024-07-17T01:03:38","slug":"ministerio-publico-logra-condena-de-20-anos-en-contra-de-hombre-violo-sexualmente-a-su-hijastra","status":"publish","type":"post","link":"https:\/\/diariodominicano.com\/?p=545504","title":{"rendered":"Condenan a  20 a\u00f1os de prisi\u00f3n a un hombre que  viol\u00f3 sexualmente a su hijastra"},"content":{"rendered":"\n<p><strong>PUERTO PLATA, Rep\u00fablica Dominicana. &#8211;<\/strong>\u00a0El Ministerio P\u00fablico, a trav\u00e9s de la Unidad de Atenci\u00f3n a V\u00edctimas de Violencia Intrafamiliar, G\u00e9nero y Delitos Sexuales de Puerto Plata, logr\u00f3 una sentencia condenatoria de 20 a\u00f1os de prisi\u00f3n en contra de un hombre que cometi\u00f3 incesto en perjuicio de su hijastra de 14 a\u00f1os de edad.<\/p>\n\n\n\n<p>Los argumentos presentados, tras investigaci\u00f3n realizada por las procuradoras fiscales Luisa Marmolejos y Dilsia Taveras, incluy\u00f3 pruebas contundentes que probaron los hechos del procesado ante el Tribunal Colegiado de este distrito judicial, que preside la jueza Benecia Rojas.<\/p>\n\n\n\n<p>El fiscalizador Marcos Wilkins D\u00edaz, representante del Ministerio P\u00fablico ante el tribunal, demostr\u00f3 que el hoy procesado falt\u00f3 a los art\u00edculos 332-1 y 332-2 del C\u00f3digo Penal Dominicano, adem\u00e1s de la Ley 136-03, sobre el C\u00f3digo para el Sistema de Protecci\u00f3n y de los Derechos Fundamentales de Ni\u00f1os, Ni\u00f1as y Adolescentes de la Rep\u00fablica Dominicana, los cuales tipifican y sancionan el Incesto y abuso psicol\u00f3gico contra ni\u00f1os, ni\u00f1as y adolescentes en perjuicio de su hijastra.<\/p>\n\n\n\n<p>La investigaci\u00f3n del \u00f3rgano persecutor revel\u00f3 que la ni\u00f1a fue abusada por su padrastro desde que ten\u00eda nueve a\u00f1os de edad.<\/p>\n\n\n\n<p>La condena impuesta deber\u00e1 ser cumplida en el Centro de Correcci\u00f3n y Rehabilitaci\u00f3n San Felipe.<strong><\/strong><\/p>\n\n\n\n<p><strong>Direcci\u00f3n General de Comunicaci\u00f3n, Prensa, y RRPP<\/strong><strong><\/strong><\/p>\n\n\n\n<p>Ministerio P\u00fablico.&nbsp;R.D.<\/p>\n","protected":false},"excerpt":{"rendered":"<p>PUERTO PLATA, Rep\u00fablica Dominicana. &#8211;\u00a0El Ministerio P\u00fablico, a trav\u00e9s de la Unidad de Atenci\u00f3n a V\u00edctimas de Violencia Intrafamiliar, G\u00e9nero y Delitos Sexuales de Puerto Plata, logr\u00f3 una sentencia condenatoria de 20 a\u00f1os de prisi\u00f3n en contra de un hombre que cometi\u00f3 incesto en perjuicio de su hijastra de 14 a\u00f1os de edad. Los argumentos [&hellip;]<\/p>\n","protected":false},"author":7,"featured_media":269996,"comment_status":"closed","ping_status":"closed","sticky":false,"template":"","format":"standard","meta":{"footnotes":""},"categories":[24],"tags":[],"class_list":["post-545504","post","type-post","status-publish","format-standard","has-post-thumbnail","hentry","category-justicia-y-derecho"],"_links":{"self":[{"href":"https:\/\/diariodominicano.com\/index.php?rest_route=\/wp\/v2\/posts\/545504","targetHints":{"allow":["GET"]}}],"collection":[{"href":"https:\/\/diariodominicano.com\/index.php?rest_route=\/wp\/v2\/posts"}],"about":[{"href":"https:\/\/diariodominicano.com\/index.php?rest_route=\/wp\/v2\/types\/post"}],"author":[{"embeddable":true,"href":"https:\/\/diariodominicano.com\/index.php?rest_route=\/wp\/v2\/users\/7"}],"replies":[{"embeddable":true,"href":"https:\/\/diariodominicano.com\/index.php?rest_route=%2Fwp%2Fv2%2Fcomments&post=545504"}],"version-history":[{"count":2,"href":"https:\/\/diariodominicano.com\/index.php?rest_route=\/wp\/v2\/posts\/545504\/revisions"}],"predecessor-version":[{"id":545547,"href":"https:\/\/diariodominicano.com\/index.php?rest_route=\/wp\/v2\/posts\/545504\/revisions\/545547"}],"wp:featuredmedia":[{"embeddable":true,"href":"https:\/\/diariodominicano.com\/index.php?rest_route=\/wp\/v2\/media\/269996"}],"wp:attachment":[{"href":"https:\/\/diariodominicano.com\/index.php?rest_route=%2Fwp%2Fv2%2Fmedia&parent=545504"}],"wp:term":[{"taxonomy":"category","embeddable":true,"href":"https:\/\/diariodominicano.com\/index.php?rest_route=%2Fwp%2Fv2%2Fcategories&post=545504"},{"taxonomy":"post_tag","embeddable":true,"href":"https:\/\/diariodominicano.com\/index.php?rest_route=%2Fwp%2Fv2%2Ftags&post=545504"}],"curies":[{"name":"wp","href":"https:\/\/api.w.org\/{rel}","templated":true}]}}