{"id":545491,"date":"2024-07-16T15:37:40","date_gmt":"2024-07-16T19:37:40","guid":{"rendered":"https:\/\/diariodominicano.com\/?p=545491"},"modified":"2024-07-16T15:37:47","modified_gmt":"2024-07-16T19:37:47","slug":"tribunal-de-monte-plata-condena-a-cinco-anos-a-hombre-que-violo-sexualmente-a-una-mujer","status":"publish","type":"post","link":"https:\/\/diariodominicano.com\/?p=545491","title":{"rendered":"Tribunal de Monte Plata condena a cinco a\u00f1os a hombre que viol\u00f3 sexualmente a una mujer"},"content":{"rendered":"\n<p>diariodominicano.com<\/p>\n\n\n\n<p>Monte Plata, R. D.,\u200216 de julio, 2024.-\u2002El Tribunal Colegiado de este distrito judicial conden\u00f3 a cinco a\u00f1os de prisi\u00f3n a un hombre que viol\u00f3 sexualmente a una mujer, en un hecho ocurrido en el a\u00f1o 2023, en el municipio de Monte Plata.<\/p>\n\n\n\n<p>El tribunal, que integran las juezas Hilda Nieves S\u00e1nchez Luna, Johanna Giselle Reyes Moquete y Carmen Daniela Araujo Rivas, dict\u00f3 la sentencia en contra de Abel Payano Mercedes, por los hechos cometidos en contra de la v\u00edctima, de quien se omite el nombre para cuidar de su integridad.<\/p>\n\n\n\n<p>La fiscal Yalitza Maralay Mart\u00ednez Acosta logr\u00f3 establecer ante el tribunal, que el hoy procesado falt\u00f3 a las disposiciones de los art\u00edculos 330 y 331 del C\u00f3digo Penal Dominicano.<\/p>\n\n\n\n<p>La agresi\u00f3n sexual a la que fue sometida la v\u00edctima ocurri\u00f3 la noche del 30 de mayo del a\u00f1o 2023, cuando Payano Mercedes se present\u00f3 a la casa de la v\u00edctima se encontraba en su casa y le indic\u00f3 que una de sus vecinas se sent\u00eda mla de salud y la estaba llamando.<\/p>\n\n\n\n<p>Ante esta situaci\u00f3n, la v\u00edctima se dirigi\u00f3 a la casa de la vecina que el victimario le hab\u00eda indicado que solicitaba su ayuda y estando en el lugar, el agresor cerr\u00f3 la puerta y la tom\u00f3 por el cuello y tir\u00f3 a una cama, y ante los intentos de pedir ayuda por parte de la mujer, el hoy procesado la amenaz\u00f3 de muerte y cometi\u00f3 el acto.<\/p>\n\n\n\n<p>La v\u00edctima logr\u00f3 zafarse del agresor, al indicarle que la estaba asfixiando y ante un descuido de Payano Mercedes, lo tom\u00f3 de sus partes \u00edntimas y logro escapar logrando que los vecinos la socorrieran y solicitaran la presencia de los oficiales de la Polic\u00eda Nacional, quienes arrestaron al hoy condenado mientras trataba de esconderse.<\/p>\n\n\n\n<p>El procesado deber\u00e1 cumplir la pena en el Centro de Correcci\u00f3n y Rehabilitaci\u00f3n de Monte Plata.<strong><\/strong><\/p>\n\n\n\n<p><strong>Direcci\u00f3n General de Comunicaci\u00f3n, Prensa, y RRPP<\/strong><strong><\/strong><\/p>\n\n\n\n<p>Ministerio P\u00fablico.&nbsp;R.D.<\/p>\n\n\n\n<p>Martes, 16 de julio de 2024<\/p>\n","protected":false},"excerpt":{"rendered":"<p>diariodominicano.com Monte Plata, R. D.,\u200216 de julio, 2024.-\u2002El Tribunal Colegiado de este distrito judicial conden\u00f3 a cinco a\u00f1os de prisi\u00f3n a un hombre que viol\u00f3 sexualmente a una mujer, en un hecho ocurrido en el a\u00f1o 2023, en el municipio de Monte Plata. El tribunal, que integran las juezas Hilda Nieves S\u00e1nchez Luna, Johanna Giselle [&hellip;]<\/p>\n","protected":false},"author":5,"featured_media":367901,"comment_status":"closed","ping_status":"closed","sticky":true,"template":"","format":"standard","meta":{"footnotes":""},"categories":[24,27],"tags":[],"class_list":["post-545491","post","type-post","status-publish","format-standard","has-post-thumbnail","hentry","category-justicia-y-derecho","category-portada"],"_links":{"self":[{"href":"https:\/\/diariodominicano.com\/index.php?rest_route=\/wp\/v2\/posts\/545491","targetHints":{"allow":["GET"]}}],"collection":[{"href":"https:\/\/diariodominicano.com\/index.php?rest_route=\/wp\/v2\/posts"}],"about":[{"href":"https:\/\/diariodominicano.com\/index.php?rest_route=\/wp\/v2\/types\/post"}],"author":[{"embeddable":true,"href":"https:\/\/diariodominicano.com\/index.php?rest_route=\/wp\/v2\/users\/5"}],"replies":[{"embeddable":true,"href":"https:\/\/diariodominicano.com\/index.php?rest_route=%2Fwp%2Fv2%2Fcomments&post=545491"}],"version-history":[{"count":1,"href":"https:\/\/diariodominicano.com\/index.php?rest_route=\/wp\/v2\/posts\/545491\/revisions"}],"predecessor-version":[{"id":545492,"href":"https:\/\/diariodominicano.com\/index.php?rest_route=\/wp\/v2\/posts\/545491\/revisions\/545492"}],"wp:featuredmedia":[{"embeddable":true,"href":"https:\/\/diariodominicano.com\/index.php?rest_route=\/wp\/v2\/media\/367901"}],"wp:attachment":[{"href":"https:\/\/diariodominicano.com\/index.php?rest_route=%2Fwp%2Fv2%2Fmedia&parent=545491"}],"wp:term":[{"taxonomy":"category","embeddable":true,"href":"https:\/\/diariodominicano.com\/index.php?rest_route=%2Fwp%2Fv2%2Fcategories&post=545491"},{"taxonomy":"post_tag","embeddable":true,"href":"https:\/\/diariodominicano.com\/index.php?rest_route=%2Fwp%2Fv2%2Ftags&post=545491"}],"curies":[{"name":"wp","href":"https:\/\/api.w.org\/{rel}","templated":true}]}}