{"id":545427,"date":"2024-07-16T12:27:15","date_gmt":"2024-07-16T16:27:15","guid":{"rendered":"https:\/\/diariodominicano.com\/?p=545427"},"modified":"2024-07-16T12:59:02","modified_gmt":"2024-07-16T16:59:02","slug":"persiguen-reo-que-se-escapo-cuando-realizaba-una-visita-familiar-en-sabana-iglesia","status":"publish","type":"post","link":"https:\/\/diariodominicano.com\/?p=545427","title":{"rendered":"Persiguen reo que se escap\u00f3 cuando realizaba una visita familiar en Sabana Iglesia: DGSPC"},"content":{"rendered":"\n<p>diariodominicano.com<\/p>\n\n\n\n<p>Santo Domingo, R. D.,\u200216 de julio, 2024.-\u2002La Direcci\u00f3n General de Servicios Penitenciarios y Correccionales (DGSPC), inform\u00f3 el martes  que autoridades penitenciarias junto a miembros de la Polic\u00eda Nacional de la provincia de Santiago  persiguen activamente a un privado de libertad que se evadi\u00f3 de la seguridad, luego de participar de una visita a su familia.<\/p>\n\n\n\n<p>El privado de libertad, Jes\u00fas Mar\u00eda D\u00edaz Fr\u00edas, formaba parte del programa para el Medio Libre, por lo que hab\u00eda sido beneficiado, ayer domingo, con un permiso judicial de reencuentro familiar con custodia, a la casa de su madre, en el municipio de Sabana Iglesia,  Santiago.<\/p>\n\n\n\n<p>Diaz Fr\u00edas evadi\u00f3 la seguridad, desde la residencia de sus parientes, luego de ser notificado de que se hab\u00eda terminado el tiempo de visita autorizado y previo a despedirse solicit\u00f3 a sus custodias ir al ba\u00f1o, ante su tardanza en salir, la seguridad procedi\u00f3 a revisar el lugar, percat\u00e1ndose de que Jes\u00fas Mar\u00eda D\u00edaz Fr\u00edas,  se hab\u00eda evadido por la ventana del ba\u00f1o.<\/p>\n\n\n\n<p>Jes\u00fas Mar\u00eda D\u00edaz Fr\u00edas guardaba prisi\u00f3n en el Centro de Privaci\u00f3n de Libertad, ubicado en la fortaleza La Concepci\u00f3n de La Vega, condenado a 15 a\u00f1os, de los cuales hab\u00eda cumplido siete a\u00f1os y cuatro meses.<\/p>\n\n\n\n<p>El acusado de robo hab\u00eda sido beneficiado en tres oportunidades con el programa de visita familiar, que otorga la Direcci\u00f3n de Medio Libre, como parte de los beneficios penitenciarios que establece la Ley 113-21, en aplicaci\u00f3n de las decisiones de la autoridad judicial competente.<\/p>\n\n\n\n<p>Estos permisos les son concedidos a los privados de libertad, apegados a la ley, por su buen comportamiento, luego que se realiza un estudio de campo, cuando estos tienen un tercio de la pena, para los casos de condenas de 5 a\u00f1os o menos, y&nbsp;&nbsp; cuando tienen un cuarto de la pena, en los casos en que la condena est\u00e1 entre 5 y 30 a\u00f1os de reclusi\u00f3n mayor, como es el caso en cuesti\u00f3n.<\/p>\n\n\n\n<p>La Direcci\u00f3n para el Medio Libre es la entidad de la Direcci\u00f3n General de Servicios Penitenciarios y Correccionales, organiza, conduce, supervisa y acompa\u00f1a los programas educativos, sociales, laborales y comunitarios de las personas privadas de libertad que ostentan la condici\u00f3n jur\u00eddica de \u201ccondenados definitivos\u201d y que avanzan a periodo de prueba del r\u00e9gimen progresivo, como parte de los beneficios penitenciarios, establecido en la Ley 113-21 que regula el Sistema Penitenciario Dominicano.<\/p>\n\n\n\n<p>Esta ley en su art\u00edculo no. 63, establece el \u201cPeriodo de prueba\u201d, como aquel que persigue la incorporaci\u00f3n del interno a un \u00e1rea abierta o semiabierta, con base en el principio de autodisciplina a los fines de lograr la reinserci\u00f3n de la persona privada de libertad.<\/p>\n\n\n\n<p><strong>Direcci\u00f3n General de Comunicaci\u00f3n, Prensa, y RRPP<\/strong><strong><\/strong><\/p>\n\n\n\n<p>Ministerio P\u00fablico.&nbsp;R.D.<\/p>\n\n\n\n<p>Martes, 16 de julio de 2024<\/p>\n","protected":false},"excerpt":{"rendered":"<p>diariodominicano.com Santo Domingo, R. D.,\u200216 de julio, 2024.-\u2002La Direcci\u00f3n General de Servicios Penitenciarios y Correccionales (DGSPC), inform\u00f3 el martes que autoridades penitenciarias junto a miembros de la Polic\u00eda Nacional de la provincia de Santiago persiguen activamente a un privado de libertad que se evadi\u00f3 de la seguridad, luego de participar de una visita a su [&hellip;]<\/p>\n","protected":false},"author":5,"featured_media":545428,"comment_status":"closed","ping_status":"closed","sticky":true,"template":"","format":"standard","meta":{"footnotes":""},"categories":[24,27],"tags":[],"class_list":["post-545427","post","type-post","status-publish","format-standard","has-post-thumbnail","hentry","category-justicia-y-derecho","category-portada"],"_links":{"self":[{"href":"https:\/\/diariodominicano.com\/index.php?rest_route=\/wp\/v2\/posts\/545427","targetHints":{"allow":["GET"]}}],"collection":[{"href":"https:\/\/diariodominicano.com\/index.php?rest_route=\/wp\/v2\/posts"}],"about":[{"href":"https:\/\/diariodominicano.com\/index.php?rest_route=\/wp\/v2\/types\/post"}],"author":[{"embeddable":true,"href":"https:\/\/diariodominicano.com\/index.php?rest_route=\/wp\/v2\/users\/5"}],"replies":[{"embeddable":true,"href":"https:\/\/diariodominicano.com\/index.php?rest_route=%2Fwp%2Fv2%2Fcomments&post=545427"}],"version-history":[{"count":3,"href":"https:\/\/diariodominicano.com\/index.php?rest_route=\/wp\/v2\/posts\/545427\/revisions"}],"predecessor-version":[{"id":545437,"href":"https:\/\/diariodominicano.com\/index.php?rest_route=\/wp\/v2\/posts\/545427\/revisions\/545437"}],"wp:featuredmedia":[{"embeddable":true,"href":"https:\/\/diariodominicano.com\/index.php?rest_route=\/wp\/v2\/media\/545428"}],"wp:attachment":[{"href":"https:\/\/diariodominicano.com\/index.php?rest_route=%2Fwp%2Fv2%2Fmedia&parent=545427"}],"wp:term":[{"taxonomy":"category","embeddable":true,"href":"https:\/\/diariodominicano.com\/index.php?rest_route=%2Fwp%2Fv2%2Fcategories&post=545427"},{"taxonomy":"post_tag","embeddable":true,"href":"https:\/\/diariodominicano.com\/index.php?rest_route=%2Fwp%2Fv2%2Ftags&post=545427"}],"curies":[{"name":"wp","href":"https:\/\/api.w.org\/{rel}","templated":true}]}}