{"id":54539,"date":"2020-03-21T00:32:59","date_gmt":"2020-03-21T00:32:59","guid":{"rendered":"http:\/\/diariodominicano.ddns.net\/?p=54539"},"modified":"2020-03-21T00:32:59","modified_gmt":"2020-03-21T00:32:59","slug":"juan-pablo-duarte-comandante-del-ejercito-del-sur-2","status":"publish","type":"post","link":"https:\/\/diariodominicano.com\/?p=54539","title":{"rendered":"Juan Pablo Duarte  Comandante del  Ej\u00e9rcito del Sur"},"content":{"rendered":"<p><body><\/p>\n<p><img decoding=\"async\" src=\"img3\/duarte21.jpg\" \/>  <\/p>\n<p><strong>Diariodominicano.com<\/strong><\/p>\n<p><strong> Juan Pablo Duarte  Comandante del  Ej\u00e9rcito del Sur <\/strong><\/p>\n<p><strong>El mismo d\u00eda, la Junta Central Gubernativa dio a conocer los primeros triunfos de las tropas dominicanas que enfrentaron las agresiones del Ej\u00e9rcito de Hait\u00ed, en La Fuente del Rodeo, Las Cabezas de las Mar\u00edas y la Batalla de Azua, en  las que las  tropas dominicanas al mando del General Pedro Santana, vencieron al Ej\u00e9rcito de Hait\u00ed, comandado por el Presidente Charles Herard.<\/strong><\/p>\n<p><strong>por HTN<\/strong><\/p>\n<p><strong>Diariodominicano.com<\/strong><\/p>\n<\/p>\n<p><strong> SANTO DOMINGO,  el  21 de marzo de 1844,<\/strong> la Junta Central Gubernativa nombr\u00f3 al General Juan Pablo Duarte, comandante del Ej\u00e9rcito en la regi\u00f3n  Sur, para llenar la vacante  creada por la destituci\u00f3n del general Pedro Santana.<\/p>\n<\/p>\n<p>\tEl mismo d\u00eda, la Junta Central Gubernativa dio a conocer los primeros triunfos de las tropas dominicanas que enfrentaron las agresiones del Ej\u00e9rcito de Hait\u00ed, en La Fuente del Rodeo, Las Cabezas de las Mar\u00edas y la Batalla de Azua, en  las que las  tropas dominicanas al mando del General Pedro Santana, vencieron al Ej\u00e9rcito de Hait\u00ed, comandado por el Presidente Charles Herard.<\/p>\n<\/p>\n<p>     El 19 de marzo de 1844, las fuerzas dominicanas con 2 mil 500 hombres se impusieron al Ej\u00e9rcito de Hait\u00ed, que invadi\u00f3 el territorio nacional por la zona sur con ocho  mil hombres.<\/p>\n<\/p>\n<p>     El 21 de marzo de 1844, la Junta Central Gubernativa dio a conocer la designaci\u00f3n de Juan Pablo Duarte en el Ej\u00e9rcito del Sur, en virtud de una disposici\u00f3n  que le entreg\u00f3 personalmente.<\/p>\n<\/p>\n<p>El 7 de marzo de 1844, la Junta Central Gubernativa, encabezada  por Tom\u00e1s Bobadilla y Briones,  nombr\u00f3  al general Santana, Jefe de la Armada Expedicionaria de la Frontera Sur, con la autoridad de reclutar hombres para integrarlos a la milicia.<\/p>\n<\/p>\n<\/p>\n<\/p>\n<h6> 2020-03-21 00:32:59 <\/h6>\n<p><!--\n<link rel=\"stylesheet\" href=\"css\/bootstrap.min.css\">\n\n\n<ul class=\"pagination\">\n\t    \n\t\n\n<li >\n\t<a href='?page_no=666'>Previous<\/a>\n\t<\/li>\n\n\n       \n    \n\n<li><a href='?page_no=1'>1<\/a><\/li>\n\n\n\n<li><a href='?page_no=2'>2<\/a><\/li>\n\n\n\n<li><a>...<\/a><\/li>\n\n\n\n<li><a href='?page_no=665'>665<\/a><\/li>\n\n\n\n<li><a href='?page_no=666'>666<\/a><\/li>\n\n\n\n<li class='active'><a>667<\/a><\/li>\n\n\n\n<li><a href='?page_no=668'>668<\/a><\/li>\n\n\n\n<li><a href='?page_no=669'>669<\/a><\/li>\n\n\n\n<li><a>...<\/a><\/li>\n\n\n\n<li><a href='?page_no=22911'>22911<\/a><\/li>\n\n\n\n<li><a href='?page_no=22912'>22912<\/a><\/li>\n\n    \n\t\n\n<li >\n\t<a href='?page_no=668'>Next<\/a>\n\t<\/li>\n\n\n    \n\n<li><a href='?page_no=22912'>Last &rsaquo;&rsaquo;<\/a><\/li>\n\n<\/ul>\n\n\n--><br \/>\n<\/body><\/p>\n","protected":false},"excerpt":{"rendered":"<p>Diariodominicano.com Juan Pablo Duarte Comandante del Ej\u00e9rcito del Sur El mismo d\u00eda, la Junta Central Gubernativa dio a conocer los primeros triunfos de las tropas dominicanas que enfrentaron las agresiones del Ej\u00e9rcito de Hait\u00ed, en La Fuente del Rodeo, Las Cabezas de las Mar\u00edas y la Batalla de Azua, en las que las tropas dominicanas [&hellip;]<\/p>\n","protected":false},"author":3,"featured_media":0,"comment_status":"open","ping_status":"open","sticky":false,"template":"","format":"standard","meta":{"footnotes":""},"categories":[21],"tags":[],"class_list":["post-54539","post","type-post","status-publish","format-standard","hentry","category-cultura"],"_links":{"self":[{"href":"https:\/\/diariodominicano.com\/index.php?rest_route=\/wp\/v2\/posts\/54539","targetHints":{"allow":["GET"]}}],"collection":[{"href":"https:\/\/diariodominicano.com\/index.php?rest_route=\/wp\/v2\/posts"}],"about":[{"href":"https:\/\/diariodominicano.com\/index.php?rest_route=\/wp\/v2\/types\/post"}],"author":[{"embeddable":true,"href":"https:\/\/diariodominicano.com\/index.php?rest_route=\/wp\/v2\/users\/3"}],"replies":[{"embeddable":true,"href":"https:\/\/diariodominicano.com\/index.php?rest_route=%2Fwp%2Fv2%2Fcomments&post=54539"}],"version-history":[{"count":0,"href":"https:\/\/diariodominicano.com\/index.php?rest_route=\/wp\/v2\/posts\/54539\/revisions"}],"wp:attachment":[{"href":"https:\/\/diariodominicano.com\/index.php?rest_route=%2Fwp%2Fv2%2Fmedia&parent=54539"}],"wp:term":[{"taxonomy":"category","embeddable":true,"href":"https:\/\/diariodominicano.com\/index.php?rest_route=%2Fwp%2Fv2%2Fcategories&post=54539"},{"taxonomy":"post_tag","embeddable":true,"href":"https:\/\/diariodominicano.com\/index.php?rest_route=%2Fwp%2Fv2%2Ftags&post=54539"}],"curies":[{"name":"wp","href":"https:\/\/api.w.org\/{rel}","templated":true}]}}