{"id":545367,"date":"2024-07-16T09:35:36","date_gmt":"2024-07-16T13:35:36","guid":{"rendered":"https:\/\/diariodominicano.com\/?p=545367"},"modified":"2024-07-16T09:35:39","modified_gmt":"2024-07-16T13:35:39","slug":"operacion-nido-ratifican-prision-preventiva-como-medida-de-coercion-a-emmanuel-rivera-y-compartes","status":"publish","type":"post","link":"https:\/\/diariodominicano.com\/?p=545367","title":{"rendered":"Operaci\u00f3n Nido: ratifican prisi\u00f3n preventiva como medida de coerci\u00f3n a Emmanuel Rivera y compartes"},"content":{"rendered":"\n<p>Archivo: Palacio de Justicia de Ciudad Nueva<\/p>\n\n\n\n<p>SANTO DOMINGO (Rep\u00fablica Dominicana).- La jueza Yanibet Rivas del Sexto Juzgado de la Instrucci\u00f3n del Distrito Nacional acogi\u00f3 la solicitud del Ministerio P\u00fablico y ratific\u00f3 la prisi\u00f3n preventiva, impuesta como medida de coerci\u00f3n, contra Emmanuel Rivera Ledesma, Emmanuel Eduardo Rivera Pichardo, Mirna Catalina Rivera Ledesma y Juan Omar Rosario L\u00f3pez, imputados en el caso de la Operaci\u00f3n Nido.<\/p>\n\n\n\n<p>El principal imputado, Emmanuel Rivera Ledesma, es se\u00f1alado por el Ministerio P\u00fablico como el cabecilla de una red que estaf\u00f3 a decenas de personas con proyectos inmobiliarios<\/p>\n\n\n\n<p>La jueza ratific\u00f3 la medida cautelar al entender que la defensa no a\u00f1adi\u00f3 ning\u00fan presupuesto nuevo que hicieran modificar la existente.<\/p>\n\n\n\n<p>El&nbsp;<strong>tribunal fij\u00f3 para el 1 de agosto, a las 2:00 la tarde, la lectura \u00edntegra de la decisi\u00f3n. Mientras que, la revisi\u00f3n de la medida fue pautada para el 15 de octubre.<\/strong><\/p>\n\n\n\n<p>Sobre el caso<\/p>\n\n\n\n<p>El pasado 3 de enero el \u00f3rgano acusador puso en marcha la Operaci\u00f3n Nido, con la cual qued\u00f3 desmantelada una red que estaf\u00f3 con m\u00e1s de 700 millones de pesos a personas a las que ofertaba viviendas en supuestos proyectos inmobiliarios, a trav\u00e9s de m\u00faltiples maniobras fraudulentas.<\/p>\n\n\n\n<p>En el despliegue de la Operaci\u00f3n Nido, el Ministerio P\u00fablico y la Polic\u00eda Nacional realizaron veinticinco (25) allanamientos en San Crist\u00f3bal, Dajab\u00f3n, Espaillat, S\u00e1nchez Ram\u00edrez y el Distrito Nacional.<\/p>\n\n\n\n<p>La investigaci\u00f3n realizada por el Ministerio P\u00fablico arroj\u00f3 que la red criminal utiliz\u00f3 los veh\u00edculos societarios Indisarq, SRL, CRD Equipos Pesados, SRL, el Grupo Wimar, SRL y Auto Xperts AFM SRL, a trav\u00e9s de las que crearon un esquema inmobiliario fraudulento para la ejecuci\u00f3n de estafas, falsificaci\u00f3n, asociaci\u00f3n de malhechores y lavado de activos en perjuicio de las v\u00edctimas a las que ofertaban viviendas a trav\u00e9s de siete proyectos inmobiliarios.<\/p>\n\n\n\n<p>Durante la investigaci\u00f3n se ocuparon evidencias que demuestran que el imputado Emmanuel Rivera Ledesma utilizaba nombres de personas reconocidas para hacer creer a las v\u00edctimas que estaba protegido por personalidades a quienes realmente ni siquiera conoce. Por igual, se recabaron evidencias de la ostentosa vida que llevaban varios miembros de la red con el dinero obtenido de las v\u00edctimas.<\/p>\n\n\n\n<p>A ra\u00edz de la investigaci\u00f3n, el imputado Emmanuel Rivera Ledesma inici\u00f3 una serie de maniobras con el objetivo de que las v\u00edctimas no se querellar\u00e1n en su contra o retiraran las querellas ya presentadas.<\/p>\n\n\n\n<p>Tambi\u00e9n busc\u00f3 que las v\u00edctimas le firmaran nuevos contratos e hicieran otras acciones tendentes a obstruir el proceso de investigaci\u00f3n, lo que evidencia que el imputado y otros miembros de la red deben cumplir una medida de coerci\u00f3n que les impida destruir evidencias y ser una amenaza clara para las personas estafadas.<strong><\/strong><\/p>\n\n\n\n<p><strong>Direcci\u00f3n General de Comunicaci\u00f3n, Prensa, y RRPP<\/strong><strong><\/strong><\/p>\n\n\n\n<p>Ministerio P\u00fablico.&nbsp;R.D.<\/p>\n\n\n\n<p>Lunes, 15 de julio de 2024<\/p>\n","protected":false},"excerpt":{"rendered":"<p>Archivo: Palacio de Justicia de Ciudad Nueva SANTO DOMINGO (Rep\u00fablica Dominicana).- La jueza Yanibet Rivas del Sexto Juzgado de la Instrucci\u00f3n del Distrito Nacional acogi\u00f3 la solicitud del Ministerio P\u00fablico y ratific\u00f3 la prisi\u00f3n preventiva, impuesta como medida de coerci\u00f3n, contra Emmanuel Rivera Ledesma, Emmanuel Eduardo Rivera Pichardo, Mirna Catalina Rivera Ledesma y Juan Omar [&hellip;]<\/p>\n","protected":false},"author":2,"featured_media":365009,"comment_status":"closed","ping_status":"closed","sticky":false,"template":"","format":"standard","meta":{"footnotes":""},"categories":[24,29],"tags":[],"class_list":["post-545367","post","type-post","status-publish","format-standard","has-post-thumbnail","hentry","category-justicia-y-derecho","category-policiasucesos"],"_links":{"self":[{"href":"https:\/\/diariodominicano.com\/index.php?rest_route=\/wp\/v2\/posts\/545367","targetHints":{"allow":["GET"]}}],"collection":[{"href":"https:\/\/diariodominicano.com\/index.php?rest_route=\/wp\/v2\/posts"}],"about":[{"href":"https:\/\/diariodominicano.com\/index.php?rest_route=\/wp\/v2\/types\/post"}],"author":[{"embeddable":true,"href":"https:\/\/diariodominicano.com\/index.php?rest_route=\/wp\/v2\/users\/2"}],"replies":[{"embeddable":true,"href":"https:\/\/diariodominicano.com\/index.php?rest_route=%2Fwp%2Fv2%2Fcomments&post=545367"}],"version-history":[{"count":1,"href":"https:\/\/diariodominicano.com\/index.php?rest_route=\/wp\/v2\/posts\/545367\/revisions"}],"predecessor-version":[{"id":545368,"href":"https:\/\/diariodominicano.com\/index.php?rest_route=\/wp\/v2\/posts\/545367\/revisions\/545368"}],"wp:featuredmedia":[{"embeddable":true,"href":"https:\/\/diariodominicano.com\/index.php?rest_route=\/wp\/v2\/media\/365009"}],"wp:attachment":[{"href":"https:\/\/diariodominicano.com\/index.php?rest_route=%2Fwp%2Fv2%2Fmedia&parent=545367"}],"wp:term":[{"taxonomy":"category","embeddable":true,"href":"https:\/\/diariodominicano.com\/index.php?rest_route=%2Fwp%2Fv2%2Fcategories&post=545367"},{"taxonomy":"post_tag","embeddable":true,"href":"https:\/\/diariodominicano.com\/index.php?rest_route=%2Fwp%2Fv2%2Ftags&post=545367"}],"curies":[{"name":"wp","href":"https:\/\/api.w.org\/{rel}","templated":true}]}}