{"id":545350,"date":"2024-07-16T09:19:12","date_gmt":"2024-07-16T13:19:12","guid":{"rendered":"https:\/\/diariodominicano.com\/?p=545350"},"modified":"2024-07-16T09:19:17","modified_gmt":"2024-07-16T13:19:17","slug":"jueza-desestima-caso-de-documentos-clasificados-de-trump-por-considerar-ilegal-la-designacion-del-fiscal","status":"publish","type":"post","link":"https:\/\/diariodominicano.com\/?p=545350","title":{"rendered":"Jueza desestima caso de documentos clasificados de Trump por considerar ilegal la designaci\u00f3n del fiscal"},"content":{"rendered":"\n<p>El candidato presidencial republicano, el expresidente Donald Trump, habla en un mitin de campa\u00f1a, el 9 de julio de 2024, en Doral, Florida.<\/p>\n\n\n\n<p>julio 15, 2024<\/p>\n\n\n\n<ul class=\"wp-block-list\">\n<li><a href=\"https:\/\/www.vozdeamerica.com\/author\/associated-press\/v_kyr\">Associated Press<\/a><\/li>\n<\/ul>\n\n\n\n<ul class=\"wp-block-list\">\n<li><a href=\"https:\/\/facebook.com\/sharer.php?u=https%3a%2f%2fwww.vozdeamerica.com%2fa%2fjuez-federal-desestima-el-caso-de-documentos-clasificados-de-trump-por-preocupaciones-con-el-nombramiento-del-fiscal%2f7698784.html\" target=\"_blank\" rel=\"noreferrer noopener\"><\/a><\/li>\n\n\n\n<li><a href=\"mailto:?body=https%3a%2f%2fwww.vozdeamerica.com%2fa%2fjuez-federal-desestima-el-caso-de-documentos-clasificados-de-trump-por-preocupaciones-con-el-nombramiento-del-fiscal%2f7698784.html&amp;subject=Jueza%20desestima%20caso%20de%20documentos%20clasificados%20de%20Trump%20por%20considerar%20ilegal%20la%20designaci%C3%B3n%20del%20fiscal\"><\/a><\/li>\n<\/ul>\n\n\n\n<p><a href=\"https:\/\/www.vozdeamerica.com\/a\/juez-federal-desestima-el-caso-de-documentos-clasificados-de-trump-por-preocupaciones-con-el-nombramiento-del-fiscal\/7698784.html#comments\">&nbsp;Vea comentarios<\/a><\/p>\n\n\n\n<p>El fallo de jueza federal sobre el caso de documentos clasificados contra el expresidente Donald Trump ofrece una victoria al exmandatario. La jueza se vali\u00f3 de argumentos t\u00e9cnicos para desestimar la acusaci\u00f3n penal. El fallo puede ser apelado o revocado por un tribunal superior.<\/p>\n\n\n\n<p>WASHINGTON \u2014&nbsp;<\/p>\n\n\n\n<p>La jueza federal que preside el&nbsp;<em><strong><a href=\"https:\/\/www.vozdeamerica.com\/a\/el-caso-de-los-documentos-de-trump-lo-que-necesita-saber\/7139920.html\" target=\"_blank\" rel=\"noreferrer noopener\">caso de documentos clasificados<\/a><\/strong><\/em>&nbsp;contra el expresidente Donald Trump en la Florida desestim\u00f3 la acusaci\u00f3n este lunes, poni\u00e9ndose del lado de los abogados defensores que dijeron que el fiscal especial que present\u00f3 los cargos fue designado ilegalmente por el Departamento de Justicia de Estados Unidos.<\/p>\n\n\n\n<p>La decisi\u00f3n de la jueza de distrito estadounidense Aileen Cannon, que puede ser apelada y anulada por un tribunal superior, trae al menos por ahora una conclusi\u00f3n sorprendente y abrupta a un caso penal que en el momento de su presentaci\u00f3n era considerado la m\u00e1s peligrosa de todas&nbsp;<em><strong><a href=\"https:\/\/www.vozdeamerica.com\/a\/cuales-son-los-procesos-judiciales-que-enfrenta-trump-actualmente-\/7210848.html\" target=\"_blank\" rel=\"noreferrer noopener\">las amenazas legales que enfrent\u00f3 el expresidente republicano.<\/a><\/strong><\/em><\/p>\n\n\n\n<p>Aunque el caso llevaba mucho tiempo estancado y la perspectiva de un juicio antes de las elecciones de noviembre ya era un escenario poco realista, el fallo es una victoria legal para Trump mientras se recupera de un&nbsp;<strong><em><a href=\"https:\/\/www.vozdeamerica.com\/a\/se-escuchan-varios-disparos-en-un-mitin-de-trump-en-pensilvania-segun-muestra-un-video\/7696904.html\" target=\"_blank\" rel=\"noreferrer noopener\">intento de asesinato el fin de semana<\/a><\/em><\/strong>&nbsp;y se prepara para aceptar la nominaci\u00f3n republicana en Milwaukee esta semana.<\/p>\n\n\n\n<p><a href=\"https:\/\/www.vozdeamerica.com\/a\/el-discurso-de-trump-y-su-agenda-para-un-segundo-mandato-que-esperar-en-la-convencion-republicana-de-milwaukee-\/7698436.html\"><\/a><\/p>\n\n\n\n<p><a href=\"https:\/\/www.vozdeamerica.com\/a\/el-discurso-de-trump-y-su-agenda-para-un-segundo-mandato-que-esperar-en-la-convencion-republicana-de-milwaukee-\/7698436.html\">TAMBI\u00c9N LEA<\/a><\/p>\n\n\n\n<h4 class=\"wp-block-heading\"><a href=\"https:\/\/www.vozdeamerica.com\/a\/el-discurso-de-trump-y-su-agenda-para-un-segundo-mandato-que-esperar-en-la-convencion-republicana-de-milwaukee-\/7698436.html\">El discurso de Trump y su agenda para un segundo mandato: \u00bfQu\u00e9 esperar en la Convenci\u00f3n Republicana de Milwaukee?<\/a><\/h4>\n\n\n\n<p>En uno de los cuatro casos penales contra Trump, se hab\u00eda enfrentado a docenas de delitos graves que lo acusaban de acaparar ilegalmente documentos clasificados en su propiedad de Mar-a-Lago en Palm Beach, Florida, y de obstruir los esfuerzos del FBI para recuperarlos. Se declar\u00f3 inocente y neg\u00f3 haber actuado mal.<\/p>\n\n\n\n<p>Los abogados defensores presentaron m\u00faltiples impugnaciones del caso, incluida una jur\u00eddicamente t\u00e9cnica que afirmaba que el fiscal especial Jack Smith hab\u00eda sido designado ilegalmente conforme a la Cl\u00e1usula de Nombramientos de la Constituci\u00f3n porque hab\u00eda sido nombrado por el fiscal general Merrick Garland, en lugar de ser confirmado por el Congreso, y que su oficina fue financiada indebidamente por el Departamento de Justicia.<\/p>\n\n\n\n<p>\u00abLa posici\u00f3n del Fiscal Especial usurpa efectivamente esa importante autoridad legislativa, transfiri\u00e9ndola a un Jefe de Departamento, y en el proceso amenaza la libertad estructural inherente a la separaci\u00f3n de poderes\u00bb, escribi\u00f3 Cannon en una orden de 93 p\u00e1ginas que concede una solicitud de la defensa para desestimar el caso.<\/p>\n\n\n\n<p>\u00abSi los poderes pol\u00edticos desean conceder al Fiscal General el poder de nombrar al fiscal especial Smith para investigar y procesar esta acci\u00f3n con todos los poderes de un fiscal federal, existe un medio v\u00e1lido para hacerlo\u00bb, a\u00f1adi\u00f3. Ese mecanismo es mediante la aprobaci\u00f3n del Congreso, dijo.<\/p>\n\n\n\n<p><a href=\"https:\/\/www.vozdeamerica.com\/a\/el-fiscal-general-de-eeuu-niega-que-haya-una-politizacion-del-sistema-de-justicia-contra-trump\/7642512.html\"><\/a><\/p>\n\n\n\n<p><a href=\"https:\/\/www.vozdeamerica.com\/a\/el-fiscal-general-de-eeuu-niega-que-haya-una-politizacion-del-sistema-de-justicia-contra-trump\/7642512.html\">TAMBI\u00c9N LEA<\/a><\/p>\n\n\n\n<h4 class=\"wp-block-heading\"><a href=\"https:\/\/www.vozdeamerica.com\/a\/el-fiscal-general-de-eeuu-niega-que-haya-una-politizacion-del-sistema-de-justicia-contra-trump\/7642512.html\">El fiscal general de EEUU niega que haya una politizaci\u00f3n del sistema de justicia contra Trump<\/a><\/h4>\n\n\n\n<p>La orden es el \u00faltimo ejemplo de c\u00f3mo Cannon, designado por Trump, manej\u00f3 el caso de maneras que han beneficiado al expresidente.<\/p>\n\n\n\n<p>Gener\u00f3 un intenso escrutinio durante la investigaci\u00f3n del FBI cuando nombr\u00f3 a un \u00e1rbitro independiente para inspeccionar los documentos clasificados recuperados durante la b\u00fasqueda de Mar-a-Lago en agosto de 2022, una decisi\u00f3n que fue revocada meses despu\u00e9s por un panel federal.<\/p>\n\n\n\n<p>Desde entonces, la jueza ha tardado en emitir fallos (favoreciendo la estrategia de Trump de conseguir retrasos) y ha considerado argumentos de la defensa que, seg\u00fan los expertos, otros jueces habr\u00edan desestimado sin audiencias. En mayo, cancel\u00f3 indefinidamente la fecha del juicio en medio de una serie de cuestiones legales sin resolver.<\/p>\n\n\n\n<p><a href=\"https:\/\/www.vozdeamerica.com\/a\/cuales-son-los-procesos-judiciales-que-enfrenta-trump-actualmente-\/7210848.html\"><\/a><\/p>\n\n\n\n<p><a href=\"https:\/\/www.vozdeamerica.com\/a\/cuales-son-los-procesos-judiciales-que-enfrenta-trump-actualmente-\/7210848.html\">TAMBI\u00c9N LEA<\/a><\/p>\n\n\n\n<h4 class=\"wp-block-heading\"><a href=\"https:\/\/www.vozdeamerica.com\/a\/cuales-son-los-procesos-judiciales-que-enfrenta-trump-actualmente-\/7210848.html\">\u00bfCu\u00e1les son los procesos penales que enfrenta Trump actualmente?<\/a><\/h4>\n\n\n\n<p>El equipo de Smith hab\u00eda impugnado en\u00e9rgicamente el argumento de la Cl\u00e1usula de Nombramientos durante las audiencias ante Cannon el mes pasado y le dijo a la jueza que incluso si fallara a favor del equipo de la defensa, la correcci\u00f3n adecuada no ser\u00eda desestimar el caso.<\/p>\n\n\n\n<p>El equipo de Smith tambi\u00e9n hab\u00eda observado que la posici\u00f3n hab\u00eda sido rechazada en otros tribunales relacionados con otros procesos iniciados por otros abogados especiales del Departamento de Justicia. Pero Cannon no se dej\u00f3 convencer y calific\u00f3 las afirmaciones de la fiscal\u00eda de \u00abforzadas\u00bb.<\/p>\n\n\n\n<p>\u201cTanto las impugnaciones de Nombramientos como de Apropiaciones, tal como se enmarcan en la Moci\u00f3n, plantean la siguiente pregunta b\u00e1sica: \u00bfexiste un estatuto en el C\u00f3digo de los Estados Unidos que autorice el nombramiento del Fiscal Especial Smith para llevar a cabo este procesamiento?\u201d, dijo. \u00abDespu\u00e9s de un estudio cuidadoso de esta cuesti\u00f3n fundamental, la respuesta es no\u00bb, concluy\u00f3.<\/p>\n\n\n\n<p>Un portavoz del equipo de Smith no respondi\u00f3 de inmediato a una solicitud de comentarios el lunes, y el equipo de Trump no hizo comentarios de inmediato.<\/p>\n","protected":false},"excerpt":{"rendered":"<p>El candidato presidencial republicano, el expresidente Donald Trump, habla en un mitin de campa\u00f1a, el 9 de julio de 2024, en Doral, Florida. julio 15, 2024 &nbsp;Vea comentarios El fallo de jueza federal sobre el caso de documentos clasificados contra el expresidente Donald Trump ofrece una victoria al exmandatario. La jueza se vali\u00f3 de argumentos [&hellip;]<\/p>\n","protected":false},"author":2,"featured_media":545351,"comment_status":"closed","ping_status":"closed","sticky":false,"template":"","format":"standard","meta":{"footnotes":""},"categories":[23,24],"tags":[],"class_list":["post-545350","post","type-post","status-publish","format-standard","has-post-thumbnail","hentry","category-internacional","category-justicia-y-derecho"],"_links":{"self":[{"href":"https:\/\/diariodominicano.com\/index.php?rest_route=\/wp\/v2\/posts\/545350","targetHints":{"allow":["GET"]}}],"collection":[{"href":"https:\/\/diariodominicano.com\/index.php?rest_route=\/wp\/v2\/posts"}],"about":[{"href":"https:\/\/diariodominicano.com\/index.php?rest_route=\/wp\/v2\/types\/post"}],"author":[{"embeddable":true,"href":"https:\/\/diariodominicano.com\/index.php?rest_route=\/wp\/v2\/users\/2"}],"replies":[{"embeddable":true,"href":"https:\/\/diariodominicano.com\/index.php?rest_route=%2Fwp%2Fv2%2Fcomments&post=545350"}],"version-history":[{"count":1,"href":"https:\/\/diariodominicano.com\/index.php?rest_route=\/wp\/v2\/posts\/545350\/revisions"}],"predecessor-version":[{"id":545352,"href":"https:\/\/diariodominicano.com\/index.php?rest_route=\/wp\/v2\/posts\/545350\/revisions\/545352"}],"wp:featuredmedia":[{"embeddable":true,"href":"https:\/\/diariodominicano.com\/index.php?rest_route=\/wp\/v2\/media\/545351"}],"wp:attachment":[{"href":"https:\/\/diariodominicano.com\/index.php?rest_route=%2Fwp%2Fv2%2Fmedia&parent=545350"}],"wp:term":[{"taxonomy":"category","embeddable":true,"href":"https:\/\/diariodominicano.com\/index.php?rest_route=%2Fwp%2Fv2%2Fcategories&post=545350"},{"taxonomy":"post_tag","embeddable":true,"href":"https:\/\/diariodominicano.com\/index.php?rest_route=%2Fwp%2Fv2%2Ftags&post=545350"}],"curies":[{"name":"wp","href":"https:\/\/api.w.org\/{rel}","templated":true}]}}