{"id":545306,"date":"2024-07-16T02:54:26","date_gmt":"2024-07-16T06:54:26","guid":{"rendered":"https:\/\/diariodominicano.com\/?p=545306"},"modified":"2024-07-16T02:55:52","modified_gmt":"2024-07-16T06:55:52","slug":"ministerio-publico-solicita-prision-preventiva-para-hombre-que-amenazo-al-presidente-luis-abinader","status":"publish","type":"post","link":"https:\/\/diariodominicano.com\/?p=545306","title":{"rendered":"Ministerio P\u00fablico solicita prisi\u00f3n preventiva para hombre que amenaz\u00f3 al presidente Luis Abinader"},"content":{"rendered":"\n<p><em><u>Stalin Silvestre Corpor\u00e1n es acusado de ofensa al presidente y amenaza agravada<\/u><\/em><\/p>\n\n\n\n<p>SAN CRIST\u00d3BAL (Rep\u00fablica Dominicana).- El Ministerio P\u00fablico deposit\u00f3 este lunes la solicitud de medida de coerci\u00f3n contra un hombre acusado de amenazar al presidente de la Rep\u00fablica, Luis Abinader, a trav\u00e9s de un video colgado en las redes sociales. El acusado responde al nombre de Stalin Silvestre Corpor\u00e1n.<\/p>\n\n\n\n<p>En su solicitud el \u00f3rgano persecutor solicita la imposici\u00f3n de prisi\u00f3n preventiva contra el acusado por entender que este \u201cNo cuenta con las garant\u00edas para presentarse a los actos del procedimiento y someterse a los mismos, debido a que no cuenta con el arraigo suficiente para descartar el peligro de fuga\u201d.<\/p>\n\n\n\n<p>En el documento, depositado ante el Tribunal de la Instrucci\u00f3n de la provincia San Crist\u00f3bal, la fiscal\u00eda de esa provincia otorga la calificaci\u00f3n jur\u00eddica provisional de ofensa al jefe de Estado y amenaza agravada; estos delitos est\u00e1n tipificados en los art\u00edculos 86 y 307, respectivamente, del C\u00f3digo Penal dominicano.<\/p>\n\n\n\n<p>Tras su detenci\u00f3n, a Silvestre Corpor\u00e1n un tel\u00e9fono celular marca Iphone, modelo XR, color blanco, desde el cual se habr\u00eda gravado el v\u00eddeo de la amenaza al mandatario y posteriormente se habr\u00eda subido dicha amenaza a la red social de Tiktok, en la cuenta de usuario identificada como @Estarlindhdtok.<\/p>\n\n\n\n<p>Seg\u00fan el expediente presentado por el Ministerio P\u00fablico, el hecho habr\u00eda ocurrido el pasado domingo, 14 de julio del a\u00f1o en curso, alrededor de las 12:00 p.m. Asimismo, la solicitud establece que Stalin Silvestre Corpor\u00e1n se entreg\u00f3 a las autoridades ese mismo d\u00eda a las 1:58 p.m. en el destacamento zonal de los Bajos de Haina, siendo arrestado inmediatamente.<\/p>\n\n\n\n<p>Se recuerda, que Stalin Silvestre Corpor\u00e1n public\u00f3 un video en el que amenazaba con \u201c..darle por la cabeza\u201d al presidente Abinader, en una alusi\u00f3n a lo sucedido con el candidato a la presidencia de los Estados Unidos, Donald Trump, quien sufri\u00f3 un atentado contra su vida mientras se encontraba dando unas declaraciones en una actividad pol\u00edtica.<\/p>\n\n\n\n<p>El Ministerio P\u00fablico est\u00e1 a la espera de que el tribunal inicie formalmente el debido proceso contra el acusado, que se mantiene bajo la custodia del sistema de justicia donde se le garantizan sus derechos e integridad.<\/p>\n\n\n\n<p><strong>Direcci\u00f3n General de Comunicaci\u00f3n, Prensa, y RRPP<\/strong><strong><\/strong><\/p>\n\n\n\n<p>Ministerio P\u00fablico.&nbsp;R.D.<\/p>\n","protected":false},"excerpt":{"rendered":"<p>Stalin Silvestre Corpor\u00e1n es acusado de ofensa al presidente y amenaza agravada SAN CRIST\u00d3BAL (Rep\u00fablica Dominicana).- El Ministerio P\u00fablico deposit\u00f3 este lunes la solicitud de medida de coerci\u00f3n contra un hombre acusado de amenazar al presidente de la Rep\u00fablica, Luis Abinader, a trav\u00e9s de un video colgado en las redes sociales. El acusado responde al [&hellip;]<\/p>\n","protected":false},"author":7,"featured_media":351958,"comment_status":"closed","ping_status":"closed","sticky":true,"template":"","format":"standard","meta":{"footnotes":""},"categories":[24,27],"tags":[],"class_list":["post-545306","post","type-post","status-publish","format-standard","has-post-thumbnail","hentry","category-justicia-y-derecho","category-portada"],"_links":{"self":[{"href":"https:\/\/diariodominicano.com\/index.php?rest_route=\/wp\/v2\/posts\/545306","targetHints":{"allow":["GET"]}}],"collection":[{"href":"https:\/\/diariodominicano.com\/index.php?rest_route=\/wp\/v2\/posts"}],"about":[{"href":"https:\/\/diariodominicano.com\/index.php?rest_route=\/wp\/v2\/types\/post"}],"author":[{"embeddable":true,"href":"https:\/\/diariodominicano.com\/index.php?rest_route=\/wp\/v2\/users\/7"}],"replies":[{"embeddable":true,"href":"https:\/\/diariodominicano.com\/index.php?rest_route=%2Fwp%2Fv2%2Fcomments&post=545306"}],"version-history":[{"count":1,"href":"https:\/\/diariodominicano.com\/index.php?rest_route=\/wp\/v2\/posts\/545306\/revisions"}],"predecessor-version":[{"id":545328,"href":"https:\/\/diariodominicano.com\/index.php?rest_route=\/wp\/v2\/posts\/545306\/revisions\/545328"}],"wp:featuredmedia":[{"embeddable":true,"href":"https:\/\/diariodominicano.com\/index.php?rest_route=\/wp\/v2\/media\/351958"}],"wp:attachment":[{"href":"https:\/\/diariodominicano.com\/index.php?rest_route=%2Fwp%2Fv2%2Fmedia&parent=545306"}],"wp:term":[{"taxonomy":"category","embeddable":true,"href":"https:\/\/diariodominicano.com\/index.php?rest_route=%2Fwp%2Fv2%2Fcategories&post=545306"},{"taxonomy":"post_tag","embeddable":true,"href":"https:\/\/diariodominicano.com\/index.php?rest_route=%2Fwp%2Fv2%2Ftags&post=545306"}],"curies":[{"name":"wp","href":"https:\/\/api.w.org\/{rel}","templated":true}]}}