{"id":545256,"date":"2024-07-15T16:36:58","date_gmt":"2024-07-15T20:36:58","guid":{"rendered":"https:\/\/diariodominicano.com\/?p=545256"},"modified":"2024-07-15T16:37:00","modified_gmt":"2024-07-15T20:37:00","slug":"fiscalia-obtiene-tres-meses-de-prision-preventiva-contra-hombre-ultimo-pareja-de-varios-disparos","status":"publish","type":"post","link":"https:\/\/diariodominicano.com\/?p=545256","title":{"rendered":"Fiscal\u00eda obtiene tres meses de prisi\u00f3n preventiva contra hombre ultim\u00f3 pareja de varios disparos"},"content":{"rendered":"\n<p><em><u>El hecho ocurri\u00f3 en el sector Los Solares del Caf\u00e9 de Herrera el pasado 07 de julio del presente a\u00f1o<\/u><\/em><\/p>\n\n\n\n<p>SANTO DOMINGO OESTE (Rep\u00fablica Dominicana).- El Juzgado de Atenci\u00f3n Permanente de Santo Domingo Oeste impuso tres meses de prisi\u00f3n preventiva, como medida de coerci\u00f3n, a un hombre que ultim\u00f3 a su pareja de varios disparos, en un hecho ocurrido en el sector Los Solares del Caf\u00e9 de Herrera.<\/p>\n\n\n\n<p>La magistrada Cecilia Toribio, dispuso que el imputado Jos\u00e9 Rafael Coste, alias, \u201cPatolao\u201d o \u201cTiti\u201d, cumpla la medida coerci\u00f3n en el Centro de Correcci\u00f3n y Rehabilitaci\u00f3n Najayo Hombres.<\/p>\n\n\n\n<p>El Ministerio P\u00fablico indic\u00f3 que el hecho ocurri\u00f3 el domingo 7 del presente mes, en momentos en que la pareja sostuvo una discusi\u00f3n, provocando que el imputado le realizara varios disparos a la hoy occisa Arleny S\u00e1nchez L\u00f3pez.<\/p>\n\n\n\n<p>El&nbsp; expediente indica que tras herir a S\u00e1nchez L\u00f3pez, \u201cPatolao\u201d&nbsp; la llev\u00f3 a las afueras de la vivienda, mientras la v\u00edctima le vociferaba y le ped\u00eda que llamara al Sistema de Emergencia 911, que no le dejara morir. Sin embargo, el imputado dej\u00f3 el cuerpo de la joven tirado en el pavimento, emprendiendo la huida.<\/p>\n\n\n\n<p>EI Ministerio P\u00fablico le ha asignado a los hechos indicados la calificaci\u00f3n jur\u00eddica provisional de homicidio y porte ilegal del arma de fuego, hechos descritos y sancionados por los art\u00edculos 295 y 304 II del C\u00f3digo Penal Dominicano y art\u00edculos 66 y 67 de la Ley 631-16 en perjuicio de la occisa S\u00e1nchez L\u00f3pez.<strong><\/strong><\/p>\n\n\n\n<p><strong>Direcci\u00f3n General de Comunicaci\u00f3n, Prensa, y RRPP<\/strong><strong><\/strong><\/p>\n\n\n\n<p>Ministerio P\u00fablico.&nbsp;R.D.<\/p>\n","protected":false},"excerpt":{"rendered":"<p>El hecho ocurri\u00f3 en el sector Los Solares del Caf\u00e9 de Herrera el pasado 07 de julio del presente a\u00f1o SANTO DOMINGO OESTE (Rep\u00fablica Dominicana).- El Juzgado de Atenci\u00f3n Permanente de Santo Domingo Oeste impuso tres meses de prisi\u00f3n preventiva, como medida de coerci\u00f3n, a un hombre que ultim\u00f3 a su pareja de varios disparos, [&hellip;]<\/p>\n","protected":false},"author":7,"featured_media":420148,"comment_status":"closed","ping_status":"closed","sticky":false,"template":"","format":"standard","meta":{"footnotes":""},"categories":[24],"tags":[],"class_list":["post-545256","post","type-post","status-publish","format-standard","has-post-thumbnail","hentry","category-justicia-y-derecho"],"_links":{"self":[{"href":"https:\/\/diariodominicano.com\/index.php?rest_route=\/wp\/v2\/posts\/545256","targetHints":{"allow":["GET"]}}],"collection":[{"href":"https:\/\/diariodominicano.com\/index.php?rest_route=\/wp\/v2\/posts"}],"about":[{"href":"https:\/\/diariodominicano.com\/index.php?rest_route=\/wp\/v2\/types\/post"}],"author":[{"embeddable":true,"href":"https:\/\/diariodominicano.com\/index.php?rest_route=\/wp\/v2\/users\/7"}],"replies":[{"embeddable":true,"href":"https:\/\/diariodominicano.com\/index.php?rest_route=%2Fwp%2Fv2%2Fcomments&post=545256"}],"version-history":[{"count":1,"href":"https:\/\/diariodominicano.com\/index.php?rest_route=\/wp\/v2\/posts\/545256\/revisions"}],"predecessor-version":[{"id":545264,"href":"https:\/\/diariodominicano.com\/index.php?rest_route=\/wp\/v2\/posts\/545256\/revisions\/545264"}],"wp:featuredmedia":[{"embeddable":true,"href":"https:\/\/diariodominicano.com\/index.php?rest_route=\/wp\/v2\/media\/420148"}],"wp:attachment":[{"href":"https:\/\/diariodominicano.com\/index.php?rest_route=%2Fwp%2Fv2%2Fmedia&parent=545256"}],"wp:term":[{"taxonomy":"category","embeddable":true,"href":"https:\/\/diariodominicano.com\/index.php?rest_route=%2Fwp%2Fv2%2Fcategories&post=545256"},{"taxonomy":"post_tag","embeddable":true,"href":"https:\/\/diariodominicano.com\/index.php?rest_route=%2Fwp%2Fv2%2Ftags&post=545256"}],"curies":[{"name":"wp","href":"https:\/\/api.w.org\/{rel}","templated":true}]}}