{"id":545255,"date":"2024-07-15T16:28:16","date_gmt":"2024-07-15T20:28:16","guid":{"rendered":"https:\/\/diariodominicano.com\/?p=545255"},"modified":"2024-07-15T16:28:29","modified_gmt":"2024-07-15T20:28:29","slug":"potentini-asegura-desconocer-sentencia-del-tc-sobre-conflicto-del-card-constituye-un-quiebre-de-la-institucionalidad-y-del-estado-de-derecho","status":"publish","type":"post","link":"https:\/\/diariodominicano.com\/?p=545255","title":{"rendered":"Potentini asegura desconocer sentencia del TC sobre conflicto del CARD constituye un quiebre de la institucionalidad y del estado de derecho"},"content":{"rendered":"\n<p><strong>El CARD reh\u00faso referirse a eventual reforma constitucional y hace llamado a los abogados perremeista para unidos salvar el gremio<\/strong><\/p>\n\n\n\n<p>El presidente del Colegio de Abogados de la Rep\u00fablica Dominicana (CARD), Trajano Potentini, al ser entrevistado en los programas matinal 5 y revista tele-quince del grupo Telemicro, fue reiterativo en asegurar que estar\u00edamos en presencia de una quiebra de la institucionalidad y el estado de derecho si persisten en desconocer e inobservar la sentencia del Tribunal Constitucional, que revoca por incompetente la decisi\u00f3n del Tribunal Superior Electoral sobre el conflicto del CARD.<\/p>\n\n\n\n<figure class=\"wp-block-gallery has-nested-images columns-default is-cropped wp-block-gallery-1 is-layout-flex wp-block-gallery-is-layout-flex\">\n<figure class=\"wp-block-image size-large\"><img loading=\"lazy\" decoding=\"async\" width=\"1024\" height=\"576\" data-id=\"545261\" src=\"https:\/\/diariodominicano.com\/wp-content\/uploads\/2024\/07\/Potentini-asegura-desconocer-sentencia-del-TC-sobre-conflicto-del-CARD-constituye-un-quiebre-de-institucionalidad-y-del-estado-derecho-1024x576.jpg\" alt=\"\" class=\"wp-image-545261\" srcset=\"https:\/\/diariodominicano.com\/wp-content\/uploads\/2024\/07\/Potentini-asegura-desconocer-sentencia-del-TC-sobre-conflicto-del-CARD-constituye-un-quiebre-de-institucionalidad-y-del-estado-derecho-1024x576.jpg 1024w, https:\/\/diariodominicano.com\/wp-content\/uploads\/2024\/07\/Potentini-asegura-desconocer-sentencia-del-TC-sobre-conflicto-del-CARD-constituye-un-quiebre-de-institucionalidad-y-del-estado-derecho-300x169.jpg 300w, https:\/\/diariodominicano.com\/wp-content\/uploads\/2024\/07\/Potentini-asegura-desconocer-sentencia-del-TC-sobre-conflicto-del-CARD-constituye-un-quiebre-de-institucionalidad-y-del-estado-derecho-768x432.jpg 768w, https:\/\/diariodominicano.com\/wp-content\/uploads\/2024\/07\/Potentini-asegura-desconocer-sentencia-del-TC-sobre-conflicto-del-CARD-constituye-un-quiebre-de-institucionalidad-y-del-estado-derecho-1536x864.jpg 1536w, https:\/\/diariodominicano.com\/wp-content\/uploads\/2024\/07\/Potentini-asegura-desconocer-sentencia-del-TC-sobre-conflicto-del-CARD-constituye-un-quiebre-de-institucionalidad-y-del-estado-derecho-816x459.jpg 816w, https:\/\/diariodominicano.com\/wp-content\/uploads\/2024\/07\/Potentini-asegura-desconocer-sentencia-del-TC-sobre-conflicto-del-CARD-constituye-un-quiebre-de-institucionalidad-y-del-estado-derecho.jpg 1600w\" sizes=\"auto, (max-width: 1024px) 100vw, 1024px\" \/><\/figure>\n\n\n\n<figure class=\"wp-block-image size-large\"><img loading=\"lazy\" decoding=\"async\" width=\"1024\" height=\"585\" data-id=\"545260\" src=\"https:\/\/diariodominicano.com\/wp-content\/uploads\/2024\/07\/Potentini-asegura-desconocer-sentencia-del-TC-sobre-conflicto-del-CARD-constituye-un-quiebre-de-institucionalidad-y-del-estado-de-derecho-1024x585.jpg\" alt=\"\" class=\"wp-image-545260\" srcset=\"https:\/\/diariodominicano.com\/wp-content\/uploads\/2024\/07\/Potentini-asegura-desconocer-sentencia-del-TC-sobre-conflicto-del-CARD-constituye-un-quiebre-de-institucionalidad-y-del-estado-de-derecho-1024x585.jpg 1024w, https:\/\/diariodominicano.com\/wp-content\/uploads\/2024\/07\/Potentini-asegura-desconocer-sentencia-del-TC-sobre-conflicto-del-CARD-constituye-un-quiebre-de-institucionalidad-y-del-estado-de-derecho-300x171.jpg 300w, https:\/\/diariodominicano.com\/wp-content\/uploads\/2024\/07\/Potentini-asegura-desconocer-sentencia-del-TC-sobre-conflicto-del-CARD-constituye-un-quiebre-de-institucionalidad-y-del-estado-de-derecho-768x439.jpg 768w, https:\/\/diariodominicano.com\/wp-content\/uploads\/2024\/07\/Potentini-asegura-desconocer-sentencia-del-TC-sobre-conflicto-del-CARD-constituye-un-quiebre-de-institucionalidad-y-del-estado-de-derecho-1536x877.jpg 1536w, https:\/\/diariodominicano.com\/wp-content\/uploads\/2024\/07\/Potentini-asegura-desconocer-sentencia-del-TC-sobre-conflicto-del-CARD-constituye-un-quiebre-de-institucionalidad-y-del-estado-de-derecho-816x466.jpg 816w, https:\/\/diariodominicano.com\/wp-content\/uploads\/2024\/07\/Potentini-asegura-desconocer-sentencia-del-TC-sobre-conflicto-del-CARD-constituye-un-quiebre-de-institucionalidad-y-del-estado-de-derecho.jpg 1600w\" sizes=\"auto, (max-width: 1024px) 100vw, 1024px\" \/><\/figure>\n\n\n\n<figure class=\"wp-block-image size-large\"><img loading=\"lazy\" decoding=\"async\" width=\"1024\" height=\"601\" data-id=\"545259\" src=\"https:\/\/diariodominicano.com\/wp-content\/uploads\/2024\/07\/Potentini-asegura-desconocer-sentencia-del-TC-sobre-conflicto-del-CARD-constituye-un-quiebre-de-la-institucionalidad-y-del-estado-de-derecho-1024x601.jpg\" alt=\"\" class=\"wp-image-545259\" srcset=\"https:\/\/diariodominicano.com\/wp-content\/uploads\/2024\/07\/Potentini-asegura-desconocer-sentencia-del-TC-sobre-conflicto-del-CARD-constituye-un-quiebre-de-la-institucionalidad-y-del-estado-de-derecho-1024x601.jpg 1024w, https:\/\/diariodominicano.com\/wp-content\/uploads\/2024\/07\/Potentini-asegura-desconocer-sentencia-del-TC-sobre-conflicto-del-CARD-constituye-un-quiebre-de-la-institucionalidad-y-del-estado-de-derecho-300x176.jpg 300w, https:\/\/diariodominicano.com\/wp-content\/uploads\/2024\/07\/Potentini-asegura-desconocer-sentencia-del-TC-sobre-conflicto-del-CARD-constituye-un-quiebre-de-la-institucionalidad-y-del-estado-de-derecho-768x451.jpg 768w, https:\/\/diariodominicano.com\/wp-content\/uploads\/2024\/07\/Potentini-asegura-desconocer-sentencia-del-TC-sobre-conflicto-del-CARD-constituye-un-quiebre-de-la-institucionalidad-y-del-estado-de-derecho-1536x902.jpg 1536w, https:\/\/diariodominicano.com\/wp-content\/uploads\/2024\/07\/Potentini-asegura-desconocer-sentencia-del-TC-sobre-conflicto-del-CARD-constituye-un-quiebre-de-la-institucionalidad-y-del-estado-de-derecho-816x479.jpg 816w, https:\/\/diariodominicano.com\/wp-content\/uploads\/2024\/07\/Potentini-asegura-desconocer-sentencia-del-TC-sobre-conflicto-del-CARD-constituye-un-quiebre-de-la-institucionalidad-y-del-estado-de-derecho.jpg 2048w\" sizes=\"auto, (max-width: 1024px) 100vw, 1024px\" \/><\/figure>\n<\/figure>\n\n\n\n<p>Potentini explic\u00f3 que el Tribunal Constitucional acogi\u00f3 su recurso, y que una vez eliminada la sentencia del superior electoral, lo que queda firme es la decisi\u00f3n de la comisi\u00f3n nacional electoral que, a finales del mes de diciembre, nos proclam\u00f3 y jurament\u00f3, fuera de ello no hay impedimento alguno para que el gobierno garantice el ejercicio pleno de nuestra presidencia.<\/p>\n\n\n\n<figure class=\"wp-block-embed is-type-video is-provider-youtube wp-block-embed-youtube wp-embed-aspect-16-9 wp-has-aspect-ratio\"><div class=\"wp-block-embed__wrapper\">\nhttps:\/\/www.youtube.com\/live\/VmiTJtyrK7E\n<\/div><\/figure>\n\n\n\n<p>El presidente del gremio que agrupa los abogados record\u00f3 que el se\u00f1or Jhoan L\u00f3pez, no es parte del proceso y que la referida sentencia es fruto de un amparo inicial, que sometiera ante el superior electoral el se\u00f1or Diego Jos\u00e9 Garc\u00eda, cuyo amparo aun cuando sea conocido en el superior administrativo, nunca ser\u00eda suspensivo de nuestra condici\u00f3n de presidente del CARD.<\/p>\n\n\n\n<p>Aceptar que estamos en un limbo o en una indefinici\u00f3n como han informado a la prensa, ser\u00eda un atentado a la institucionalidad y desconocimiento de los fundamentos y funciones del Tribunal Constitucional.<\/p>\n\n\n\n<p><strong>El CARD reh\u00faso referirse a eventual reforma constitucional y hace llamado a los abogados perremeista para unidos salvar el gremio.<\/strong><\/p>\n\n\n\n<p>Asimismo, el presidente del CARD, al ser cuestionado en ambos programas, sobre la eventual propuesta de reforma constitucional, que estar\u00e1 presentando el presidente Abinader, se rehus\u00f3 a referirse al tema, bajo el alegato de que tendr\u00eda poco sentido para el Colegio de Abogados hablar de reforma ante la desconsideraci\u00f3n de que estar\u00eda siendo objeto el gremio con el desconocimiento de su institucionalidad.<\/p>\n\n\n\n<p>Finalmente, Potentini reiter\u00f3 su llamado a la unidad para salvar el gremio, particularmente a la parte institucional de los abogados del Partido Revolucionario Moderno, en la persona de su presidenta la Dra. Belgia Soler, el hacer la gesti\u00f3n de lugar a los fines de viabilizar la participaci\u00f3n de los juristas del PRM en la gobernabilidad del CARD.<\/p>\n\n\n\n<p><strong>Trajano Potentini<\/strong>\u00a0&lt;trajanopotentini1@gmail.com><\/p>\n","protected":false},"excerpt":{"rendered":"<p>El CARD reh\u00faso referirse a eventual reforma constitucional y hace llamado a los abogados perremeista para unidos salvar el gremio El presidente del Colegio de Abogados de la Rep\u00fablica Dominicana (CARD), Trajano Potentini, al ser entrevistado en los programas matinal 5 y revista tele-quince del grupo Telemicro, fue reiterativo en asegurar que estar\u00edamos en presencia [&hellip;]<\/p>\n","protected":false},"author":7,"featured_media":545262,"comment_status":"closed","ping_status":"closed","sticky":true,"template":"","format":"standard","meta":{"footnotes":""},"categories":[24,27],"tags":[],"class_list":["post-545255","post","type-post","status-publish","format-standard","has-post-thumbnail","hentry","category-justicia-y-derecho","category-portada"],"_links":{"self":[{"href":"https:\/\/diariodominicano.com\/index.php?rest_route=\/wp\/v2\/posts\/545255","targetHints":{"allow":["GET"]}}],"collection":[{"href":"https:\/\/diariodominicano.com\/index.php?rest_route=\/wp\/v2\/posts"}],"about":[{"href":"https:\/\/diariodominicano.com\/index.php?rest_route=\/wp\/v2\/types\/post"}],"author":[{"embeddable":true,"href":"https:\/\/diariodominicano.com\/index.php?rest_route=\/wp\/v2\/users\/7"}],"replies":[{"embeddable":true,"href":"https:\/\/diariodominicano.com\/index.php?rest_route=%2Fwp%2Fv2%2Fcomments&post=545255"}],"version-history":[{"count":1,"href":"https:\/\/diariodominicano.com\/index.php?rest_route=\/wp\/v2\/posts\/545255\/revisions"}],"predecessor-version":[{"id":545263,"href":"https:\/\/diariodominicano.com\/index.php?rest_route=\/wp\/v2\/posts\/545255\/revisions\/545263"}],"wp:featuredmedia":[{"embeddable":true,"href":"https:\/\/diariodominicano.com\/index.php?rest_route=\/wp\/v2\/media\/545262"}],"wp:attachment":[{"href":"https:\/\/diariodominicano.com\/index.php?rest_route=%2Fwp%2Fv2%2Fmedia&parent=545255"}],"wp:term":[{"taxonomy":"category","embeddable":true,"href":"https:\/\/diariodominicano.com\/index.php?rest_route=%2Fwp%2Fv2%2Fcategories&post=545255"},{"taxonomy":"post_tag","embeddable":true,"href":"https:\/\/diariodominicano.com\/index.php?rest_route=%2Fwp%2Fv2%2Ftags&post=545255"}],"curies":[{"name":"wp","href":"https:\/\/api.w.org\/{rel}","templated":true}]}}