{"id":545226,"date":"2024-07-15T13:53:37","date_gmt":"2024-07-15T17:53:37","guid":{"rendered":"https:\/\/diariodominicano.com\/?p=545226"},"modified":"2024-07-15T13:53:43","modified_gmt":"2024-07-15T17:53:43","slug":"juez-acoge-prision-preventiva-contra-hombre-que-fue-sorprendido-realizando-conexiones-electricas-ilegales","status":"publish","type":"post","link":"https:\/\/diariodominicano.com\/?p=545226","title":{"rendered":"Juez acoge prisi\u00f3n preventiva contra hombre que fue sorprendido realizando conexiones el\u00e9ctricas ilegales"},"content":{"rendered":"\n<p>diariodominicano.com<\/p>\n\n\n\n<p>Santo Domingo Este, R. D.,\u200215 de julio, 2024.- La Procuradur\u00eda General Adjunta para el Sistema El\u00e9ctrico (PGASE), solicit\u00f3 prisi\u00f3n preventiva para un hombre sorprendido por miembros del Ej\u00e9rcito Nacional en flagrante delito, el pasado 02 de julio del a\u00f1o en curso, realizando conexiones ilegales al sistema el\u00e9ctrico.<\/p>\n\n\n\n<p>La solicitud del PGASE fue acogida en su totalidad por el juez del Juzgado de Instrucci\u00f3n de la Provincia Santo Domingo.<\/p>\n\n\n\n<p>El detenido responde al nombre de V\u00edctor Mois\u00e9s Mart\u00ednez, quien fue arrestado cuando se encontraba operando un cami\u00f3n tipo canasta en la calle 4-C, del sector Lotes y Servicios de S\u00e1bana Perdida, municipio Santo Domingo Norte.<\/p>\n\n\n\n<p>Al momento de su arresto Mart\u00ednez se encontraba junto a otro individuo, identificado como Jos\u00e9 Miguel Bartolom\u00e9, que se desempe\u00f1aba como chofer del veh\u00edculo, y que emprendi\u00f3 la huida al notar la presencia del personal militar en el \u00e1rea, por lo que este se mantiene pr\u00f3fugo de la justicia. No obstante, las autoridades revelaron que siguen tras la pista del c\u00f3mplice y que esperan capturarlo \u201cPronto\u201d.<\/p>\n\n\n\n<p>El director interino de la Procuradur\u00eda General Adjunta para el Sistema El\u00e9ctrico, Jos\u00e9 Anibal Carela, explic\u00f3 que los dos hombres cometieron una franca violaci\u00f3n a la Ley General de Electricidad, n\u00famero 125-01, en sus art\u00edculos 124 y 125; as\u00ed como, los art\u00edculos 265 y 266 del C\u00f3digo Penal Dominicano.<\/p>\n\n\n\n<p>Carela indic\u00f3 que el delito que cometieron los dos individuos se tipifica como \u201cAtentado contra el Sistema El\u00e9ctrico Nacional y asociaci\u00f3n de malhechores\u201d.<\/p>\n\n\n\n<p>Al imputado, al que se le seguir\u00e1 el debido proceso, se le retuvo el veh\u00edculo en el que fue sorprendido realizando la acci\u00f3n ilegal y todo el contenido del mismo al momento del arresto para ser puesto a disposici\u00f3n de la justicia como evidencia del crimen.<\/p>\n\n\n\n<p><strong>Sobre el PGASE<\/strong><\/p>\n\n\n\n<p>La Procuradur\u00eda General Adjunta para el Sistema El\u00e9ctrico (PGASE) es el \u00f3rgano responsable de propulsar la acci\u00f3n penal de naturaleza p\u00fablica que conlleva los delitos el\u00e9ctricos. Es la autoridad competente para levantar en forma conjunta mediante representantes debidamente calificados, el Acta de Fraude El\u00e9ctrico a requerimiento de las Distribuidoras o de persona f\u00edsica o moral interesada.<strong><\/strong><\/p>\n\n\n\n<p><strong>Direcci\u00f3n General de Comunicaci\u00f3n, Prensa, y RRPP<\/strong><strong><\/strong><\/p>\n\n\n\n<p>Ministerio P\u00fablico.&nbsp;R.D.<\/p>\n\n\n\n<p>Lunes, 15 de julio de 2024<\/p>\n","protected":false},"excerpt":{"rendered":"<p>diariodominicano.com Santo Domingo Este, R. D.,\u200215 de julio, 2024.- La Procuradur\u00eda General Adjunta para el Sistema El\u00e9ctrico (PGASE), solicit\u00f3 prisi\u00f3n preventiva para un hombre sorprendido por miembros del Ej\u00e9rcito Nacional en flagrante delito, el pasado 02 de julio del a\u00f1o en curso, realizando conexiones ilegales al sistema el\u00e9ctrico. La solicitud del PGASE fue acogida en [&hellip;]<\/p>\n","protected":false},"author":5,"featured_media":545227,"comment_status":"closed","ping_status":"closed","sticky":true,"template":"","format":"standard","meta":{"footnotes":""},"categories":[24,27],"tags":[],"class_list":["post-545226","post","type-post","status-publish","format-standard","has-post-thumbnail","hentry","category-justicia-y-derecho","category-portada"],"_links":{"self":[{"href":"https:\/\/diariodominicano.com\/index.php?rest_route=\/wp\/v2\/posts\/545226","targetHints":{"allow":["GET"]}}],"collection":[{"href":"https:\/\/diariodominicano.com\/index.php?rest_route=\/wp\/v2\/posts"}],"about":[{"href":"https:\/\/diariodominicano.com\/index.php?rest_route=\/wp\/v2\/types\/post"}],"author":[{"embeddable":true,"href":"https:\/\/diariodominicano.com\/index.php?rest_route=\/wp\/v2\/users\/5"}],"replies":[{"embeddable":true,"href":"https:\/\/diariodominicano.com\/index.php?rest_route=%2Fwp%2Fv2%2Fcomments&post=545226"}],"version-history":[{"count":1,"href":"https:\/\/diariodominicano.com\/index.php?rest_route=\/wp\/v2\/posts\/545226\/revisions"}],"predecessor-version":[{"id":545229,"href":"https:\/\/diariodominicano.com\/index.php?rest_route=\/wp\/v2\/posts\/545226\/revisions\/545229"}],"wp:featuredmedia":[{"embeddable":true,"href":"https:\/\/diariodominicano.com\/index.php?rest_route=\/wp\/v2\/media\/545227"}],"wp:attachment":[{"href":"https:\/\/diariodominicano.com\/index.php?rest_route=%2Fwp%2Fv2%2Fmedia&parent=545226"}],"wp:term":[{"taxonomy":"category","embeddable":true,"href":"https:\/\/diariodominicano.com\/index.php?rest_route=%2Fwp%2Fv2%2Fcategories&post=545226"},{"taxonomy":"post_tag","embeddable":true,"href":"https:\/\/diariodominicano.com\/index.php?rest_route=%2Fwp%2Fv2%2Ftags&post=545226"}],"curies":[{"name":"wp","href":"https:\/\/api.w.org\/{rel}","templated":true}]}}