{"id":545218,"date":"2024-07-15T13:18:28","date_gmt":"2024-07-15T17:18:28","guid":{"rendered":"https:\/\/diariodominicano.com\/?p=545218"},"modified":"2024-07-15T13:18:35","modified_gmt":"2024-07-15T17:18:35","slug":"ministerio-publico-logra-condena-de-20-anos-de-prision-para-hombre-violo-sexualmente-a-su-hijastra","status":"publish","type":"post","link":"https:\/\/diariodominicano.com\/?p=545218","title":{"rendered":"Ministerio P\u00fablico logra condena de 20 a\u00f1os de prisi\u00f3n para hombre viol\u00f3 sexualmente a su hijastra"},"content":{"rendered":"\n<p>diariodominicano.com<\/p>\n\n\n\n<p>Santo Domingo Este, R. D.,\u200215 de julio, 2024.-  El Ministerio P\u00fablico obtuvo una condena de 20 a\u00f1os de prisi\u00f3n para un hombre, que, por un per\u00edodo de tres a\u00f1os, viol\u00f3 sexualmente a su hijastra de 13 a\u00f1os de edad.<\/p>\n\n\n\n<p>Los nombres del agresor y de la v\u00edctima se omiten para proteger la identidad de la ni\u00f1a, c\u00f3mo lo establece la ley.<\/p>\n\n\n\n<p>Durante el juicio, el Ministerio P\u00fablico, representado por la fiscal, Ivette Mateo, mostr\u00f3 al tribunal, que el hoy procesado violent\u00f3 el art\u00edculo 331 del C\u00f3digo Penal Dominicano, modificado por la Ley 24-97 y los art\u00edculos 12, 13, 14, 16, 17, 18 y 396 literal C, de la Ley 136-03, sobre el C\u00f3digo para la Protecci\u00f3n de los Derechos de los Ni\u00f1os, Ni\u00f1as y Adolescentes.<\/p>\n\n\n\n<p>El expediente refiere que la progenitora de la v\u00edctima se percat\u00f3 de que el encartado presentaba \u201cactitudes extra\u00f1as\u201d, lo que le despert\u00f3 curiosidad y la noche del&nbsp; 8 de noviembre de 2022, escuch\u00f3 pasos en la casa, lo que la llev\u00f3 a levantarse&nbsp; y revisar lo que suced\u00eda, y al llegar a inspeccionar en la habitaci\u00f3n de su hija, en ese momento el procesado sali\u00f3 detr\u00e1s de la puerta, quien le indic\u00f3 que se escondi\u00f3 para asustarla, no conforme con la respuesta, momentos despu\u00e9s se sent\u00f3 a conversar con su hija, quien le manifest\u00f3 que su padrastro la violaba y la amenazaba desde que ella ten\u00eda 10 a\u00f1os de edad.<\/p>\n\n\n\n<p>Para confirmar la veracidad de los hechos, el Ministerio P\u00fablico recogi\u00f3 el testimonio de la v\u00edctima a trav\u00e9s del m\u00e9todo de C\u00e1mara Gesell, evaluaciones psicol\u00f3gicas y tambi\u00e9n ginecol\u00f3gicas forenses.<\/p>\n\n\n\n<p>La representante del Ministerio P\u00fablico, Ivette Mateo, revel\u00f3 que mediante estos mecanismos obtuvo los hallazgos con los que se pudieron verificar los hechos.<\/p>\n\n\n\n<p>La pena fue dictada por los jueces que componen el Quinto Tribunal Colegiado del municipio Santo Domingo Este, que integran los magistrados Julio Aybar Ortiz, Laisa Matos Dur\u00e1n y Nelcy Xiomara Ortega Ram\u00edrez.<\/p>\n\n\n\n<p>La condena deber\u00e1 ser cumplida por el procesado en la Penitenciar\u00eda Nacional de La Victoria.<\/p>\n\n\n\n<p><strong>Direcci\u00f3n General de Comunicaci\u00f3n, Prensa, y RRPP<\/strong><strong><\/strong><\/p>\n\n\n\n<p>Ministerio P\u00fablico.&nbsp;R.D.<\/p>\n\n\n\n<p>Lunes, 15 de julio de 2024<\/p>\n","protected":false},"excerpt":{"rendered":"<p>diariodominicano.com Santo Domingo Este, R. D.,\u200215 de julio, 2024.- El Ministerio P\u00fablico obtuvo una condena de 20 a\u00f1os de prisi\u00f3n para un hombre, que, por un per\u00edodo de tres a\u00f1os, viol\u00f3 sexualmente a su hijastra de 13 a\u00f1os de edad. Los nombres del agresor y de la v\u00edctima se omiten para proteger la identidad de [&hellip;]<\/p>\n","protected":false},"author":5,"featured_media":368341,"comment_status":"closed","ping_status":"closed","sticky":true,"template":"","format":"standard","meta":{"footnotes":""},"categories":[24,27],"tags":[],"class_list":["post-545218","post","type-post","status-publish","format-standard","has-post-thumbnail","hentry","category-justicia-y-derecho","category-portada"],"_links":{"self":[{"href":"https:\/\/diariodominicano.com\/index.php?rest_route=\/wp\/v2\/posts\/545218","targetHints":{"allow":["GET"]}}],"collection":[{"href":"https:\/\/diariodominicano.com\/index.php?rest_route=\/wp\/v2\/posts"}],"about":[{"href":"https:\/\/diariodominicano.com\/index.php?rest_route=\/wp\/v2\/types\/post"}],"author":[{"embeddable":true,"href":"https:\/\/diariodominicano.com\/index.php?rest_route=\/wp\/v2\/users\/5"}],"replies":[{"embeddable":true,"href":"https:\/\/diariodominicano.com\/index.php?rest_route=%2Fwp%2Fv2%2Fcomments&post=545218"}],"version-history":[{"count":1,"href":"https:\/\/diariodominicano.com\/index.php?rest_route=\/wp\/v2\/posts\/545218\/revisions"}],"predecessor-version":[{"id":545219,"href":"https:\/\/diariodominicano.com\/index.php?rest_route=\/wp\/v2\/posts\/545218\/revisions\/545219"}],"wp:featuredmedia":[{"embeddable":true,"href":"https:\/\/diariodominicano.com\/index.php?rest_route=\/wp\/v2\/media\/368341"}],"wp:attachment":[{"href":"https:\/\/diariodominicano.com\/index.php?rest_route=%2Fwp%2Fv2%2Fmedia&parent=545218"}],"wp:term":[{"taxonomy":"category","embeddable":true,"href":"https:\/\/diariodominicano.com\/index.php?rest_route=%2Fwp%2Fv2%2Fcategories&post=545218"},{"taxonomy":"post_tag","embeddable":true,"href":"https:\/\/diariodominicano.com\/index.php?rest_route=%2Fwp%2Fv2%2Ftags&post=545218"}],"curies":[{"name":"wp","href":"https:\/\/api.w.org\/{rel}","templated":true}]}}