{"id":54517,"date":"2020-03-21T12:56:32","date_gmt":"2020-03-21T12:56:32","guid":{"rendered":"http:\/\/diariodominicano.ddns.net\/?p=54517"},"modified":"2020-03-21T12:56:32","modified_gmt":"2020-03-21T12:56:32","slug":"confinado-entrene-como-un-astronauta-simule-el-espacio","status":"publish","type":"post","link":"https:\/\/diariodominicano.com\/?p=54517","title":{"rendered":"\u00bfConfinado? Entrene como un astronauta, simule el espacio"},"content":{"rendered":"<p><body><\/p>\n<p><img decoding=\"async\" src=\"img3\/imagen07.jpg\" \/>  <\/p>\n<p>\u00bfConfinado? Entrene como un astronauta, simule el espacio<\/p>\n<\/p>\n<p>Por MARCIA DUNN<\/p>\n<\/p>\n<p>today<\/p>\n<\/p>\n<p>En esta imagen de archivo, tomada el 4 de marzo de 2015 y proporcionada por la NASA, el astronauta Scott Kelly, sentado dentro de un simulador de una nave soyuz en el Centro de Entrenamiento de Cosmonauta Gagarin (GCTC) en Star City, Rusia. (Bill Ingalls\/NASA via AP)<\/p>\n<p>CABO CA\u00d1AVERAL, Florida, EE.UU. (AP) ? \u00bfAislado en casa? Entrene como un astronauta.<\/p>\n<\/p>\n<p>Ese es el inspirador consejo de una especialista en participaci\u00f3n ciudadana del Laboratorio de Propulsi\u00f3n a Reacci\u00f3n de la NASA (JPL, por sus siglas en ingl\u00e9s) de Pasadena, California.<\/p>\n<\/p>\n<p>La aspirante a astronauta Rachel Zimmerman-Brachman explic\u00f3 el viernes que el aislamiento se parece mucho al entrenamiento de quienes viajan al espacio. Y se le ocurri\u00f3 este mensaje positivo que public\u00f3 en Facebook un d\u00eda antes:<\/p>\n<\/p>\n<p>\u00abLa actitud lo es todo: Estoy en una aventura en un espacio confinado con una peque\u00f1a tripulaci\u00f3n para una misi\u00f3n de larga duraci\u00f3n, con paseos espaciales ocasionales y misiones de reabastecimiento. Se me parece al entrenamiento para ser astronauta\u00bb.<\/p>\n<\/p>\n<p>Zimmerman-Brachman, que trabaja desde hace a\u00f1os en el JPL y tiene t\u00edtulos de f\u00edsica y estudios espaciales, dijo que desde peque\u00f1a quer\u00eda ser astronauta. Solicit\u00f3 plaza cuatro veces tanto en la NASA como en la Agencia Espacial Canadiense (tiene doble nacionalidad).<\/p>\n<\/p>\n<p>Cuando el coronavirus lleg\u00f3 a Estados Unidos y a los trabajadores del programa espacial se les pidi\u00f3 trabajar desde casa, pens\u00f3 de inmediato en sus amigos que hab\u00edan vivido en h\u00e1bitats marcianos simulados y que participaron en otros estudios sobre aislamiento de larga duraci\u00f3n. Su hijo de 14 a\u00f1os tambi\u00e9n est\u00e1 en su casa en Sherman Oaks, California, lidiando con las tareas de la escuela.<\/p>\n<\/p>\n<p>El JPL trabaja en una serie de actividades educativas relacionadas con el espacio que los j\u00f3venes pueden realizar desde sus casas.<\/p>\n<\/p>\n<p>\u00abLa vida es una combinaci\u00f3n de lo que te ocurre y lo que haces al respecto. Vamos a estar en casa durante un tiempo, as\u00ed que tambi\u00e9n podemos aprovecharlo al m\u00e1ximo \u00ab, escribi\u00f3 en un correo electr\u00f3nico a The Associated Press.<\/p>\n<\/p>\n<p>\u00abEspero que otra gente se haya inspirado para tener una actitud positive durante estos momentos complicados y encuentren una forma de ver en lado bueno de la cosas en la situaci\u00f3n actual\u00bb, agreg\u00f3.<\/p>\n<\/p>\n<p>\u00abEstamos juntos en esto\u00bb.<\/p>\n<\/p>\n<p>___<\/p>\n<\/p>\n<p>The Associated Press recibe apoyo para su cobertura de salud y ciencia del Departamento de Educaci\u00f3n Cient\u00edfica del Instituto M\u00e9dico Howard Hughes. La AP es la \u00fanica responsable de todo su contenido.<\/p>\n<h6> 2020-03-21 12:56:32 <\/h6>\n<p><!--\n<link rel=\"stylesheet\" href=\"css\/bootstrap.min.css\">\n\n\n<ul class=\"pagination\">\n\t    \n\t\n\n<li >\n\t<a href='?page_no=664'>Previous<\/a>\n\t<\/li>\n\n\n       \n    \n\n<li><a href='?page_no=1'>1<\/a><\/li>\n\n\n\n<li><a href='?page_no=2'>2<\/a><\/li>\n\n\n\n<li><a>...<\/a><\/li>\n\n\n\n<li><a href='?page_no=663'>663<\/a><\/li>\n\n\n\n<li><a href='?page_no=664'>664<\/a><\/li>\n\n\n\n<li class='active'><a>665<\/a><\/li>\n\n\n\n<li><a href='?page_no=666'>666<\/a><\/li>\n\n\n\n<li><a href='?page_no=667'>667<\/a><\/li>\n\n\n\n<li><a>...<\/a><\/li>\n\n\n\n<li><a href='?page_no=22911'>22911<\/a><\/li>\n\n\n\n<li><a href='?page_no=22912'>22912<\/a><\/li>\n\n    \n\t\n\n<li >\n\t<a href='?page_no=666'>Next<\/a>\n\t<\/li>\n\n\n    \n\n<li><a href='?page_no=22912'>Last &rsaquo;&rsaquo;<\/a><\/li>\n\n<\/ul>\n\n\n--><br \/>\n<\/body><\/p>\n","protected":false},"excerpt":{"rendered":"<p>\u00bfConfinado? Entrene como un astronauta, simule el espacio Por MARCIA DUNN today En esta imagen de archivo, tomada el 4 de marzo de 2015 y proporcionada por la NASA, el astronauta Scott Kelly, sentado dentro de un simulador de una nave soyuz en el Centro de Entrenamiento de Cosmonauta Gagarin (GCTC) en Star City, Rusia. [&hellip;]<\/p>\n","protected":false},"author":3,"featured_media":0,"comment_status":"open","ping_status":"open","sticky":false,"template":"","format":"standard","meta":{"footnotes":""},"categories":[21],"tags":[],"class_list":["post-54517","post","type-post","status-publish","format-standard","hentry","category-cultura"],"_links":{"self":[{"href":"https:\/\/diariodominicano.com\/index.php?rest_route=\/wp\/v2\/posts\/54517","targetHints":{"allow":["GET"]}}],"collection":[{"href":"https:\/\/diariodominicano.com\/index.php?rest_route=\/wp\/v2\/posts"}],"about":[{"href":"https:\/\/diariodominicano.com\/index.php?rest_route=\/wp\/v2\/types\/post"}],"author":[{"embeddable":true,"href":"https:\/\/diariodominicano.com\/index.php?rest_route=\/wp\/v2\/users\/3"}],"replies":[{"embeddable":true,"href":"https:\/\/diariodominicano.com\/index.php?rest_route=%2Fwp%2Fv2%2Fcomments&post=54517"}],"version-history":[{"count":0,"href":"https:\/\/diariodominicano.com\/index.php?rest_route=\/wp\/v2\/posts\/54517\/revisions"}],"wp:attachment":[{"href":"https:\/\/diariodominicano.com\/index.php?rest_route=%2Fwp%2Fv2%2Fmedia&parent=54517"}],"wp:term":[{"taxonomy":"category","embeddable":true,"href":"https:\/\/diariodominicano.com\/index.php?rest_route=%2Fwp%2Fv2%2Fcategories&post=54517"},{"taxonomy":"post_tag","embeddable":true,"href":"https:\/\/diariodominicano.com\/index.php?rest_route=%2Fwp%2Fv2%2Ftags&post=54517"}],"curies":[{"name":"wp","href":"https:\/\/api.w.org\/{rel}","templated":true}]}}