{"id":545168,"date":"2024-07-15T09:43:48","date_gmt":"2024-07-15T13:43:48","guid":{"rendered":"https:\/\/diariodominicano.com\/?p=545168"},"modified":"2024-07-15T09:43:54","modified_gmt":"2024-07-15T13:43:54","slug":"con-trump-suman-26597-los-estadounidenses-baleados-en-lo-que-va-de-2024-dominicanos-condenan-atentado","status":"publish","type":"post","link":"https:\/\/diariodominicano.com\/?p=545168","title":{"rendered":"Con Trump suman 26,597 los estadounidenses baleados en lo que va de 2024; dominicanos condenan atentado"},"content":{"rendered":"\n<p><strong>Video:&nbsp;<\/strong><a href=\"https:\/\/www.youtube.com\/watch?v=9rrhaqq5KJI\" rel=\"noreferrer noopener\" target=\"_blank\">https:\/\/www.youtube.com\/watch?v=9rrhaqq5KJI<\/a><\/p>\n\n\n\n<p><strong>Por Ram\u00f3n Mercedes<\/strong><\/p>\n\n\n\n<p><strong>NUEVA YORK.-<\/strong>&nbsp;Con la herida de bala que sufriera el ex presidente de Estados Unidos, Donald Trump, este fin de semana durante un mitin en Pensilvania, suman 26,597 estadounidenses atacados a tiros hasta este domingo 14 en lo que va de 2024.<\/p>\n\n\n\n<p>En los vecindarios de Washington Heights e Inwood, con mayor\u00eda de sus habitantes dominicanos, el caso tambi\u00e9n es condenado por doquier y los debates con \u201cllamada profundidad\u201d entre autoproclamados analistas pol\u00edticos son frecuentes en restaurantes, barber\u00edas, salones de bellezas, taxistas, guaguas y esquinas viales.<\/p>\n\n\n\n<p>La entidad Archivo de Violencia Armada (GVA), con sede en Washington DC, cuya misi\u00f3n es documentar incidentes de violencia y delitos con armas de fuego en el territorio estadounidense, indica que hasta este domingo 14 de julio de 2024 en EUA hab\u00edan fallecido por balas 9,114 personas y 17,483 heridas, algunas quedando en estado de gravedad.<\/p>\n\n\n\n<p>Trump, seguro candidato presidencial del Partido Republicano en noviembre pr\u00f3ximo, fue herido en su oreja derecha; luego se tir\u00f3 al suelo y fue auxiliado por decenas de agentes del Servicio Secreto y trasladado a un hospital, sin presentar gravedad. Se recupera satisfactoriamente.<\/p>\n\n\n\n<p>Su agresor, identificado como&nbsp;Matthew Crooks, de 20 a\u00f1os, fue abatido,&nbsp;pero antes caus\u00f3 la muerte de un asistente al mitin, y dej\u00f3 otros dos heridos de gravedad en el p\u00fablico, informaron las autoridades.<\/p>\n\n\n\n<p>El FBI calific\u00f3 el tiroteo como un intento de magnicidio, y ha sido condenado por decenas de mandatarios y l\u00edderes mundiales.<\/p>\n\n\n\n<p>Asimismo, GVA precisa que desde el 2019 hasta el 2023 la cantidad de 221,287 personas han fallecido y otras 185,224 han resultado heridas por balas, decenas de miles quedando en estado cr\u00edtico. Entre los muertos y heridos figuran decenas de dominicanos, entre los diferentes estados.<\/p>\n\n\n\n<p>Seg\u00fan la organizaci\u00f3n suiza Small Arms Survey (SAS), en el pa\u00eds norteamericano hay 120 armas de fuego por cada 100 habitantes.<\/p>\n","protected":false},"excerpt":{"rendered":"<p>Video:&nbsp;https:\/\/www.youtube.com\/watch?v=9rrhaqq5KJI Por Ram\u00f3n Mercedes NUEVA YORK.-&nbsp;Con la herida de bala que sufriera el ex presidente de Estados Unidos, Donald Trump, este fin de semana durante un mitin en Pensilvania, suman 26,597 estadounidenses atacados a tiros hasta este domingo 14 en lo que va de 2024. En los vecindarios de Washington Heights e Inwood, con mayor\u00eda [&hellip;]<\/p>\n","protected":false},"author":2,"featured_media":545169,"comment_status":"closed","ping_status":"closed","sticky":false,"template":"","format":"standard","meta":{"footnotes":""},"categories":[23,24,29],"tags":[],"class_list":["post-545168","post","type-post","status-publish","format-standard","has-post-thumbnail","hentry","category-internacional","category-justicia-y-derecho","category-policiasucesos"],"_links":{"self":[{"href":"https:\/\/diariodominicano.com\/index.php?rest_route=\/wp\/v2\/posts\/545168","targetHints":{"allow":["GET"]}}],"collection":[{"href":"https:\/\/diariodominicano.com\/index.php?rest_route=\/wp\/v2\/posts"}],"about":[{"href":"https:\/\/diariodominicano.com\/index.php?rest_route=\/wp\/v2\/types\/post"}],"author":[{"embeddable":true,"href":"https:\/\/diariodominicano.com\/index.php?rest_route=\/wp\/v2\/users\/2"}],"replies":[{"embeddable":true,"href":"https:\/\/diariodominicano.com\/index.php?rest_route=%2Fwp%2Fv2%2Fcomments&post=545168"}],"version-history":[{"count":1,"href":"https:\/\/diariodominicano.com\/index.php?rest_route=\/wp\/v2\/posts\/545168\/revisions"}],"predecessor-version":[{"id":545170,"href":"https:\/\/diariodominicano.com\/index.php?rest_route=\/wp\/v2\/posts\/545168\/revisions\/545170"}],"wp:featuredmedia":[{"embeddable":true,"href":"https:\/\/diariodominicano.com\/index.php?rest_route=\/wp\/v2\/media\/545169"}],"wp:attachment":[{"href":"https:\/\/diariodominicano.com\/index.php?rest_route=%2Fwp%2Fv2%2Fmedia&parent=545168"}],"wp:term":[{"taxonomy":"category","embeddable":true,"href":"https:\/\/diariodominicano.com\/index.php?rest_route=%2Fwp%2Fv2%2Fcategories&post=545168"},{"taxonomy":"post_tag","embeddable":true,"href":"https:\/\/diariodominicano.com\/index.php?rest_route=%2Fwp%2Fv2%2Ftags&post=545168"}],"curies":[{"name":"wp","href":"https:\/\/api.w.org\/{rel}","templated":true}]}}