{"id":54506,"date":"2020-03-21T15:38:09","date_gmt":"2020-03-21T15:38:09","guid":{"rendered":"http:\/\/diariodominicano.ddns.net\/?p=54506"},"modified":"2020-03-21T15:38:09","modified_gmt":"2020-03-21T15:38:09","slug":"dia-internacional-de-los-bosques","status":"publish","type":"post","link":"https:\/\/diariodominicano.com\/?p=54506","title":{"rendered":"D\u00eda Internacional de los Bosques"},"content":{"rendered":"<p><body><\/p>\n<p><img decoding=\"async\" src=\"img3\/Dia-de-Los-Bosque.jpg\" \/>  <\/p>\n<\/p>\n<p>Santo Domingo, RD, 21 de marzo de 2020.-  ONU.- Los bosques albergan alrededor del 80% de la biodiversidad terrestre de todo el mundo, entre los que se encuentran, por ejemplo, este b\u00faho posado en las ramas de un \u00e1rbol. Instant\u00e1nea presentada en un concurso fotogr\u00e1fico de UNEP sobre bosques. Autora: Jessica Kerr.<\/p>\n<\/p>\n<p>Demasiado preciosos para perderlos<\/p>\n<p>Cuando bebemos un vaso de agua, escribimos en un cuaderno, tomamos medicamentos para la fiebre o construimos una casa, no siempre relacionamos estas acciones con los bosques. Sin embargo, estos y muchos otros aspectos de nuestras vidas est\u00e1n vinculados a los bosques de una manera u otra.<\/p>\n<\/p>\n<p>Los bosques son fundamentales para combatir el cambio clim\u00e1tico, por lo que contribuyen significativamente al beneficio de las generaciones presentes y futuras. Los bosques tambi\u00e9n ejercen un papel fundamental en la erradicaci\u00f3n de la pobreza y el logro de metas de desarrollo convenidos internacionalmente, incluidos los Objetivos de Desarrollo Sostenible (ODS).<\/p>\n<\/p>\n<p>Los bosques cubren un tercio de la superficie terrestre y juegan un papel fundamental en la vida del planeta. M\u00e1s de 1 000 millones de personas ?incluidas m\u00e1s de dos mil pueblos ind\u00edgenas? dependen de los bosques para sobrevivir: les proporciona alimentos, medicinas, combustible y abrigo.<\/p>\n<\/p>\n<p>Desde un punto de vista biol\u00f3gico, los bosques son los ecosistemas terrestres m\u00e1s diversos, donde se albergan m\u00e1s del 80% de las especies animales y vegetales.<\/p>\n<\/p>\n<p>Pero pese a los incre\u00edbles beneficios ecol\u00f3gicos, econ\u00f3micos y sociales que nos brindan los bosques, la desforestaci\u00f3n contin\u00faa a un ritmo sin precedentes.<\/p>\n<\/p>\n<p><strong>Bosques y biodiversidad<\/strong><\/p>\n<p>En 2012, la Asamblea General de las Naciones Unidas proclam\u00f3 el 21 de marzo como D\u00eda Internacional de los Bosques, siendo 2013 el primer a\u00f1o en celebrarlo oficialmente.<\/p>\n<\/p>\n<p>Los organizadores oficiales son el Foro de las Naciones Unidas para los Bosques, en colaboraci\u00f3n con la Organizaci\u00f3n de las Naciones Unidas para la Alimentaci\u00f3n y la Agricultura (FAO), as\u00ed como la Asociaci\u00f3n de Colaboraci\u00f3n en materia de Bosques,entre otras entidades y agrupaciones.<\/p>\n<\/p>\n<p>Mediante su celebraci\u00f3n se rinde homenaje a la importancia de todos los tipos de bosques y se intenta generar conciencia al respecto. Cada vez que se celebra el D\u00eda Internacional de los Bosques, se alienta a los pa\u00edses a adoptar iniciativas en el plano local, nacional e internacional para la organizaci\u00f3n de actividades relacionadas con los bosques y los \u00e1rboles, como, por ejemplo, campa\u00f1as de plantaci\u00f3n de \u00e1rboles. El tema para 2020 es: \u00abBosques y biodivesidad\u00bb.<\/p>\n<\/p>\n<h6> 2020-03-21 15:38:09 <\/h6>\n<p><!--\n<link rel=\"stylesheet\" href=\"css\/bootstrap.min.css\">\n\n\n<ul class=\"pagination\">\n\t    \n\t\n\n<li >\n\t<a href='?page_no=663'>Previous<\/a>\n\t<\/li>\n\n\n       \n    \n\n<li><a href='?page_no=1'>1<\/a><\/li>\n\n\n\n<li><a href='?page_no=2'>2<\/a><\/li>\n\n\n\n<li><a>...<\/a><\/li>\n\n\n\n<li><a href='?page_no=662'>662<\/a><\/li>\n\n\n\n<li><a href='?page_no=663'>663<\/a><\/li>\n\n\n\n<li class='active'><a>664<\/a><\/li>\n\n\n\n<li><a href='?page_no=665'>665<\/a><\/li>\n\n\n\n<li><a href='?page_no=666'>666<\/a><\/li>\n\n\n\n<li><a>...<\/a><\/li>\n\n\n\n<li><a href='?page_no=22911'>22911<\/a><\/li>\n\n\n\n<li><a href='?page_no=22912'>22912<\/a><\/li>\n\n    \n\t\n\n<li >\n\t<a href='?page_no=665'>Next<\/a>\n\t<\/li>\n\n\n    \n\n<li><a href='?page_no=22912'>Last &rsaquo;&rsaquo;<\/a><\/li>\n\n<\/ul>\n\n\n--><br \/>\n<\/body><\/p>\n","protected":false},"excerpt":{"rendered":"<p>Santo Domingo, RD, 21 de marzo de 2020.- ONU.- Los bosques albergan alrededor del 80% de la biodiversidad terrestre de todo el mundo, entre los que se encuentran, por ejemplo, este b\u00faho posado en las ramas de un \u00e1rbol. Instant\u00e1nea presentada en un concurso fotogr\u00e1fico de UNEP sobre bosques. Autora: Jessica Kerr. Demasiado preciosos para [&hellip;]<\/p>\n","protected":false},"author":3,"featured_media":0,"comment_status":"open","ping_status":"open","sticky":false,"template":"","format":"standard","meta":{"footnotes":""},"categories":[21],"tags":[],"class_list":["post-54506","post","type-post","status-publish","format-standard","hentry","category-cultura"],"_links":{"self":[{"href":"https:\/\/diariodominicano.com\/index.php?rest_route=\/wp\/v2\/posts\/54506","targetHints":{"allow":["GET"]}}],"collection":[{"href":"https:\/\/diariodominicano.com\/index.php?rest_route=\/wp\/v2\/posts"}],"about":[{"href":"https:\/\/diariodominicano.com\/index.php?rest_route=\/wp\/v2\/types\/post"}],"author":[{"embeddable":true,"href":"https:\/\/diariodominicano.com\/index.php?rest_route=\/wp\/v2\/users\/3"}],"replies":[{"embeddable":true,"href":"https:\/\/diariodominicano.com\/index.php?rest_route=%2Fwp%2Fv2%2Fcomments&post=54506"}],"version-history":[{"count":0,"href":"https:\/\/diariodominicano.com\/index.php?rest_route=\/wp\/v2\/posts\/54506\/revisions"}],"wp:attachment":[{"href":"https:\/\/diariodominicano.com\/index.php?rest_route=%2Fwp%2Fv2%2Fmedia&parent=54506"}],"wp:term":[{"taxonomy":"category","embeddable":true,"href":"https:\/\/diariodominicano.com\/index.php?rest_route=%2Fwp%2Fv2%2Fcategories&post=54506"},{"taxonomy":"post_tag","embeddable":true,"href":"https:\/\/diariodominicano.com\/index.php?rest_route=%2Fwp%2Fv2%2Ftags&post=54506"}],"curies":[{"name":"wp","href":"https:\/\/api.w.org\/{rel}","templated":true}]}}