{"id":545048,"date":"2024-07-14T20:37:44","date_gmt":"2024-07-15T00:37:44","guid":{"rendered":"https:\/\/diariodominicano.com\/?p=545048"},"modified":"2024-07-14T20:39:06","modified_gmt":"2024-07-15T00:39:06","slug":"dia-de-la-bastilla","status":"publish","type":"post","link":"https:\/\/diariodominicano.com\/?p=545048","title":{"rendered":"Dia de la Bastilla"},"content":{"rendered":"\n<p>Antony J. Blinken, Secretario de Estado<\/p>\n\n\n\n<p>En nombre de los Estados Unidos de Am\u00e9rica, extiendo mis m\u00e1s c\u00e1lidos deseos al pueblo de Francia mientras celebra el D\u00eda de la Bastilla.<\/p>\n\n\n\n<p><\/p>\n\n\n\n<p>Francia, nuestro aliado m\u00e1s antiguo, ocupa un lugar preciado en los corazones estadounidenses. Nuestra relaci\u00f3n duradera se basa en los valores compartidos de la democracia, los derechos humanos y la libertad. Juntos hemos enfrentado las pruebas de dos guerras mundiales y hemos trabajado en unidad para construir un mundo m\u00e1s pr\u00f3spero y seguro.<\/p>\n\n\n\n<p>Mientras navegamos por los desaf\u00edos del siglo XXI, nuestra asociaci\u00f3n sigue siendo s\u00f3lida y multifac\u00e9tica. Elogiamos el liderazgo de Francia al abordar cuestiones globales como el cambio clim\u00e1tico, incluso a trav\u00e9s del Acuerdo de Par\u00eds, y apreciamos nuestra estrecha cooperaci\u00f3n en cuestiones de seguridad en Europa, \u00c1frica, Medio Oriente y el Indo-Pac\u00edfico. Nuestros esfuerzos conjuntos para poner fin a la guerra de Rusia contra Ucrania y combatir la crisis clim\u00e1tica subrayan la profundidad de nuestra colaboraci\u00f3n.<\/p>\n\n\n\n<p>Este a\u00f1o se celebran aniversarios e hitos importantes, incluido el 80.\u00ba aniversario de la Liberaci\u00f3n de Francia, el 75.\u00ba aniversario de la OTAN y el papel de Francia como anfitri\u00f3n de los Juegos Ol\u00edmpicos y Paral\u00edmpicos de 2024. Celebramos los sacrificios realizados por quienes han luchado por la libertad y la democracia y honramos su legado continuando trabajando juntos para promover la paz y la prosperidad.<\/p>\n\n\n\n<p>Mis mejores deseos al pueblo de Francia para que disfrute del feliz D\u00eda de la Bastilla y tenga un a\u00f1o exitoso por delante. \u00a1Viva Francia!<\/p>\n\n\n\n<p>U.S. Department of State<\/p>\n\n\n\n<p><a target=\"_blank\" href=\"mailto:usstatebpa@public.govdelivery.com\" rel=\"noreferrer noopener\">usstatebpa@public.govdelivery.com<\/a><\/p>\n\n\n\n<p>14\/07\/2024 12:01 a.m.EDT<\/p>\n","protected":false},"excerpt":{"rendered":"<p>Antony J. Blinken, Secretario de Estado En nombre de los Estados Unidos de Am\u00e9rica, extiendo mis m\u00e1s c\u00e1lidos deseos al pueblo de Francia mientras celebra el D\u00eda de la Bastilla. Francia, nuestro aliado m\u00e1s antiguo, ocupa un lugar preciado en los corazones estadounidenses. Nuestra relaci\u00f3n duradera se basa en los valores compartidos de la democracia, [&hellip;]<\/p>\n","protected":false},"author":2,"featured_media":529103,"comment_status":"closed","ping_status":"closed","sticky":true,"template":"","format":"standard","meta":{"footnotes":""},"categories":[26,23],"tags":[],"class_list":["post-545048","post","type-post","status-publish","format-standard","has-post-thumbnail","hentry","category-efemerides","category-internacional"],"_links":{"self":[{"href":"https:\/\/diariodominicano.com\/index.php?rest_route=\/wp\/v2\/posts\/545048","targetHints":{"allow":["GET"]}}],"collection":[{"href":"https:\/\/diariodominicano.com\/index.php?rest_route=\/wp\/v2\/posts"}],"about":[{"href":"https:\/\/diariodominicano.com\/index.php?rest_route=\/wp\/v2\/types\/post"}],"author":[{"embeddable":true,"href":"https:\/\/diariodominicano.com\/index.php?rest_route=\/wp\/v2\/users\/2"}],"replies":[{"embeddable":true,"href":"https:\/\/diariodominicano.com\/index.php?rest_route=%2Fwp%2Fv2%2Fcomments&post=545048"}],"version-history":[{"count":2,"href":"https:\/\/diariodominicano.com\/index.php?rest_route=\/wp\/v2\/posts\/545048\/revisions"}],"predecessor-version":[{"id":545051,"href":"https:\/\/diariodominicano.com\/index.php?rest_route=\/wp\/v2\/posts\/545048\/revisions\/545051"}],"wp:featuredmedia":[{"embeddable":true,"href":"https:\/\/diariodominicano.com\/index.php?rest_route=\/wp\/v2\/media\/529103"}],"wp:attachment":[{"href":"https:\/\/diariodominicano.com\/index.php?rest_route=%2Fwp%2Fv2%2Fmedia&parent=545048"}],"wp:term":[{"taxonomy":"category","embeddable":true,"href":"https:\/\/diariodominicano.com\/index.php?rest_route=%2Fwp%2Fv2%2Fcategories&post=545048"},{"taxonomy":"post_tag","embeddable":true,"href":"https:\/\/diariodominicano.com\/index.php?rest_route=%2Fwp%2Fv2%2Ftags&post=545048"}],"curies":[{"name":"wp","href":"https:\/\/api.w.org\/{rel}","templated":true}]}}