{"id":545000,"date":"2024-07-14T19:28:33","date_gmt":"2024-07-14T23:28:33","guid":{"rendered":"https:\/\/diariodominicano.com\/?p=545000"},"modified":"2024-07-14T19:28:40","modified_gmt":"2024-07-14T23:28:40","slug":"ataques-a-candidatos-presidenciales-repaso-a-la-violencia-politica-en-eeuu-y-america-latina","status":"publish","type":"post","link":"https:\/\/diariodominicano.com\/?p=545000","title":{"rendered":"Ataques a candidatos presidenciales: repaso a la violencia pol\u00edtica en EEUU y Am\u00e9rica Latina"},"content":{"rendered":"\n<p>El candidato presidencial republicano y expresidente de Estados Unidos, Donald Trump, con el rostro ensangrentado, reacciona tras ser blanco de un atentado durante un mitin de campa\u00f1a en Butler, Pensilvania, Estados Unidos, el 13 de julio de 2024.<\/p>\n\n\n\n<p>julio 14, 2024UPDATE\u00a0hace 35 minuto<\/p>\n\n\n\n<ul class=\"wp-block-list\">\n<li><a href=\"https:\/\/facebook.com\/sharer.php?u=https%3a%2f%2fwww.vozdeamerica.com%2fa%2fataques-a-candidatos-presidenciales-repaso-a-la-violencia-politica-eeuu-latinoamerica%2f7697261.html\" target=\"_blank\" rel=\"noreferrer noopener\"><\/a><\/li>\n\n\n\n<li><a href=\"mailto:?body=https%3a%2f%2fwww.vozdeamerica.com%2fa%2fataques-a-candidatos-presidenciales-repaso-a-la-violencia-politica-eeuu-latinoamerica%2f7697261.html&amp;subject=Ataques%20a%20candidatos%20presidenciales:%20repaso%20a%20la%20violencia%20pol%C3%ADtica%20en%20EEUU%20y%20Am%C3%A9rica%20Latina\"><\/a><\/li>\n<\/ul>\n\n\n\n<p><a href=\"https:\/\/www.vozdeamerica.com\/a\/ataques-a-candidatos-presidenciales-repaso-a-la-violencia-politica-eeuu-latinoamerica\/7697261.html#comments\">&nbsp;Vea comentarios<\/a><\/p>\n\n\n\n<p>El atentado contra el expresidente Donald Trump se suma a otros hechos de violencia pol\u00edtica en EEUU, donde cuatro presidentes han sido asesinados desde 1865 a la fecha. En Latinoam\u00e9rica, cuatro aspirantes presidenciales fueron v\u00edctimas de ataques en las \u00faltimas cuatro d\u00e9cadas.<\/p>\n\n\n\n<p>MIAMI, EEUU \u2014&nbsp;<\/p>\n\n\n\n<p>El atentado contra el exmandatario republicano&nbsp;<strong><em><a href=\"https:\/\/www.vozdeamerica.com\/a\/se-escuchan-varios-disparos-en-un-mitin-de-trump-en-pensilvania-segun-muestra-un-video\/7696904.html\" target=\"_blank\" rel=\"noreferrer noopener\">Donald Trump, en el que result\u00f3 herido en la oreja derecha<\/a><\/em><\/strong>, es el primero contra una importante figura pol\u00edtica en Estados Unidos desde el ataque que sufriera Ronald Reagan en 1981, a solo 70 d\u00edas de que asumiera la presidencia.<\/p>\n\n\n\n<p>Pero casos similares contra aspirantes al poder se han registrado tambi\u00e9n en Latinoam\u00e9rica, con intentos de asesinatos y magnicidios consumados desde hace varias d\u00e9cadas.<\/p>\n\n\n\n<p>Trump fue retirado por el Servicio Secreto con sangre sobre su rostro tras un tiroteo en un mitin que comenzaba en Butler, Pensilvania.<\/p>\n\n\n\n<p><a href=\"https:\/\/www.vozdeamerica.com\/a\/el-fbi-identifica-al-sospechoso-del-intento-de-asesinato-de-trump\/7697469.html\"><\/a><\/p>\n\n\n\n<p><a href=\"https:\/\/www.vozdeamerica.com\/a\/el-fbi-identifica-al-sospechoso-del-intento-de-asesinato-de-trump\/7697469.html\">TAMBI\u00c9N LEA<\/a><\/p>\n\n\n\n<h4 class=\"wp-block-heading\"><a href=\"https:\/\/www.vozdeamerica.com\/a\/el-fbi-identifica-al-sospechoso-del-intento-de-asesinato-de-trump\/7697469.html\">El FBI identifica al sospechoso del intento de asesinato de Trump<\/a><\/h4>\n\n\n\n<p>Aunque el caso de Trump no lleg\u00f3 a m\u00e1s, fue un recordatorio de c\u00f3mo los mandatarios estadounidenses pueden ser blanco de ataques.<\/p>\n\n\n\n<p>El 30 de marzo de 1981, el presidente Ronald Reagan sal\u00eda de una conferencia en el Washington Hilton Hotel, en Washington DC, cuando John Hinckley Jr. obsesionado con la actriz Jodie Foster quiso llamar la atenci\u00f3n y dispar\u00f3 seis veces su rev\u00f3lver, hiriendo al presidente en la axila izquierda.<\/p>\n\n\n\n<figure class=\"wp-block-image\"><a href=\"https:\/\/www.vozdeamerica.com\/a\/en-fotos-como-fueron-los-segundos-siguientes-al-ataque-con-disparos-a-donald-trump-en-pensilvania\/7697198.html\"><img decoding=\"async\" src=\"https:\/\/gdb.voanews.com\/01000000-0aff-0242-05f9-08dca397ed92_w650_r1_s.png\" alt=\"EN FOTOS: \u00bfC\u00f3mo fueron los segundos siguientes al ataque a Donald Trump en Pensilvania\"\/><\/a><figcaption class=\"wp-element-caption\">Galer\u00eda de fotosEN FOTOS: \u00bfC\u00f3mo fueron los segundos siguientes al ataque a Donald Trump en Pensilvania<\/figcaption><\/figure>\n\n\n\n<h3 class=\"wp-block-heading\">Precedentes en EEUU<\/h3>\n\n\n\n<p>Abraham Lincoln, el 16.\u00ba presidente de Estados Unidos, muri\u00f3 de un disparo en la cabeza por parte del actor John Wilkes Booth mientras asist\u00eda a representaci\u00f3n teatral el 14 de abril de 1865 en Washington.<\/p>\n\n\n\n<p>M\u00e1s tarde tambi\u00e9n ser\u00edan asesinados los presidentes James A. Garfield (1881) y William McKinley (1901)<\/p>\n\n\n\n<p>El 22 de noviembre de 1963, Lee Harvey Oswald dispar\u00f3 su fusil contra el entonces presidente John F. Kennedy mientras \u00e9ste era transportado en auto por la plaza Dealey en la ciudad de Dallas, Texas.<\/p>\n\n\n\n<h3 class=\"wp-block-heading\">Villavicencio, Ecuador<\/h3>\n\n\n\n<p>Am\u00e9rica Latina y el Caribe no han estado excentas de casos como estos en los \u00faltimos tiempos.<\/p>\n\n\n\n<p>El m\u00e1s reciente hecho violento ocurri\u00f3 el 9 de agosto de 2023 cuando un comando armado asesin\u00f3 a tiros al candidato presidencial Fernado Villavicencio cuando sal\u00eda de un mitin de campa\u00f1a en Quito, la capital de Ecuador.<\/p>\n\n\n\n<figure class=\"wp-block-image\"><img decoding=\"async\" src=\"https:\/\/gdb.voanews.com\/7a731a1c-995b-4427-940a-cf3554331911_w650_r1_s.jpg\" alt=\"El candidato presidencial ecuatoriano Fernando Villavicencio habla durante un mitin de campa\u00f1a en Quito, Ecuador, el 9 de agosto de 2023. Villaviciencio fue ultimado a balazos el 9 de agosto de 2023 en la capital ecuatoriana.\"\/><figcaption class=\"wp-element-caption\">El candidato presidencial ecuatoriano Fernando Villavicencio habla durante un mitin de campa\u00f1a en Quito, Ecuador, el 9 de agosto de 2023. Villaviciencio fue ultimado a balazos el 9 de agosto de 2023 en la capital ecuatoriana.<\/figcaption><\/figure>\n\n\n\n<p>Villavicencio, de 59 a\u00f1os, contendiente por el partido Movimiento Construye Ecuador, era una de las voces cr\u00edticas m\u00e1s fuertes en contra de la corrupci\u00f3n, especialmente durante el gobierno del expresidente Rafael Correa (2007-2017).<\/p>\n\n\n\n<p>Casi un a\u00f1o despu\u00e9s, una corte de Ecuador sentenci\u00f3 el viernes 13 de julio a entre 12 y 34 a\u00f1os de prisi\u00f3n a cinco acusados por&nbsp;<strong><em><a href=\"https:\/\/www.vozdeamerica.com\/a\/asesinan-ecuador-fiscal-investigaba--asalto-armado-canal-tv\/7444406.html\" target=\"_blank\" rel=\"noreferrer noopener\">el asesinato del candidato Villavicencio<\/a><\/em><\/strong>&nbsp;en agosto del a\u00f1o pasado.<\/p>\n\n\n\n<h3 class=\"wp-block-heading\">Bolsonaro, Brasil<\/h3>\n\n\n\n<p>El 6 de septiembre de 2016 el entonces candidato presidencial Jair Bolsonaro fue&nbsp;<strong><em><a href=\"https:\/\/www.vozdeamerica.com\/a\/brasil-candidato-a-la-presidencia-es-apu%C3%B1alado-durante-campa%C3%B1a\/4560771.html\" target=\"_blank\" rel=\"noreferrer noopener\">apu\u00f1alado en la parte baja del abdomen<\/a><\/em><\/strong>&nbsp;cuando iba en los hombros de un simpatizante viendo a la muchedumbre y con el pulgar de la mano izquierda hacia arriba.<\/p>\n\n\n\n<p>Bolsonaro, un pol\u00edtico de derecha compet\u00eda entonces contra el que hoy ha sido dos veces presidente, Luiz In\u00e1cio Lula da Silva. El ataque corroboraba la polarizaci\u00f3n de la pol\u00edtica en Brasil.<\/p>\n\n\n\n<h3 class=\"wp-block-heading\">Colosio, M\u00e9xico<\/h3>\n\n\n\n<p>El 23 de marzo de 1994 fue asesinado Luis Donaldo Colosio, canditato presidencial por el Partido Revolucionario Insttitucional (PRI), en el estado de Baja California, M\u00e9xico.<\/p>\n\n\n\n<p>Colosio acaba de llegar al aeropuerto de la ciudad de Tijuana para un acto frente a sus simpatizantes cuando Mario Aburto Murrieta emergi\u00f3 de la muchedumbre y descarg\u00f3 su rev\u00f3lver calibre 38 contra la cabeza y luego en el abdomen del pol\u00edtico.<\/p>\n\n\n\n<figure class=\"wp-block-image\"><img decoding=\"async\" src=\"https:\/\/gdb.voanews.com\/01000000-0aff-0242-2b8c-08dca3ff8984_w650_r1_s.jpg\" alt=\"ARCHIVO - Luis Donaldo Colosio, saluda a los periodistas despu\u00e9s de ser nombrado candidato presidencial del gobernante Partido Revolucionario Institucional, 28 de noviembre de 1993, En la ciudad de M\u00e9xico.\"\/><figcaption class=\"wp-element-caption\">ARCHIVO &#8211; Luis Donaldo Colosio, saluda a los periodistas despu\u00e9s de ser nombrado candidato presidencial del gobernante Partido Revolucionario Institucional, 28 de noviembre de 1993, En la ciudad de M\u00e9xico.<\/figcaption><\/figure>\n\n\n\n<p>El hecho conmovi\u00f3 a un convulso M\u00e9xico, y aunque la autencidad de la autor\u00eda de Aburto ha sido cuestionada, la versi\u00f3n oficial lo se\u00f1ala como el \u00fanico responsable.<\/p>\n\n\n\n<h3 class=\"wp-block-heading\">Gal\u00e1n, Colombia<\/h3>\n\n\n\n<p>Colombia, sacudida por la violencia armada entre la d\u00e9cada de 1980 y poco m\u00e1s all\u00e1 de 1990, vio como los c\u00e1rteles de la droga con Pablo Escobar como figura principal, se hicieron de buena parte del control de la vida del pa\u00eds.<\/p>\n\n\n\n<p>El 18 de agosto de 1989 cay\u00f3 abatido a balazos el candidato presidencial Luis Carlos Gal\u00e1n Sarmiento, a solo un mes de cumplir los 46 a\u00f1os de edad.<\/p>\n\n\n\n<p>Gal\u00e1n corr\u00eda hacia la presidencia por tercera vez, en esta ocasi\u00f3n por la corriente Nuevo Liberalismo, y en un acto de campa\u00f1a en Soacha, Cundinamarca, Jaime Eduardo Rueda Rocha y Henry de Jes\u00fas P\u00e9rez abrieron fuego contra \u00e9l y tres de los cinco disparos que lo alcanzaron resultaron fatales.<\/p>\n\n\n\n<p><em>[Parte de la informaci\u00f3n para este reporte provino de AFP y The Associated Press]<\/em><\/p>\n","protected":false},"excerpt":{"rendered":"<p>El candidato presidencial republicano y expresidente de Estados Unidos, Donald Trump, con el rostro ensangrentado, reacciona tras ser blanco de un atentado durante un mitin de campa\u00f1a en Butler, Pensilvania, Estados Unidos, el 13 de julio de 2024. julio 14, 2024UPDATE\u00a0hace 35 minuto &nbsp;Vea comentarios El atentado contra el expresidente Donald Trump se suma a [&hellip;]<\/p>\n","protected":false},"author":2,"featured_media":545001,"comment_status":"closed","ping_status":"closed","sticky":false,"template":"","format":"standard","meta":{"footnotes":""},"categories":[36,26,23,22],"tags":[],"class_list":["post-545000","post","type-post","status-publish","format-standard","has-post-thumbnail","hentry","category-hombresmujeresycosas","category-efemerides","category-internacional","category-politica"],"_links":{"self":[{"href":"https:\/\/diariodominicano.com\/index.php?rest_route=\/wp\/v2\/posts\/545000","targetHints":{"allow":["GET"]}}],"collection":[{"href":"https:\/\/diariodominicano.com\/index.php?rest_route=\/wp\/v2\/posts"}],"about":[{"href":"https:\/\/diariodominicano.com\/index.php?rest_route=\/wp\/v2\/types\/post"}],"author":[{"embeddable":true,"href":"https:\/\/diariodominicano.com\/index.php?rest_route=\/wp\/v2\/users\/2"}],"replies":[{"embeddable":true,"href":"https:\/\/diariodominicano.com\/index.php?rest_route=%2Fwp%2Fv2%2Fcomments&post=545000"}],"version-history":[{"count":1,"href":"https:\/\/diariodominicano.com\/index.php?rest_route=\/wp\/v2\/posts\/545000\/revisions"}],"predecessor-version":[{"id":545002,"href":"https:\/\/diariodominicano.com\/index.php?rest_route=\/wp\/v2\/posts\/545000\/revisions\/545002"}],"wp:featuredmedia":[{"embeddable":true,"href":"https:\/\/diariodominicano.com\/index.php?rest_route=\/wp\/v2\/media\/545001"}],"wp:attachment":[{"href":"https:\/\/diariodominicano.com\/index.php?rest_route=%2Fwp%2Fv2%2Fmedia&parent=545000"}],"wp:term":[{"taxonomy":"category","embeddable":true,"href":"https:\/\/diariodominicano.com\/index.php?rest_route=%2Fwp%2Fv2%2Fcategories&post=545000"},{"taxonomy":"post_tag","embeddable":true,"href":"https:\/\/diariodominicano.com\/index.php?rest_route=%2Fwp%2Fv2%2Ftags&post=545000"}],"curies":[{"name":"wp","href":"https:\/\/api.w.org\/{rel}","templated":true}]}}