{"id":54495,"date":"2020-03-21T17:00:11","date_gmt":"2020-03-21T17:00:11","guid":{"rendered":"http:\/\/diariodominicano.ddns.net\/?p=54495"},"modified":"2020-03-21T17:00:11","modified_gmt":"2020-03-21T17:00:11","slug":"dia-internacional-de-la-eliminacion-de-la-discriminacion-racial","status":"publish","type":"post","link":"https:\/\/diariodominicano.com\/?p=54495","title":{"rendered":"D\u00eda Internacional de la Eliminaci\u00f3n de la Discriminaci\u00f3n Racial&#13;"},"content":{"rendered":"<p><body><\/p>\n<p><img decoding=\"async\" src=\"http:\/\/localhost:8080\/img3\/Dia%20Internacional%20de%20la%20Eliminacion%20de%20la%20Discriminaci%C3%83%C2%B3n%20Racial.jpg\" \/>  <\/p>\n<p><strong>Fin del apartheid e igualdad<\/strong><\/p>\n<p>Naciones Unidas, 20 de marzo de 2020.- ONU.-Desde entonces, el sistema del apartheid en Sud\u00e1frica ha sido desmantelado. En muchos pa\u00edses se han suprimido leyes y pr\u00e1cticas racistas. Aun as\u00ed, el racismo, la xenofobia y la intolerancia son problemas comunes en todas las sociedades. Las pr\u00e1cticas discriminatorias son frecuentes, sobre todo contra los migrantes, refugiados y los afrodescendientes.<\/p>\n<\/p>\n<p>El 21 de marzo de 1.960 la polic\u00eda abri\u00f3 fuego en una manifestaci\u00f3n pac\u00edfica contra las leyes del apartheid que se realizaba en Sharpeville, Sud\u00e1frica. Asesin\u00f3 a 69 personas. Seis a\u00f1os despu\u00e9s, en 1966, la ONU proclam\u00f3 el D\u00eda Internacional de la Eliminaci\u00f3n de la Discriminaci\u00f3n Racial, que se celebra el 21 de marzo todos los a\u00f1os, pidiendo a los pa\u00edses y a la comunidad internacional que redoblen los esfuerzos para eliminar todas las formas de discriminaci\u00f3n racial.<\/p>\n<\/p>\n<p>En 1979, la Asamblea General de la ONU decidi\u00f3 que deber\u00eda organizarse todos los a\u00f1os en todos los Estados, a partir del 21 de marzo, una Semana de Solidaridad con los pueblos que luchan contra el Racismo y la Discriminaci\u00f3n Racial.<\/p>\n<\/p>\n<p>El art\u00edculo 1\u00ba de la Declaraci\u00f3n Universal de los Derechos Humanos proclama que todos los seres humanos nacen libres e iguales en dignidad y derechos. El art\u00edculo 2\u00ba afirma que toda persona tiene todos los derechos y libertades proclamados en esta Declaraci\u00f3n, sin distinci\u00f3n alguna de raza o de cualquier otra \u00edndole.<\/p>\n<\/p>\n<p>Otros eventos relacionados con la discriminaci\u00f3n racial<\/p>\n<p>Relacionados con este D\u00eda Internacional, tambi\u00e9n tenemos los siguientes eventos proclamados por las Naciones Unidas:<\/p>\n<\/p>\n<p>Semana de solidaridad con los pueblos que luchan contra el racismo y la discriminaci\u00f3n racial. Se celebra: a partir del 21 de marzo.<\/p>\n<\/p>\n<p>El 2011 fue proclamado el A\u00f1o Internacional de los Afrodescendientes.<\/p>\n<\/p>\n<p>Decenio Internacional de los Afrodescendientes comenzar\u00e1 el 1 de enero de 2015 y terminar\u00e1 el 31 de diciembre de 2024 con el tema \u00abAfrodescendientes: reconocimiento, justicia y desarrollo\u00bb.<\/p>\n<h6> 2020-03-21 17:00:11 <\/h6>\n<p><!--\n<link rel=\"stylesheet\" href=\"css\/bootstrap.min.css\">\n\n\n<ul class=\"pagination\">\n\t    \n\t\n\n<li >\n\t<a href='?page_no=662'>Previous<\/a>\n\t<\/li>\n\n\n       \n    \n\n<li><a href='?page_no=1'>1<\/a><\/li>\n\n\n\n<li><a href='?page_no=2'>2<\/a><\/li>\n\n\n\n<li><a>...<\/a><\/li>\n\n\n\n<li><a href='?page_no=661'>661<\/a><\/li>\n\n\n\n<li><a href='?page_no=662'>662<\/a><\/li>\n\n\n\n<li class='active'><a>663<\/a><\/li>\n\n\n\n<li><a href='?page_no=664'>664<\/a><\/li>\n\n\n\n<li><a href='?page_no=665'>665<\/a><\/li>\n\n\n\n<li><a>...<\/a><\/li>\n\n\n\n<li><a href='?page_no=22911'>22911<\/a><\/li>\n\n\n\n<li><a href='?page_no=22912'>22912<\/a><\/li>\n\n    \n\t\n\n<li >\n\t<a href='?page_no=664'>Next<\/a>\n\t<\/li>\n\n\n    \n\n<li><a href='?page_no=22912'>Last &rsaquo;&rsaquo;<\/a><\/li>\n\n<\/ul>\n\n\n--><br \/>\n<\/body><\/p>\n","protected":false},"excerpt":{"rendered":"<p>Fin del apartheid e igualdad Naciones Unidas, 20 de marzo de 2020.- ONU.-Desde entonces, el sistema del apartheid en Sud\u00e1frica ha sido desmantelado. En muchos pa\u00edses se han suprimido leyes y pr\u00e1cticas racistas. Aun as\u00ed, el racismo, la xenofobia y la intolerancia son problemas comunes en todas las sociedades. Las pr\u00e1cticas discriminatorias son frecuentes, sobre [&hellip;]<\/p>\n","protected":false},"author":3,"featured_media":0,"comment_status":"open","ping_status":"open","sticky":false,"template":"","format":"standard","meta":{"footnotes":""},"categories":[21],"tags":[],"class_list":["post-54495","post","type-post","status-publish","format-standard","hentry","category-cultura"],"_links":{"self":[{"href":"https:\/\/diariodominicano.com\/index.php?rest_route=\/wp\/v2\/posts\/54495","targetHints":{"allow":["GET"]}}],"collection":[{"href":"https:\/\/diariodominicano.com\/index.php?rest_route=\/wp\/v2\/posts"}],"about":[{"href":"https:\/\/diariodominicano.com\/index.php?rest_route=\/wp\/v2\/types\/post"}],"author":[{"embeddable":true,"href":"https:\/\/diariodominicano.com\/index.php?rest_route=\/wp\/v2\/users\/3"}],"replies":[{"embeddable":true,"href":"https:\/\/diariodominicano.com\/index.php?rest_route=%2Fwp%2Fv2%2Fcomments&post=54495"}],"version-history":[{"count":0,"href":"https:\/\/diariodominicano.com\/index.php?rest_route=\/wp\/v2\/posts\/54495\/revisions"}],"wp:attachment":[{"href":"https:\/\/diariodominicano.com\/index.php?rest_route=%2Fwp%2Fv2%2Fmedia&parent=54495"}],"wp:term":[{"taxonomy":"category","embeddable":true,"href":"https:\/\/diariodominicano.com\/index.php?rest_route=%2Fwp%2Fv2%2Fcategories&post=54495"},{"taxonomy":"post_tag","embeddable":true,"href":"https:\/\/diariodominicano.com\/index.php?rest_route=%2Fwp%2Fv2%2Ftags&post=54495"}],"curies":[{"name":"wp","href":"https:\/\/api.w.org\/{rel}","templated":true}]}}