{"id":54484,"date":"2020-03-22T09:13:42","date_gmt":"2020-03-22T09:13:42","guid":{"rendered":"http:\/\/diariodominicano.ddns.net\/?p=54484"},"modified":"2020-03-22T09:13:42","modified_gmt":"2020-03-22T09:13:42","slug":"escogen-a-pedro-antonio-pimentel-presidente-de-republica","status":"publish","type":"post","link":"https:\/\/diariodominicano.com\/?p=54484","title":{"rendered":"Escogen a Pedro Antonio Pimentel Presidente de Rep\u00fablica"},"content":{"rendered":"<p><body><\/p>\n<p><img decoding=\"async\" src=\"img3\/Pedro Ant Pimentel00.jpg.jpg\" \/>  <\/p>\n<p><strong> Diariodominicano.com<\/strong><\/p>\n<p><strong><span class=\"text1noticias\"> El General Pimentel fue uno de los militares que se distingui\u00f3 en la Guerra  de  la Restauraci\u00f3n de la Rep\u00fablica Dominicana (1863-1865)   la cual hab\u00eda sido anexada a Espa\u00f1a por el Gobierno del General Pedro Santana, el 18 de marzo de 1861. <\/span><\/strong><\/p>\n<p><strong> <\/strong><\/p>\n<\/p>\n<p><strong><span class=\"text1noticias\">Escogen a Pedro Antonio Pimentel Presidente de la Rep\u00fablica Dominicana<\/span><\/strong><\/p>\n<p> Por HTN<\/p>\n<p>Diariodominicano.com<\/p>\n<\/p>\n<p><strong><span class=\"text1noticias\">SANTIAGO DE LOS CABALLEROS.- El  22 de marzo de 1865<\/span><\/strong><span class=\"text1noticias\">, la Convenci\u00f3n Nacional escogi\u00f3 en Santiago, al general Pedro Antonio Pimentel,  Presidente de la Rep\u00fablica Dominicana.<\/span><\/p>\n<\/p>\n<p><span class=\"text1noticias\">     El General Pimentel fue uno de los militares que se distingui\u00f3 en la Guerra  de  la Restauraci\u00f3n de la Rep\u00fablica Dominicana (1863-1865)   la cual hab\u00eda sido anexada a Espa\u00f1a por el Gobierno del General Pedro Santana, el 18 de marzo de 1861. <\/span><\/p>\n<\/p>\n<p><span class=\"text1noticias\">  Al Presidente  Pimentel le toc\u00f3 negociar la salida de los \u00faltimos remanentes militares de Espa\u00f1a, quienes abandonaron el pa\u00eds a partir del 10 de julio de 1865.<\/span><\/p>\n<\/p>\n<p><span class=\"text1noticias\">     Pedro Antonio Pimentel naci\u00f3 en Montecristi en el a\u00f1o 1830, hijo de  Jacinto Pimentel y Juana Chamorro.<\/span><\/p>\n<\/p>\n<p><span class=\"text1noticias\">    De joven se involucr\u00f3 en las actividades militares.<\/span><\/p>\n<\/p>\n<\/p>\n<\/p>\n<h6> 2020-03-22 09:13:42 <\/h6>\n<p><!--\n<link rel=\"stylesheet\" href=\"css\/bootstrap.min.css\">\n\n\n<ul class=\"pagination\">\n\t    \n\t\n\n<li >\n\t<a href='?page_no=661'>Previous<\/a>\n\t<\/li>\n\n\n       \n    \n\n<li><a href='?page_no=1'>1<\/a><\/li>\n\n\n\n<li><a href='?page_no=2'>2<\/a><\/li>\n\n\n\n<li><a>...<\/a><\/li>\n\n\n\n<li><a href='?page_no=660'>660<\/a><\/li>\n\n\n\n<li><a href='?page_no=661'>661<\/a><\/li>\n\n\n\n<li class='active'><a>662<\/a><\/li>\n\n\n\n<li><a href='?page_no=663'>663<\/a><\/li>\n\n\n\n<li><a href='?page_no=664'>664<\/a><\/li>\n\n\n\n<li><a>...<\/a><\/li>\n\n\n\n<li><a href='?page_no=22911'>22911<\/a><\/li>\n\n\n\n<li><a href='?page_no=22912'>22912<\/a><\/li>\n\n    \n\t\n\n<li >\n\t<a href='?page_no=663'>Next<\/a>\n\t<\/li>\n\n\n    \n\n<li><a href='?page_no=22912'>Last &rsaquo;&rsaquo;<\/a><\/li>\n\n<\/ul>\n\n\n--><br \/>\n<\/body><\/p>\n","protected":false},"excerpt":{"rendered":"<p>Diariodominicano.com El General Pimentel fue uno de los militares que se distingui\u00f3 en la Guerra de la Restauraci\u00f3n de la Rep\u00fablica Dominicana (1863-1865) la cual hab\u00eda sido anexada a Espa\u00f1a por el Gobierno del General Pedro Santana, el 18 de marzo de 1861. Escogen a Pedro Antonio Pimentel Presidente de la Rep\u00fablica Dominicana Por HTN [&hellip;]<\/p>\n","protected":false},"author":3,"featured_media":0,"comment_status":"open","ping_status":"open","sticky":false,"template":"","format":"standard","meta":{"footnotes":""},"categories":[21],"tags":[],"class_list":["post-54484","post","type-post","status-publish","format-standard","hentry","category-cultura"],"_links":{"self":[{"href":"https:\/\/diariodominicano.com\/index.php?rest_route=\/wp\/v2\/posts\/54484","targetHints":{"allow":["GET"]}}],"collection":[{"href":"https:\/\/diariodominicano.com\/index.php?rest_route=\/wp\/v2\/posts"}],"about":[{"href":"https:\/\/diariodominicano.com\/index.php?rest_route=\/wp\/v2\/types\/post"}],"author":[{"embeddable":true,"href":"https:\/\/diariodominicano.com\/index.php?rest_route=\/wp\/v2\/users\/3"}],"replies":[{"embeddable":true,"href":"https:\/\/diariodominicano.com\/index.php?rest_route=%2Fwp%2Fv2%2Fcomments&post=54484"}],"version-history":[{"count":0,"href":"https:\/\/diariodominicano.com\/index.php?rest_route=\/wp\/v2\/posts\/54484\/revisions"}],"wp:attachment":[{"href":"https:\/\/diariodominicano.com\/index.php?rest_route=%2Fwp%2Fv2%2Fmedia&parent=54484"}],"wp:term":[{"taxonomy":"category","embeddable":true,"href":"https:\/\/diariodominicano.com\/index.php?rest_route=%2Fwp%2Fv2%2Fcategories&post=54484"},{"taxonomy":"post_tag","embeddable":true,"href":"https:\/\/diariodominicano.com\/index.php?rest_route=%2Fwp%2Fv2%2Ftags&post=54484"}],"curies":[{"name":"wp","href":"https:\/\/api.w.org\/{rel}","templated":true}]}}