{"id":544798,"date":"2024-07-13T10:35:52","date_gmt":"2024-07-13T14:35:52","guid":{"rendered":"https:\/\/diariodominicano.com\/?p=544798"},"modified":"2024-07-13T10:36:00","modified_gmt":"2024-07-13T14:36:00","slug":"mih-expo-2024-en-haiti-celebran-exposicion-made-in-haiti-en-el-hotel-el-rancho-en-puerto-principe","status":"publish","type":"post","link":"https:\/\/diariodominicano.com\/?p=544798","title":{"rendered":"MIH Expo 2024 en Hait\u00ed, celebran exposici\u00f3n Made in Haiti en el Hotel El Rancho en Puerto Pr\u00edncipe"},"content":{"rendered":"\n<p>diariodominicano.com<\/p>\n\n\n\n<p>Puerto Pr\u00edncipe, 13 jul (Prensa Latina) La exposici\u00f3n Made in Haiti (MIH Expo 2024) se efect\u00faa hoy en esta naci\u00f3n caribe\u00f1a, con el objetivo de impulsar la actividad econ\u00f3mica y comercial.<\/p>\n\n\n\n<p>El nuevo centro de convenciones del Hotel El Rancho es la sede de la cita empresarial cuya prioridad es poner de relieve los saberes y la manufactura criolla.<\/p>\n\n\n\n<p>Esta primera edici\u00f3n con una sola jornada de duraci\u00f3, contar\u00e1 con unos 60 expositores locales, cubriendo diversos sectores como textiles y alta tecnolog\u00eda.<\/p>\n\n\n\n<p>Tambi\u00e9n ser\u00e1n mostrados condimentos, productos de la agroindustria, gastronom\u00eda, servicios financieros, energ\u00edas renovables, automotriz y la industria de bebidas y licores.<\/p>\n\n\n\n<p>La cita -seg\u00fan el diario digital Juno 7- ser\u00e1 una oportunidad \u00fanica para que las empresas locales muestren sus insumos e innovaciones.<\/p>\n\n\n\n<p>El ministro de Comercio, Industria y Turismo, James Monazard, elogi\u00f3 a los organizadores de MIH Expo 2024 que tomaron esta iniciativa a pesar de la actual crisis de seguridad en Hait\u00ed, pues es una valiosa oportunidad para que las entidades muestren su know-how.<\/p>\n\n\n\n<p>mem\/joe<\/p>\n","protected":false},"excerpt":{"rendered":"<p>diariodominicano.com Puerto Pr\u00edncipe, 13 jul (Prensa Latina) La exposici\u00f3n Made in Haiti (MIH Expo 2024) se efect\u00faa hoy en esta naci\u00f3n caribe\u00f1a, con el objetivo de impulsar la actividad econ\u00f3mica y comercial. El nuevo centro de convenciones del Hotel El Rancho es la sede de la cita empresarial cuya prioridad es poner de relieve los [&hellip;]<\/p>\n","protected":false},"author":5,"featured_media":544799,"comment_status":"closed","ping_status":"closed","sticky":true,"template":"","format":"standard","meta":{"footnotes":""},"categories":[112,23,27],"tags":[],"class_list":["post-544798","post","type-post","status-publish","format-standard","has-post-thumbnail","hentry","category-haiti","category-internacional","category-portada"],"_links":{"self":[{"href":"https:\/\/diariodominicano.com\/index.php?rest_route=\/wp\/v2\/posts\/544798","targetHints":{"allow":["GET"]}}],"collection":[{"href":"https:\/\/diariodominicano.com\/index.php?rest_route=\/wp\/v2\/posts"}],"about":[{"href":"https:\/\/diariodominicano.com\/index.php?rest_route=\/wp\/v2\/types\/post"}],"author":[{"embeddable":true,"href":"https:\/\/diariodominicano.com\/index.php?rest_route=\/wp\/v2\/users\/5"}],"replies":[{"embeddable":true,"href":"https:\/\/diariodominicano.com\/index.php?rest_route=%2Fwp%2Fv2%2Fcomments&post=544798"}],"version-history":[{"count":1,"href":"https:\/\/diariodominicano.com\/index.php?rest_route=\/wp\/v2\/posts\/544798\/revisions"}],"predecessor-version":[{"id":544800,"href":"https:\/\/diariodominicano.com\/index.php?rest_route=\/wp\/v2\/posts\/544798\/revisions\/544800"}],"wp:featuredmedia":[{"embeddable":true,"href":"https:\/\/diariodominicano.com\/index.php?rest_route=\/wp\/v2\/media\/544799"}],"wp:attachment":[{"href":"https:\/\/diariodominicano.com\/index.php?rest_route=%2Fwp%2Fv2%2Fmedia&parent=544798"}],"wp:term":[{"taxonomy":"category","embeddable":true,"href":"https:\/\/diariodominicano.com\/index.php?rest_route=%2Fwp%2Fv2%2Fcategories&post=544798"},{"taxonomy":"post_tag","embeddable":true,"href":"https:\/\/diariodominicano.com\/index.php?rest_route=%2Fwp%2Fv2%2Ftags&post=544798"}],"curies":[{"name":"wp","href":"https:\/\/api.w.org\/{rel}","templated":true}]}}