{"id":544697,"date":"2024-07-12T12:47:01","date_gmt":"2024-07-12T16:47:01","guid":{"rendered":"https:\/\/diariodominicano.com\/?p=544697"},"modified":"2024-07-12T12:47:08","modified_gmt":"2024-07-12T16:47:08","slug":"tania-medina-en-la-nueva-edicion-de-best-doctors-volumen","status":"publish","type":"post","link":"https:\/\/diariodominicano.com\/?p=544697","title":{"rendered":"Tania Medina en la nueva edici\u00f3n de \u2018Best Doctors Volumen\u2019"},"content":{"rendered":"\n<p><strong><em><u>La cirujana pl\u00e1stica figura entre los m\u00e9dicos que, por segunda vez, Mercado Media Network presenta en su dosier, el cual pone en valor la excelencia, dedicaci\u00f3n y pasi\u00f3n de los profesionales de la medicina de Rep\u00fablica Dominicana.<\/u><\/em><\/strong><\/p>\n\n\n\n<p>Santo Domingo, RD.-\u00a0La cirujana Tania Medina est\u00e1 feliz y agradecida por estar dentro de los profesionales de la medicina de Rep\u00fablica Dominicana que figuran en la edici\u00f3n \u2018Best Doctors Volumen II\u2019 que acaba de presentar la Casa Editorial Mercado Media Network.<\/p>\n\n\n\n<p>\u201cPara m\u00ed es otro sue\u00f1o logrado. Estoy consciente de la cantidad de m\u00e9dicos con alto nivel profesional, de las diversas \u00e1reas, con que cuenta el pa\u00eds, y estar en la lista es un gran halago y un compromiso para continuar realizando un trabajo de calidad y seguridad para el bienestar de nuestros pacientes\u201d, coment\u00f3 la cirujana pl\u00e1stica tras ser publicada la revista.<\/p>\n\n\n\n<p>Medina ha sido portada de varios medios internacionales y locales, pero estar en esta entrega local la llena de emoci\u00f3n y satisfacci\u00f3n porque es como \u201cser profeta en tu tierra\u201d, pues \u2018Best Doctors Volumen\u2019 resalta &nbsp;la excelencia, dedicaci\u00f3n y pasi\u00f3n de los profesionales de la medicina en el pa\u00eds.<\/p>\n\n\n\n<p>Este volumen especial destaca las trayectorias y aportes de aquellos m\u00e9dicos que, a trav\u00e9s de su incansable labor, han marcado la diferencia en el cuidado y bienestar de la poblaci\u00f3n dominicana, resalta los responsables de la publicaci\u00f3n.<\/p>\n\n\n\n<p>Con esta iniciativa buscan visibilizar y reconocer p\u00fablicamente el invaluable trabajo de estos profesionales, cuya vocaci\u00f3n y compromiso han contribuido significativamente al desarrollo y fortalecimiento del sistema de salud en Rep\u00fablica Dominicana.<\/p>\n\n\n\n<p>Precisamente por las razones que exponen los ide\u00f3logos de este dosier es que la cirujana pl\u00e1stica Tania Medina no oculta la alegr\u00eda que le ha provocado ser tomada en cuenta por poseer estos atributos que, desde sus inicios en el \u00e1rea de la medicina ha tratado de fortalecer con una labor de respeto, entrega y humanidad.<\/p>\n\n\n\n<p>Raysa F\u00e9liz<\/p>\n\n\n\n<p><a target=\"_blank\" href=\"mailto:raysafeliz@gmail.com\" rel=\"noreferrer noopener\">raysafeliz@gmail.com<\/a><\/p>\n\n\n\n<p><\/p>\n\n\n\n<p><\/p>\n","protected":false},"excerpt":{"rendered":"<p>La cirujana pl\u00e1stica figura entre los m\u00e9dicos que, por segunda vez, Mercado Media Network presenta en su dosier, el cual pone en valor la excelencia, dedicaci\u00f3n y pasi\u00f3n de los profesionales de la medicina de Rep\u00fablica Dominicana. Santo Domingo, RD.-\u00a0La cirujana Tania Medina est\u00e1 feliz y agradecida por estar dentro de los profesionales de la [&hellip;]<\/p>\n","protected":false},"author":28,"featured_media":544698,"comment_status":"closed","ping_status":"closed","sticky":true,"template":"","format":"standard","meta":{"footnotes":""},"categories":[36,25,27],"tags":[],"class_list":["post-544697","post","type-post","status-publish","format-standard","has-post-thumbnail","hentry","category-hombresmujeresycosas","category-gente","category-portada"],"_links":{"self":[{"href":"https:\/\/diariodominicano.com\/index.php?rest_route=\/wp\/v2\/posts\/544697","targetHints":{"allow":["GET"]}}],"collection":[{"href":"https:\/\/diariodominicano.com\/index.php?rest_route=\/wp\/v2\/posts"}],"about":[{"href":"https:\/\/diariodominicano.com\/index.php?rest_route=\/wp\/v2\/types\/post"}],"author":[{"embeddable":true,"href":"https:\/\/diariodominicano.com\/index.php?rest_route=\/wp\/v2\/users\/28"}],"replies":[{"embeddable":true,"href":"https:\/\/diariodominicano.com\/index.php?rest_route=%2Fwp%2Fv2%2Fcomments&post=544697"}],"version-history":[{"count":1,"href":"https:\/\/diariodominicano.com\/index.php?rest_route=\/wp\/v2\/posts\/544697\/revisions"}],"predecessor-version":[{"id":544699,"href":"https:\/\/diariodominicano.com\/index.php?rest_route=\/wp\/v2\/posts\/544697\/revisions\/544699"}],"wp:featuredmedia":[{"embeddable":true,"href":"https:\/\/diariodominicano.com\/index.php?rest_route=\/wp\/v2\/media\/544698"}],"wp:attachment":[{"href":"https:\/\/diariodominicano.com\/index.php?rest_route=%2Fwp%2Fv2%2Fmedia&parent=544697"}],"wp:term":[{"taxonomy":"category","embeddable":true,"href":"https:\/\/diariodominicano.com\/index.php?rest_route=%2Fwp%2Fv2%2Fcategories&post=544697"},{"taxonomy":"post_tag","embeddable":true,"href":"https:\/\/diariodominicano.com\/index.php?rest_route=%2Fwp%2Fv2%2Ftags&post=544697"}],"curies":[{"name":"wp","href":"https:\/\/api.w.org\/{rel}","templated":true}]}}