{"id":54461,"date":"2020-11-09T20:21:57","date_gmt":"2020-11-09T20:21:57","guid":{"rendered":"http:\/\/diariodominicano.ddns.net\/?p=54461"},"modified":"2020-11-09T20:21:57","modified_gmt":"2020-11-09T20:21:57","slug":"inquietud-por-desembarco-de-militares-estadounidenses","status":"publish","type":"post","link":"https:\/\/diariodominicano.com\/?p=54461","title":{"rendered":"Inquietud  por desembarco de militares estadounidenses"},"content":{"rendered":"<p><body><\/p>\n<p><img decoding=\"async\" src=\"img3\/Woodrow-Wilson.jpg\" \/>  <\/p>\n<p><strong>Diariodominicano,com<\/strong><\/p>\n<p><strong>Inquietud  por desembarco de militares estadounidenses<\/strong><\/p>\n<p><strong>SANTO DOMINGO, el  10 de noviembre de 1916<\/strong>, se vivi\u00f3 un ambiente de  tensi\u00f3n en la ciudad de Santo Domingo y las distintas regiones de Rep\u00fablica Dominicana,  por el aumento del n\u00famero  de militares de Estados Unidos en el territorio nacional.<\/p>\n<p>    El 10 de noviembre de 1916 aunque el Gobierno de Estados Unidos no hab\u00eda declarado la intervenci\u00f3n militar contra la Rep\u00fablica Dominicana, pr\u00e1cticamente la ocupaci\u00f3n  militar  era un hecho.<\/p>\n<p>     En  San Pedro de Macor\u00eds, y  el Cibao se produjeron nuevas manifestaciones de protesta.<\/p>\n<p>      El hecho m\u00e1s grave se hab\u00eda producido  el  3 de julio de 1916,  cuando un grupo de dominicanos se enfrentaron a tropas de Estados Unidos, que extend\u00edan la ocupaci\u00f3n militar a la  L\u00ednea  Noroeste.<\/p>\n<p>    El combate se produjo en la Barranquita, cerca del municipio de Esperanza.<\/p>\n<p>    Los dominicanos que se enfrentaron a los militares estadounidenses eran  comandados por el general  Carlos Daniel Grull\u00f3n.<\/p>\n<p>    En el enfrentamiento, que permiti\u00f3 detener el avance de los invasores, murieron  varios dominicanos, entre los que se encontraban M\u00e1ximo Cabral Reyes, Francisco Pe\u00f1a, Carlos Guti\u00e9rrez  Jim\u00e9nez, Magdaleno Zapata y Agust\u00edn Cabral hijo.<\/p>\n<p>   Los militares estadounidenses comandados por el Almirante John H. Pendleton, hab\u00edan desembarcado por  Montecristi.<\/p>\n<p>    La batalla de la Barranquita simboliza el hero\u00edsmo de los dominicanos en la lucha contra la intervenci\u00f3n militar de Estados Unidos, en 1916.<\/p>\n<p>     Estados Unidos declar\u00f3 de manera oficial la ocupaci\u00f3n  militar contra la Rep\u00fablica Dominicana el d\u00eda 29 de noviembre de 1916, cuando el capit\u00e1n William Knapp public\u00f3 su proclama.<\/p>\n<p>    En la ocasi\u00f3n proclam\u00f3  que la Rep\u00fablica Dominicana queda \u00aben un Estado de ocupaci\u00f3n militar\u00bb por las fuerzas bajo su mando.<\/p>\n<\/p>\n<\/p>\n<h6> 2020-11-09 20:21:57 <\/h6>\n<p><!--\n<link rel=\"stylesheet\" href=\"css\/bootstrap.min.css\">\n\n\n<ul class=\"pagination\">\n\t    \n\t\n\n<li >\n\t<a href='?page_no=65'>Previous<\/a>\n\t<\/li>\n\n\n       \n    \n\n<li><a href='?page_no=1'>1<\/a><\/li>\n\n\n\n<li><a href='?page_no=2'>2<\/a><\/li>\n\n\n\n<li><a>...<\/a><\/li>\n\n\n\n<li><a href='?page_no=64'>64<\/a><\/li>\n\n\n\n<li><a href='?page_no=65'>65<\/a><\/li>\n\n\n\n<li class='active'><a>66<\/a><\/li>\n\n\n\n<li><a href='?page_no=67'>67<\/a><\/li>\n\n\n\n<li><a href='?page_no=68'>68<\/a><\/li>\n\n\n\n<li><a>...<\/a><\/li>\n\n\n\n<li><a href='?page_no=22911'>22911<\/a><\/li>\n\n\n\n<li><a href='?page_no=22912'>22912<\/a><\/li>\n\n    \n\t\n\n<li >\n\t<a href='?page_no=67'>Next<\/a>\n\t<\/li>\n\n\n    \n\n<li><a href='?page_no=22912'>Last &rsaquo;&rsaquo;<\/a><\/li>\n\n<\/ul>\n\n\n--><br \/>\n<\/body><\/p>\n","protected":false},"excerpt":{"rendered":"<p>Diariodominicano,com Inquietud por desembarco de militares estadounidenses SANTO DOMINGO, el 10 de noviembre de 1916, se vivi\u00f3 un ambiente de tensi\u00f3n en la ciudad de Santo Domingo y las distintas regiones de Rep\u00fablica Dominicana, por el aumento del n\u00famero de militares de Estados Unidos en el territorio nacional. El 10 de noviembre de 1916 aunque [&hellip;]<\/p>\n","protected":false},"author":3,"featured_media":0,"comment_status":"open","ping_status":"open","sticky":false,"template":"","format":"standard","meta":{"footnotes":""},"categories":[21],"tags":[],"class_list":["post-54461","post","type-post","status-publish","format-standard","hentry","category-cultura"],"_links":{"self":[{"href":"https:\/\/diariodominicano.com\/index.php?rest_route=\/wp\/v2\/posts\/54461","targetHints":{"allow":["GET"]}}],"collection":[{"href":"https:\/\/diariodominicano.com\/index.php?rest_route=\/wp\/v2\/posts"}],"about":[{"href":"https:\/\/diariodominicano.com\/index.php?rest_route=\/wp\/v2\/types\/post"}],"author":[{"embeddable":true,"href":"https:\/\/diariodominicano.com\/index.php?rest_route=\/wp\/v2\/users\/3"}],"replies":[{"embeddable":true,"href":"https:\/\/diariodominicano.com\/index.php?rest_route=%2Fwp%2Fv2%2Fcomments&post=54461"}],"version-history":[{"count":0,"href":"https:\/\/diariodominicano.com\/index.php?rest_route=\/wp\/v2\/posts\/54461\/revisions"}],"wp:attachment":[{"href":"https:\/\/diariodominicano.com\/index.php?rest_route=%2Fwp%2Fv2%2Fmedia&parent=54461"}],"wp:term":[{"taxonomy":"category","embeddable":true,"href":"https:\/\/diariodominicano.com\/index.php?rest_route=%2Fwp%2Fv2%2Fcategories&post=54461"},{"taxonomy":"post_tag","embeddable":true,"href":"https:\/\/diariodominicano.com\/index.php?rest_route=%2Fwp%2Fv2%2Ftags&post=54461"}],"curies":[{"name":"wp","href":"https:\/\/api.w.org\/{rel}","templated":true}]}}