{"id":544591,"date":"2024-07-11T23:52:36","date_gmt":"2024-07-12T03:52:36","guid":{"rendered":"https:\/\/diariodominicano.com\/?p=544591"},"modified":"2024-07-12T00:10:24","modified_gmt":"2024-07-12T04:10:24","slug":"avelino-abreu-sas-pre-estrena-el-nuevo-bentley-continental-gt-speed","status":"publish","type":"post","link":"https:\/\/diariodominicano.com\/?p=544591","title":{"rendered":"Avelino Abreu SAS pre-estrena el nuevo Bentley Continental GT Speed"},"content":{"rendered":"\n<p>Jorge Gonz\u00e1lez, Carla Fr\u00edas, Rosa Milagros Abreu y Enrique Garc\u00eda<\/p>\n\n\n\n<figure class=\"wp-block-image size-large\"><img loading=\"lazy\" decoding=\"async\" width=\"1024\" height=\"768\" src=\"https:\/\/diariodominicano.com\/wp-content\/uploads\/2024\/07\/Foto-14-Nuevo-Bentley-Continental-GT-Speed-1024x768.jpg\" alt=\"\" class=\"wp-image-544595\" srcset=\"https:\/\/diariodominicano.com\/wp-content\/uploads\/2024\/07\/Foto-14-Nuevo-Bentley-Continental-GT-Speed-1024x768.jpg 1024w, https:\/\/diariodominicano.com\/wp-content\/uploads\/2024\/07\/Foto-14-Nuevo-Bentley-Continental-GT-Speed-300x225.jpg 300w, https:\/\/diariodominicano.com\/wp-content\/uploads\/2024\/07\/Foto-14-Nuevo-Bentley-Continental-GT-Speed-768x576.jpg 768w, https:\/\/diariodominicano.com\/wp-content\/uploads\/2024\/07\/Foto-14-Nuevo-Bentley-Continental-GT-Speed-1536x1152.jpg 1536w, https:\/\/diariodominicano.com\/wp-content\/uploads\/2024\/07\/Foto-14-Nuevo-Bentley-Continental-GT-Speed-2048x1536.jpg 2048w, https:\/\/diariodominicano.com\/wp-content\/uploads\/2024\/07\/Foto-14-Nuevo-Bentley-Continental-GT-Speed-816x612.jpg 816w\" sizes=\"auto, (max-width: 1024px) 100vw, 1024px\" \/><\/figure>\n\n\n\n<p><strong>Nuevo Bentley Continental GT Speed<\/strong><\/p>\n\n\n\n<p>Rafael Reyes Bison\u00f3 <\/p>\n\n\n\n<p><br>Diariodominicano.com<\/p>\n\n\n\n<p><strong>Santo Domingo, Rep\u00fablica Dominicana \u2013 Mi\u00e9rcoles 10 de julio de 2024.<\/strong> Avelino Abreu SAS, empresa automotriz representante de la marca Bentley en el pa\u00eds, encabezada por Rosa Milagros Abreu, Presidenta Ejecutiva, se enorgullece en revelar las primeras im\u00e1genes del nuevo Continental GT Speed de cuarta generaci\u00f3n, el Bentley m\u00e1s potente jam\u00e1s creado en sus 105 a\u00f1os de historia.<\/p>\n\n\n\n<figure class=\"wp-block-image size-large\"><img loading=\"lazy\" decoding=\"async\" width=\"621\" height=\"1024\" src=\"https:\/\/diariodominicano.com\/wp-content\/uploads\/2024\/07\/Foto-3-Alexia-Carias-Amaro-y-Isabel-Ovalles-621x1024.jpg\" alt=\"\" class=\"wp-image-544596\" srcset=\"https:\/\/diariodominicano.com\/wp-content\/uploads\/2024\/07\/Foto-3-Alexia-Carias-Amaro-y-Isabel-Ovalles-621x1024.jpg 621w, https:\/\/diariodominicano.com\/wp-content\/uploads\/2024\/07\/Foto-3-Alexia-Carias-Amaro-y-Isabel-Ovalles-182x300.jpg 182w, https:\/\/diariodominicano.com\/wp-content\/uploads\/2024\/07\/Foto-3-Alexia-Carias-Amaro-y-Isabel-Ovalles-768x1267.jpg 768w, https:\/\/diariodominicano.com\/wp-content\/uploads\/2024\/07\/Foto-3-Alexia-Carias-Amaro-y-Isabel-Ovalles-931x1536.jpg 931w, https:\/\/diariodominicano.com\/wp-content\/uploads\/2024\/07\/Foto-3-Alexia-Carias-Amaro-y-Isabel-Ovalles-816x1346.jpg 816w, https:\/\/diariodominicano.com\/wp-content\/uploads\/2024\/07\/Foto-3-Alexia-Carias-Amaro-y-Isabel-Ovalles.jpg 1200w\" sizes=\"auto, (max-width: 621px) 100vw, 621px\" \/><\/figure>\n\n\n\n<p><strong>Alexia Car\u00edas Amaro y\u00a0 Isabel Ovalles<\/strong><\/p>\n\n\n\n<p>Este evento exclusivo se llev\u00f3 a cabo en el Showroom Bentley, alineado con otros mercados a nivel mundial donde la marca tiene presencia, destac\u00f3 por su innovadora presentaci\u00f3n cinematogr\u00e1fica, donde los invitados tuvieron la oportunidad de descubrir este extraordinario modelo.<\/p>\n\n\n\n<p>Benjam\u00edn Paiewonsky, Gerente General, inaugur\u00f3 la velada con un discurso de bienvenida, resaltando la importancia del nuevo Continental GT Speed para la marca Bentley, siendo una de las marcas de autom\u00f3viles de lujo m\u00e1s codiciada del mundo. \u00abEstamos muy emocionados de revelarles la pr\u00f3xima generaci\u00f3n de un coche que ha llegado a definir la marca Bentley y que continuar\u00e1 haci\u00e9ndolo en el futuro,\u00bb expres\u00f3.<\/p>\n\n\n\n<figure class=\"wp-block-image size-large\"><img loading=\"lazy\" decoding=\"async\" width=\"1024\" height=\"683\" src=\"https:\/\/diariodominicano.com\/wp-content\/uploads\/2024\/07\/Foto-17-Antonio-Imbert-deleitandose-del-Interior-del-nuevo-Bentley-Continental-GT-Speed-1024x683.jpg\" alt=\"\" class=\"wp-image-544598\" srcset=\"https:\/\/diariodominicano.com\/wp-content\/uploads\/2024\/07\/Foto-17-Antonio-Imbert-deleitandose-del-Interior-del-nuevo-Bentley-Continental-GT-Speed-1024x683.jpg 1024w, https:\/\/diariodominicano.com\/wp-content\/uploads\/2024\/07\/Foto-17-Antonio-Imbert-deleitandose-del-Interior-del-nuevo-Bentley-Continental-GT-Speed-300x200.jpg 300w, https:\/\/diariodominicano.com\/wp-content\/uploads\/2024\/07\/Foto-17-Antonio-Imbert-deleitandose-del-Interior-del-nuevo-Bentley-Continental-GT-Speed-768x512.jpg 768w, https:\/\/diariodominicano.com\/wp-content\/uploads\/2024\/07\/Foto-17-Antonio-Imbert-deleitandose-del-Interior-del-nuevo-Bentley-Continental-GT-Speed-816x544.jpg 816w, https:\/\/diariodominicano.com\/wp-content\/uploads\/2024\/07\/Foto-17-Antonio-Imbert-deleitandose-del-Interior-del-nuevo-Bentley-Continental-GT-Speed.jpg 1500w\" sizes=\"auto, (max-width: 1024px) 100vw, 1024px\" \/><\/figure>\n\n\n\n<p><strong>Antonio Imbert deleit\u00e1ndose del Interior del\u00a0 nuevo Bentley Continenta<\/strong>l<strong> GT<\/strong> Spee<strong>d<\/strong><\/p>\n\n\n\n<p>El nuevo Continental GT Speed es el primer modelo de Bentley en incorporar el revolucionario sistema de propulsi\u00f3n Ultra Performance Hybrid, capaz de generar 782 CV y 1.000 Nm de par motor. Con una autonom\u00eda el\u00e9ctrica de 80 km, emisiones de CO2 (WLTP) inferiores a 50 g\/km y una velocidad m\u00e1xima de 335 km\/h.<\/p>\n\n\n\n<p>\u00abEste veh\u00edculo no solo marca un hito en el compromiso de Bentley con la movilidad de lujo sostenible, sino que tambi\u00e9n reafirma su supremac\u00eda en el rendimiento automotriz y nuestro compromiso con la sostenibilidad y la innovaci\u00f3n\u00bb, resalt\u00f3 Alexander Guti\u00e9rrez, Gerente de Ventas.<\/p>\n\n\n\n<p>En esta m\u00e1gica noche, los invitados disfrutaron de una experiencia audiovisual envolvente que destac\u00f3 las caracter\u00edsticas \u00fanicas del nuevo Continental GT Speed, desde su impresionante dise\u00f1o hasta su rendimiento excepcional. Uno de los momentos m\u00e1s destacados fue la presentaci\u00f3n del \u00abR\u00e9cord de velocidad bajo el agua\u00bb, donde el coche alcanz\u00f3 su velocidad m\u00e1xima en el t\u00fanel de Ryfylke en Noruega, pasando de estar detenido a 335 km\/h en solo 33 segundos.<\/p>\n\n\n\n<p>Carla Fr\u00edas, Directora de Mercadeo, expres\u00f3 \u201cEste evento no solo celebr\u00f3 la innovaci\u00f3n y la excelencia de Bentley, sino que tambi\u00e9n ofreci\u00f3 a los invitados un momento inolvidable, marcado por el lujo y la exclusividad que define a la marca.\u201d<\/p>\n\n\n\n<p>El nuevo Continental GT Speed de cuarta generaci\u00f3n est\u00e1 disponible para pedidos y promete redefinir los est\u00e1ndares de los veh\u00edculos gran turismo de lujo. Con su introducci\u00f3n, Bentley reafirma su liderazgo en el sector automotriz de lujo, ofreciendo una combinaci\u00f3n incomparable de rendimiento din\u00e1mico, sostenibilidad y exclusividad sin concesiones.<\/p>\n\n\n\n<p>Durante el evento se cont\u00f3 con la presencia de Macallan, una marca reconocida mundialmente y aliada estrat\u00e9gica de Bentley. Los invitados tuvieron la oportunidad de disfrutar de una exquisita selecci\u00f3n de whisky, complementando la experiencia de la velada.<\/p>\n\n\n\n<p>As\u00ed como el Continental GT original inici\u00f3 una era dorada para Bentley, esta nueva generaci\u00f3n est\u00e1 destinada a convertirse en una leyenda automotriz.<\/p>\n\n\n\n<p>Rafael Reyes Bison\u00f3 \/ E-mail: rafaelreyesbisono@hotmail.com <\/p>\n\n\n\n<p><\/p>\n","protected":false},"excerpt":{"rendered":"<p>Jorge Gonz\u00e1lez, Carla Fr\u00edas, Rosa Milagros Abreu y Enrique Garc\u00eda Nuevo Bentley Continental GT Speed Rafael Reyes Bison\u00f3 Diariodominicano.com Santo Domingo, Rep\u00fablica Dominicana \u2013 Mi\u00e9rcoles 10 de julio de 2024. Avelino Abreu SAS, empresa automotriz representante de la marca Bentley en el pa\u00eds, encabezada por Rosa Milagros Abreu, Presidenta Ejecutiva, se enorgullece en revelar las [&hellip;]<\/p>\n","protected":false},"author":28,"featured_media":544592,"comment_status":"closed","ping_status":"closed","sticky":false,"template":"","format":"standard","meta":{"footnotes":""},"categories":[36,25],"tags":[],"class_list":["post-544591","post","type-post","status-publish","format-standard","has-post-thumbnail","hentry","category-hombresmujeresycosas","category-gente"],"_links":{"self":[{"href":"https:\/\/diariodominicano.com\/index.php?rest_route=\/wp\/v2\/posts\/544591","targetHints":{"allow":["GET"]}}],"collection":[{"href":"https:\/\/diariodominicano.com\/index.php?rest_route=\/wp\/v2\/posts"}],"about":[{"href":"https:\/\/diariodominicano.com\/index.php?rest_route=\/wp\/v2\/types\/post"}],"author":[{"embeddable":true,"href":"https:\/\/diariodominicano.com\/index.php?rest_route=\/wp\/v2\/users\/28"}],"replies":[{"embeddable":true,"href":"https:\/\/diariodominicano.com\/index.php?rest_route=%2Fwp%2Fv2%2Fcomments&post=544591"}],"version-history":[{"count":4,"href":"https:\/\/diariodominicano.com\/index.php?rest_route=\/wp\/v2\/posts\/544591\/revisions"}],"predecessor-version":[{"id":544601,"href":"https:\/\/diariodominicano.com\/index.php?rest_route=\/wp\/v2\/posts\/544591\/revisions\/544601"}],"wp:featuredmedia":[{"embeddable":true,"href":"https:\/\/diariodominicano.com\/index.php?rest_route=\/wp\/v2\/media\/544592"}],"wp:attachment":[{"href":"https:\/\/diariodominicano.com\/index.php?rest_route=%2Fwp%2Fv2%2Fmedia&parent=544591"}],"wp:term":[{"taxonomy":"category","embeddable":true,"href":"https:\/\/diariodominicano.com\/index.php?rest_route=%2Fwp%2Fv2%2Fcategories&post=544591"},{"taxonomy":"post_tag","embeddable":true,"href":"https:\/\/diariodominicano.com\/index.php?rest_route=%2Fwp%2Fv2%2Ftags&post=544591"}],"curies":[{"name":"wp","href":"https:\/\/api.w.org\/{rel}","templated":true}]}}