{"id":544585,"date":"2024-07-11T23:31:11","date_gmt":"2024-07-12T03:31:11","guid":{"rendered":"https:\/\/diariodominicano.com\/?p=544585"},"modified":"2024-07-15T19:54:50","modified_gmt":"2024-07-15T23:54:50","slug":"aird-el-sistema-de-seguridad-social-esta-sujeto-a-mejoras","status":"publish","type":"post","link":"https:\/\/diariodominicano.com\/?p=544585","title":{"rendered":"AIRD: el sistema de seguridad social est\u00e1 sujeto a mejoras"},"content":{"rendered":"\n<p><strong><em>Actores clave del sistema plantean los principales retos para su transformaci\u00f3n<\/em><\/strong><\/p>\n\n\n\n<p><strong>Santo Domingo, RD. &#8211;<\/strong>&nbsp;Julio Virgilio Brache, presidente de la Asociaci\u00f3n de Industrias de la Rep\u00fablica Dominicana (AIRD), dijo  que el sistema de seguridad social necesita mejoras continuas, cruciales para el desarrollo nacional. Indic\u00f3 que el envejecimiento de la poblaci\u00f3n, la baja tasa de natalidad y el aumento en la esperanza de vida son desaf\u00edos significativos.&nbsp;<\/p>\n\n\n\n<figure class=\"wp-block-image\"><img decoding=\"async\" src=\"https:\/\/diariodominicano.com\/wp-content\/uploads\/2024\/07\/Luis-Miguel-De-Camps-ministro-de-Trabajo-1024x576.jpg\" alt=\"\"\/><\/figure>\n\n\n\n<p>En el Encuentro Industrial sobre la Seguridad Social organizado por la AIRD participaron Luis Miguel De Camps, ministro de Trabajo; Edward Guzm\u00e1n, gerente general del Consejo Nacional de la Seguridad Social; Henry Sadhal\u00e1, tesorero de la Seguridad Social; Jes\u00fas Feris Iglesias, superintendente de SISALRIL; y Francisco Torres, superintendente de SIPEN. Los temas discutidos incluyeron gobernanza, recursos financieros, salud y riesgos laborales, y pensiones, fundamentales para el desarrollo sostenible y la satisfacci\u00f3n de los beneficiarios.<\/p>\n\n\n\n<p>De Camps resalt\u00f3 los logros en el Seguro Familiar de Salud, pero advirti\u00f3 que mayores mejoras requieren recursos adicionales. Mencion\u00f3 la necesidad de fortalecer el pilar solidario de pensiones y la implementaci\u00f3n de la atenci\u00f3n primaria como \u00e1reas clave. Tambi\u00e9n enfatiz\u00f3 la importancia de la cobertura de salud para pensionados y la ampliaci\u00f3n de cobertura para hijos que estudien.<\/p>\n\n\n\n<p>Por su parte, Guzm\u00e1n enfatiz\u00f3 como prioritarias la implementaci\u00f3n del Primer Nivel de Atenci\u00f3n y la atenci\u00f3n integral con enfoque preventivo. Se\u00f1al\u00f3 la necesidad de equilibrio financiero, inclusi\u00f3n de nuevos beneficios en el SFS, reducci\u00f3n del gasto de bolsillo y cobertura universal.<\/p>\n\n\n\n<figure class=\"wp-block-image\"><img decoding=\"async\" src=\"https:\/\/diariodominicano.com\/wp-content\/uploads\/2024\/07\/Julio-Vigilio-Brache-presidente-de-la-AIRD-1-1024x682.jpg\" alt=\"\"\/><\/figure>\n\n\n\n<p>Mientras que Sadhal\u00e1 describi\u00f3 la preocupante situaci\u00f3n financiera de las recaudaciones de la seguridad social y advirti\u00f3 el riesgo sobre el fondo de cuidado de la salud, lo que podr\u00eda llevar a un aumento de cotizaciones. Llam\u00f3 a corregir la elusi\u00f3n, evasi\u00f3n y tipificaci\u00f3n de salarios para mejorar los ingresos.<\/p>\n\n\n\n<p>Feris Iglesias identific\u00f3 retos como la reducci\u00f3n del subregistro de enfermedades profesionales, la integraci\u00f3n de IDOPPRIL en la atenci\u00f3n primaria, y la promoci\u00f3n de cobertura para trabajadores por cuenta propia. Destac\u00f3 la necesidad de fortalecer el SFS para jubilados y pensionados.<\/p>\n\n\n\n<p>Finalmente, Francisco Torres subray\u00f3 oportunidades de mejora en la institucionalidad del pilar no contributivo y los fondos complementarios. Promovi\u00f3 el ahorro personal con fondos de pensiones complementarios y la educaci\u00f3n de los beneficiarios sobre el tema de pensiones.<\/p>\n\n\n\n<p>El evento concluy\u00f3 con un panel moderado por Mario Pujols vicepresidente ejecutivo de la AIRD, donde los conferencistas respondieron preguntas del p\u00fablico, destacando la importancia de mejorar el sistema de seguridad social y asegurar la sostenibilidad financiera del mismo.<\/p>\n\n\n\n<p>L\u00eda \u00c1lvarez L\u00f3pez<\/p>\n\n\n\n<p><a target=\"_blank\" href=\"mailto:lia@mediaticos.com.do\" rel=\"noreferrer noopener\">lia@mediaticos.com.do<\/a><\/p>\n","protected":false},"excerpt":{"rendered":"<p>Actores clave del sistema plantean los principales retos para su transformaci\u00f3n Santo Domingo, RD. &#8211;&nbsp;Julio Virgilio Brache, presidente de la Asociaci\u00f3n de Industrias de la Rep\u00fablica Dominicana (AIRD), dijo que el sistema de seguridad social necesita mejoras continuas, cruciales para el desarrollo nacional. Indic\u00f3 que el envejecimiento de la poblaci\u00f3n, la baja tasa de natalidad [&hellip;]<\/p>\n","protected":false},"author":2,"featured_media":545303,"comment_status":"closed","ping_status":"closed","sticky":true,"template":"","format":"standard","meta":{"footnotes":""},"categories":[20,18,27],"tags":[],"class_list":["post-544585","post","type-post","status-publish","format-standard","has-post-thumbnail","hentry","category-dominicana-hoy","category-economia","category-portada"],"_links":{"self":[{"href":"https:\/\/diariodominicano.com\/index.php?rest_route=\/wp\/v2\/posts\/544585","targetHints":{"allow":["GET"]}}],"collection":[{"href":"https:\/\/diariodominicano.com\/index.php?rest_route=\/wp\/v2\/posts"}],"about":[{"href":"https:\/\/diariodominicano.com\/index.php?rest_route=\/wp\/v2\/types\/post"}],"author":[{"embeddable":true,"href":"https:\/\/diariodominicano.com\/index.php?rest_route=\/wp\/v2\/users\/2"}],"replies":[{"embeddable":true,"href":"https:\/\/diariodominicano.com\/index.php?rest_route=%2Fwp%2Fv2%2Fcomments&post=544585"}],"version-history":[{"count":2,"href":"https:\/\/diariodominicano.com\/index.php?rest_route=\/wp\/v2\/posts\/544585\/revisions"}],"predecessor-version":[{"id":545305,"href":"https:\/\/diariodominicano.com\/index.php?rest_route=\/wp\/v2\/posts\/544585\/revisions\/545305"}],"wp:featuredmedia":[{"embeddable":true,"href":"https:\/\/diariodominicano.com\/index.php?rest_route=\/wp\/v2\/media\/545303"}],"wp:attachment":[{"href":"https:\/\/diariodominicano.com\/index.php?rest_route=%2Fwp%2Fv2%2Fmedia&parent=544585"}],"wp:term":[{"taxonomy":"category","embeddable":true,"href":"https:\/\/diariodominicano.com\/index.php?rest_route=%2Fwp%2Fv2%2Fcategories&post=544585"},{"taxonomy":"post_tag","embeddable":true,"href":"https:\/\/diariodominicano.com\/index.php?rest_route=%2Fwp%2Fv2%2Ftags&post=544585"}],"curies":[{"name":"wp","href":"https:\/\/api.w.org\/{rel}","templated":true}]}}