{"id":544524,"date":"2024-07-11T17:22:14","date_gmt":"2024-07-11T21:22:14","guid":{"rendered":"https:\/\/diariodominicano.com\/?p=544524"},"modified":"2024-07-11T17:22:20","modified_gmt":"2024-07-11T21:22:20","slug":"dictan-prision-preventiva-contra-dos-hombres-imputados-por-el-asesinato-de-otro-en-elias-pina","status":"publish","type":"post","link":"https:\/\/diariodominicano.com\/?p=544524","title":{"rendered":"Dictan prisi\u00f3n preventiva contra dos hombres imputados por el asesinato de otro en El\u00edas Pi\u00f1a"},"content":{"rendered":"\n<p>diariodominicano.com<\/p>\n\n\n\n<p>Comendador, <strong>El\u00edas Pi\u00f1a, R. D.,<\/strong>\u2002<strong>11 de julio, 2024.<\/strong>&#8211; La Fiscal\u00eda de El\u00edas Pi\u00f1a logr\u00f3 la imposici\u00f3n de prisi\u00f3n preventiva por espacio de tres meses, como medida de coerci\u00f3n, en contra de dos hombres a quienes les imputa el asesinato de otro, por viejas rencillas, en un hecho registrado el 28 de junio del a\u00f1o en curso.\u00a0<\/p>\n\n\n\n<p>En la audiencia para el conocimiento de medida de coerci\u00f3n, el juez del Juzgado de la Instrucci\u00f3n de este distrito judicial, Luis Martes, acogi\u00f3 la solicitud del Ministerio P\u00fablico, representado por la procuradora fiscal Luisa de la Rosa Alc\u00e1ntara, y le impuso la prisi\u00f3n preventiva a los imputados Luis Miguel Polanco y Franklin Encarnaci\u00f3n, por el homicidio de Dawarki Figuereo Valdez.<\/p>\n\n\n\n<p>Por el hecho, el pasado 17 de junio le fue conocida la medida de coerci\u00f3 al nacional haitiano Jean Aristine y se encuentra pr\u00f3fugo otro de los implicados, solo identificado como Alex.<\/p>\n\n\n\n<p>La investigaci\u00f3n del Ministerio P\u00fablico establece que los cuatro implicados, quienes se asociaron para cometer el hecho, hirieron de varios disparos a Figuereo Valdez, quien al momento de la agresi\u00f3n se encontraba en su vivienda.<\/p>\n\n\n\n<p>Las heridas causadas por los disparos que recibi\u00f3 provocaron la muerte de la v\u00edctima, seg\u00fan el acta de levantamiento de cad\u00e1ver No. 077120, emitida por el m\u00e9dico legista.&nbsp;<\/p>\n\n\n\n<p>Los procesados enfrentan cargos provisionales por violaci\u00f3n a los art\u00edculos 265, 266, 295, 304 y 309 del C\u00f3digo Penal Dominicano y la Ley 631-16 sobre Armas, Municiones y Materiales Relacionados.&nbsp;<\/p>\n\n\n\n<p>Los imputados deber\u00e1n cumplir la prisi\u00f3n preventiva en el Centro de Correcci\u00f3n y Rehabilitaci\u00f3n (CCR) El\u00edas Pi\u00f1a.&nbsp;<\/p>\n\n\n\n<p><strong>Direcci\u00f3n General de Comunicaci\u00f3n, Prensa, y RRPP<\/strong><strong><\/strong><\/p>\n\n\n\n<p>Ministerio P\u00fablico.&nbsp;R.D.<\/p>\n\n\n\n<p>Jueves, 11 de julio de 2024<\/p>\n","protected":false},"excerpt":{"rendered":"<p>diariodominicano.com Comendador, El\u00edas Pi\u00f1a, R. D.,\u200211 de julio, 2024.&#8211; La Fiscal\u00eda de El\u00edas Pi\u00f1a logr\u00f3 la imposici\u00f3n de prisi\u00f3n preventiva por espacio de tres meses, como medida de coerci\u00f3n, en contra de dos hombres a quienes les imputa el asesinato de otro, por viejas rencillas, en un hecho registrado el 28 de junio del a\u00f1o [&hellip;]<\/p>\n","protected":false},"author":5,"featured_media":544525,"comment_status":"closed","ping_status":"closed","sticky":true,"template":"","format":"standard","meta":{"footnotes":""},"categories":[24,27],"tags":[],"class_list":["post-544524","post","type-post","status-publish","format-standard","has-post-thumbnail","hentry","category-justicia-y-derecho","category-portada"],"_links":{"self":[{"href":"https:\/\/diariodominicano.com\/index.php?rest_route=\/wp\/v2\/posts\/544524","targetHints":{"allow":["GET"]}}],"collection":[{"href":"https:\/\/diariodominicano.com\/index.php?rest_route=\/wp\/v2\/posts"}],"about":[{"href":"https:\/\/diariodominicano.com\/index.php?rest_route=\/wp\/v2\/types\/post"}],"author":[{"embeddable":true,"href":"https:\/\/diariodominicano.com\/index.php?rest_route=\/wp\/v2\/users\/5"}],"replies":[{"embeddable":true,"href":"https:\/\/diariodominicano.com\/index.php?rest_route=%2Fwp%2Fv2%2Fcomments&post=544524"}],"version-history":[{"count":1,"href":"https:\/\/diariodominicano.com\/index.php?rest_route=\/wp\/v2\/posts\/544524\/revisions"}],"predecessor-version":[{"id":544526,"href":"https:\/\/diariodominicano.com\/index.php?rest_route=\/wp\/v2\/posts\/544524\/revisions\/544526"}],"wp:featuredmedia":[{"embeddable":true,"href":"https:\/\/diariodominicano.com\/index.php?rest_route=\/wp\/v2\/media\/544525"}],"wp:attachment":[{"href":"https:\/\/diariodominicano.com\/index.php?rest_route=%2Fwp%2Fv2%2Fmedia&parent=544524"}],"wp:term":[{"taxonomy":"category","embeddable":true,"href":"https:\/\/diariodominicano.com\/index.php?rest_route=%2Fwp%2Fv2%2Fcategories&post=544524"},{"taxonomy":"post_tag","embeddable":true,"href":"https:\/\/diariodominicano.com\/index.php?rest_route=%2Fwp%2Fv2%2Ftags&post=544524"}],"curies":[{"name":"wp","href":"https:\/\/api.w.org\/{rel}","templated":true}]}}