{"id":54450,"date":"2020-03-22T23:47:48","date_gmt":"2020-03-22T23:47:48","guid":{"rendered":"http:\/\/diariodominicano.ddns.net\/?p=54450"},"modified":"2020-03-22T23:47:48","modified_gmt":"2020-03-22T23:47:48","slug":"santana-decide-no-deportar-al-arzobispo-portes-2","status":"publish","type":"post","link":"https:\/\/diariodominicano.com\/?p=54450","title":{"rendered":"Santana decide no deportar al Arzobispo  Portes"},"content":{"rendered":"<p><body><\/p>\n<p><img decoding=\"async\" src=\"img3\/Santana00.jpg\" \/>  <\/p>\n<p><strong>Diariodominicano.com<\/strong><\/p>\n<p><strong>Santana decide no deportar al Arzobispo  Portes <\/strong><\/p>\n<p><strong> El Presidente Pedro Santana presionaba a los religiosos desde marzo de 1853, porque los consideraba partidarios del ex Presidente Buenaventura B\u00e1ez.<\/strong><\/p>\n<p><strong>Por HTN<\/strong><\/p>\n<p><strong>Diariodominicano.com<\/strong><\/p>\n<\/p>\n<p><strong>SANTO DOMINGO.- El  23 de marzo de 1854, <\/strong>el Presidente General Pedro Santana dispuso la suspensi\u00f3n del decreto en virtud del cual hab\u00eda autorizado la expulsi\u00f3n del pa\u00eds del Arzobispo de Santo Domingo, Monse\u00f1or Portes e Infante y otros tres sacerdotes.<\/p>\n<p>    Adem\u00e1s del Arzobispo Portes se aplaz\u00f3 la expulsi\u00f3n del pa\u00eds de los presb\u00edteros Gaspar Hern\u00e1ndez, El\u00edas Rodr\u00edguez y Jos\u00e9 El\u00edas Pe\u00f1a.<\/p>\n<p>    El Presidente Pedro Santana presionaba a los religiosos desde marzo de 1853, porque los consideraba partidarios del ex Presidente Buenaventura B\u00e1ez.<\/p>\n<p>    En el momento que desat\u00f3 una crisis con la Iglesia Cat\u00f3lica,  el presidente  Santana agotaba su segundo per\u00edodo de Gobierno. Hab\u00eda sido electo en febrero de 1853, para sustituir a B\u00e1ez, quien cumpli\u00f3 su per\u00edodo de Gobierno, el cual hab\u00eda iniciado el 24 de septiembre de 1849.<\/p>\n<p>    En su nueva administraci\u00f3n Pedro Santana rompi\u00f3 sus relaciones con el ex Presidente Buenaventura B\u00e1ez y persigui\u00f3 a la Iglesia Cat\u00f3lica porque lo apoy\u00f3.<\/p>\n<p>    El 3 de julio de 1853, Santana acus\u00f3 a B\u00e1ez de cometer los peores cr\u00edmenes contra la Rep\u00fablica.<\/p>\n<h6> 2020-03-22 23:47:48 <\/h6>\n<p><!--\n<link rel=\"stylesheet\" href=\"css\/bootstrap.min.css\">\n\n\n<ul class=\"pagination\">\n\t    \n\t\n\n<li >\n\t<a href='?page_no=658'>Previous<\/a>\n\t<\/li>\n\n\n       \n    \n\n<li><a href='?page_no=1'>1<\/a><\/li>\n\n\n\n<li><a href='?page_no=2'>2<\/a><\/li>\n\n\n\n<li><a>...<\/a><\/li>\n\n\n\n<li><a href='?page_no=657'>657<\/a><\/li>\n\n\n\n<li><a href='?page_no=658'>658<\/a><\/li>\n\n\n\n<li class='active'><a>659<\/a><\/li>\n\n\n\n<li><a href='?page_no=660'>660<\/a><\/li>\n\n\n\n<li><a href='?page_no=661'>661<\/a><\/li>\n\n\n\n<li><a>...<\/a><\/li>\n\n\n\n<li><a href='?page_no=22911'>22911<\/a><\/li>\n\n\n\n<li><a href='?page_no=22912'>22912<\/a><\/li>\n\n    \n\t\n\n<li >\n\t<a href='?page_no=660'>Next<\/a>\n\t<\/li>\n\n\n    \n\n<li><a href='?page_no=22912'>Last &rsaquo;&rsaquo;<\/a><\/li>\n\n<\/ul>\n\n\n--><br \/>\n<\/body><\/p>\n","protected":false},"excerpt":{"rendered":"<p>Diariodominicano.com Santana decide no deportar al Arzobispo Portes El Presidente Pedro Santana presionaba a los religiosos desde marzo de 1853, porque los consideraba partidarios del ex Presidente Buenaventura B\u00e1ez. Por HTN Diariodominicano.com SANTO DOMINGO.- El 23 de marzo de 1854, el Presidente General Pedro Santana dispuso la suspensi\u00f3n del decreto en virtud del cual hab\u00eda [&hellip;]<\/p>\n","protected":false},"author":3,"featured_media":0,"comment_status":"open","ping_status":"open","sticky":false,"template":"","format":"standard","meta":{"footnotes":""},"categories":[21],"tags":[],"class_list":["post-54450","post","type-post","status-publish","format-standard","hentry","category-cultura"],"_links":{"self":[{"href":"https:\/\/diariodominicano.com\/index.php?rest_route=\/wp\/v2\/posts\/54450","targetHints":{"allow":["GET"]}}],"collection":[{"href":"https:\/\/diariodominicano.com\/index.php?rest_route=\/wp\/v2\/posts"}],"about":[{"href":"https:\/\/diariodominicano.com\/index.php?rest_route=\/wp\/v2\/types\/post"}],"author":[{"embeddable":true,"href":"https:\/\/diariodominicano.com\/index.php?rest_route=\/wp\/v2\/users\/3"}],"replies":[{"embeddable":true,"href":"https:\/\/diariodominicano.com\/index.php?rest_route=%2Fwp%2Fv2%2Fcomments&post=54450"}],"version-history":[{"count":0,"href":"https:\/\/diariodominicano.com\/index.php?rest_route=\/wp\/v2\/posts\/54450\/revisions"}],"wp:attachment":[{"href":"https:\/\/diariodominicano.com\/index.php?rest_route=%2Fwp%2Fv2%2Fmedia&parent=54450"}],"wp:term":[{"taxonomy":"category","embeddable":true,"href":"https:\/\/diariodominicano.com\/index.php?rest_route=%2Fwp%2Fv2%2Fcategories&post=54450"},{"taxonomy":"post_tag","embeddable":true,"href":"https:\/\/diariodominicano.com\/index.php?rest_route=%2Fwp%2Fv2%2Ftags&post=54450"}],"curies":[{"name":"wp","href":"https:\/\/api.w.org\/{rel}","templated":true}]}}