{"id":54439,"date":"2020-03-23T12:14:20","date_gmt":"2020-03-23T12:14:20","guid":{"rendered":"http:\/\/diariodominicano.ddns.net\/?p=54439"},"modified":"2020-03-23T12:14:20","modified_gmt":"2020-03-23T12:14:20","slug":"murio-la-actriz-italiana-lucia-bose-a-los-89-anos","status":"publish","type":"post","link":"https:\/\/diariodominicano.com\/?p=54439","title":{"rendered":"Muri\u00f3 la actriz italiana Luc\u00eda Bos\u00e9 a los 89 a\u00f1os"},"content":{"rendered":"<p><body><\/p>\n<p><img decoding=\"async\" src=\"img3\/bose02.jpg\" \/>  <\/p>\n<p>Actualidad <\/p>\n<\/p>\n<p>Muri\u00f3 la actriz italiana Luc\u00eda Bos\u00e9 a los 89 a\u00f1os<\/p>\n<\/p>\n<p>AFP\/Archivos \/ Valerie Macon<\/p>\n<\/p>\n<p>Luc\u00eda Bos\u00e9 acompa\u00f1a a su hijo Miguel en la gala en que \u00e9ste recibi\u00f3 el premio de Persona del A\u00f1o de los Grammy Latinos, junto a los m\u00fasicos (de izq a dcha) Juanes, Alejandro Sanz y Luis Cobos, el 21 de noviembre de 2013 en Las Vegas (EEUU)<\/p>\n<\/p>\n<p>La actriz italiana Luc\u00eda Bos\u00e9, conocida por sus papeles en pel\u00edculas de Antonioni, Bu\u00f1uel y Fellini y madre de una saga de artistas, muri\u00f3 este lunes en Espa\u00f1a a los 89 a\u00f1os, anunci\u00f3 su hijo Miguel Bos\u00e9.<\/p>\n<\/p>\n<p>\u00abQueridos amig@s &#8230; os comunico que mi madre Luc\u00eda Bos\u00e9 acaba de fallecer. Ya est\u00e1 en el mejor de los sitios\u00bb, escribi\u00f3 el cantante en su cuenta oficial de Twitter.<\/p>\n<\/p>\n<p>Seg\u00fan varios medios locales muri\u00f3 en Segovia, a unos 100 km al norte de Madrid, a causa de una neumon\u00eda.<\/p>\n<\/p>\n<p>Actriz y modelo, Luc\u00eda Bos\u00e9, nacida en Mil\u00e1n en 1931, fue Miss Italia en 1947.<\/p>\n<\/p>\n<p>Con menos de 20 a\u00f1os actu\u00f3 en \u00abCr\u00f3nica de un amor\u00bb, de Michelangelo Antonioni, uno de los grandes maestros del neorrealismo italiano, con el que volvi\u00f3 a trabajar en \u00abLa se\u00f1ora sin camelias\u00bb (1953).<\/p>\n<\/p>\n<p>AFP\/Archivos \/ Leboj<\/p>\n<p>Luc\u00eda Bos\u00e9 y su esposo, el torero Luis Miguel Domingu\u00edn (derecha), son recibidos por el pintor espa\u00f1ol Pablo Picasso y su esposa, Jacqueline, el 13 de diciembre de 1963 en el aeropuerto de Niza, al sureste de Francia<\/p>\n<p>El a\u00f1o 1955 marc\u00f3 tambi\u00e9n un hito, con sus roles en \u00abMuerte de un ciclista\u00bb, dirigida por Juan Antonio Bardem, y en \u00abAs\u00ed es la aurora\u00bb, de Luis Bu\u00f1uel.<\/p>\n<\/p>\n<p>Aquel mismo a\u00f1o se cas\u00f3 con el torero espa\u00f1ol Luis Miguel Domingu\u00edn, con el que tuvo tres hijos: el cantante Miguel Bos\u00e9, la empresaria Luc\u00eda Bos\u00e9, y la actriz y dise\u00f1adora de moda Paola Domingu\u00edn.<\/p>\n<\/p>\n<p>Durante su matrimonio con el matador la actriz puso entre par\u00e9ntesis su carrera, pero la retom\u00f3 a partir de 1967, tras su medi\u00e1tico divorcio.<\/p>\n<\/p>\n<p>Actu\u00f3 as\u00ed con directores espa\u00f1oles y tambi\u00e9n italianos, como Mauro Bolognini en \u00abMetello\u00bb y Federico Fellini en \u00abSatiric\u00f3n\u00bb (1969).<\/p>\n<h6> 2020-03-23 12:14:20 <\/h6>\n<p><!--\n<link rel=\"stylesheet\" href=\"css\/bootstrap.min.css\">\n\n\n<ul class=\"pagination\">\n\t    \n\t\n\n<li >\n\t<a href='?page_no=657'>Previous<\/a>\n\t<\/li>\n\n\n       \n    \n\n<li><a href='?page_no=1'>1<\/a><\/li>\n\n\n\n<li><a href='?page_no=2'>2<\/a><\/li>\n\n\n\n<li><a>...<\/a><\/li>\n\n\n\n<li><a href='?page_no=656'>656<\/a><\/li>\n\n\n\n<li><a href='?page_no=657'>657<\/a><\/li>\n\n\n\n<li class='active'><a>658<\/a><\/li>\n\n\n\n<li><a href='?page_no=659'>659<\/a><\/li>\n\n\n\n<li><a href='?page_no=660'>660<\/a><\/li>\n\n\n\n<li><a>...<\/a><\/li>\n\n\n\n<li><a href='?page_no=22911'>22911<\/a><\/li>\n\n\n\n<li><a href='?page_no=22912'>22912<\/a><\/li>\n\n    \n\t\n\n<li >\n\t<a href='?page_no=659'>Next<\/a>\n\t<\/li>\n\n\n    \n\n<li><a href='?page_no=22912'>Last &rsaquo;&rsaquo;<\/a><\/li>\n\n<\/ul>\n\n\n--><br \/>\n<\/body><\/p>\n","protected":false},"excerpt":{"rendered":"<p>Actualidad Muri\u00f3 la actriz italiana Luc\u00eda Bos\u00e9 a los 89 a\u00f1os AFP\/Archivos \/ Valerie Macon Luc\u00eda Bos\u00e9 acompa\u00f1a a su hijo Miguel en la gala en que \u00e9ste recibi\u00f3 el premio de Persona del A\u00f1o de los Grammy Latinos, junto a los m\u00fasicos (de izq a dcha) Juanes, Alejandro Sanz y Luis Cobos, el 21 [&hellip;]<\/p>\n","protected":false},"author":3,"featured_media":0,"comment_status":"open","ping_status":"open","sticky":false,"template":"","format":"standard","meta":{"footnotes":""},"categories":[21],"tags":[],"class_list":["post-54439","post","type-post","status-publish","format-standard","hentry","category-cultura"],"_links":{"self":[{"href":"https:\/\/diariodominicano.com\/index.php?rest_route=\/wp\/v2\/posts\/54439","targetHints":{"allow":["GET"]}}],"collection":[{"href":"https:\/\/diariodominicano.com\/index.php?rest_route=\/wp\/v2\/posts"}],"about":[{"href":"https:\/\/diariodominicano.com\/index.php?rest_route=\/wp\/v2\/types\/post"}],"author":[{"embeddable":true,"href":"https:\/\/diariodominicano.com\/index.php?rest_route=\/wp\/v2\/users\/3"}],"replies":[{"embeddable":true,"href":"https:\/\/diariodominicano.com\/index.php?rest_route=%2Fwp%2Fv2%2Fcomments&post=54439"}],"version-history":[{"count":0,"href":"https:\/\/diariodominicano.com\/index.php?rest_route=\/wp\/v2\/posts\/54439\/revisions"}],"wp:attachment":[{"href":"https:\/\/diariodominicano.com\/index.php?rest_route=%2Fwp%2Fv2%2Fmedia&parent=54439"}],"wp:term":[{"taxonomy":"category","embeddable":true,"href":"https:\/\/diariodominicano.com\/index.php?rest_route=%2Fwp%2Fv2%2Fcategories&post=54439"},{"taxonomy":"post_tag","embeddable":true,"href":"https:\/\/diariodominicano.com\/index.php?rest_route=%2Fwp%2Fv2%2Ftags&post=54439"}],"curies":[{"name":"wp","href":"https:\/\/api.w.org\/{rel}","templated":true}]}}