{"id":544280,"date":"2024-07-10T14:54:52","date_gmt":"2024-07-10T18:54:52","guid":{"rendered":"https:\/\/diariodominicano.com\/?p=544280"},"modified":"2024-07-10T14:55:00","modified_gmt":"2024-07-10T18:55:00","slug":"cantautor-dominicano-actuara-en-museo-bellas-artes-de-cuba","status":"publish","type":"post","link":"https:\/\/diariodominicano.com\/?p=544280","title":{"rendered":"Cantautor dominicano actuar\u00e1 en Museo Bellas Artes de Cuba"},"content":{"rendered":"\n<p>diariodominicano.com<\/p>\n\n\n\n<p>La Habana, 10 Jul (Prensa Latina) \u00abEl Mon\u00f3logo del Cantautor dentro del Caj\u00f3n\u00bb, del artista dominicano Jos\u00e9 Antonio Rodr\u00edguez, se presentar\u00e1 el pr\u00f3ximo 18 de julio en el teatro del habanero Museo Nacional de Bellas Artes, seg\u00fan publica hoy el Instituto Cubano de la M\u00fasica.<\/p>\n\n\n\n<p>La presentaci\u00f3n comenzar\u00e1 a las 20:30 hora local, en una innovadora puesta en escena que destacar\u00e1 el valor de la canci\u00f3n de autor acompa\u00f1ada de un uso po\u00e9tico de la tecnolog\u00eda.<\/p>\n\n\n\n<p>Rodr\u00edguez es reconocido como uno de los cantautores dominicanos m\u00e1s relevantes de su generaci\u00f3n, y adem\u00e1s ofrece un contenido en el que realiza un viaje musical y muestra una trayectoria art\u00edstica marcada por la calidad, as\u00ed como su coherencia tem\u00e1tica como artista, de acuerdo con la publicaci\u00f3n instituci\u00f3n cubana en su perfil de Facebook.<\/p>\n\n\n\n<p>La producci\u00f3n de este creador, luego de una exitosa gira en la Rep\u00fablica Dominicana, llega a Cuba en el marco de un intercambio cultural con Instituto Cubano de la M\u00fasica y con el apoyo de Air Century.<\/p>\n\n\n\n<p>Dentro de su amplio repertorio, Rodr\u00edguez ha transmitido romanticismo y ha abordado temas sociales, en tanto algunos de sus t\u00edtulos m\u00e1s conocidos incluyen \u00abPara Quererte,\u00bb \u00abComo Un Bolero, y \u00abVive\u00bb, entre otros.<\/p>\n\n\n\n<p>\u201cEl Mon\u00f3logo del Cantautor dentro del Caj\u00f3n\u201d presenta al artista atrapado en un cubo transl\u00facido, transformando un escenario t\u00edpico en toda una experiencia visual.<\/p>\n\n\n\n<p>mem\/dla<\/p>\n","protected":false},"excerpt":{"rendered":"<p>diariodominicano.com La Habana, 10 Jul (Prensa Latina) \u00abEl Mon\u00f3logo del Cantautor dentro del Caj\u00f3n\u00bb, del artista dominicano Jos\u00e9 Antonio Rodr\u00edguez, se presentar\u00e1 el pr\u00f3ximo 18 de julio en el teatro del habanero Museo Nacional de Bellas Artes, seg\u00fan publica hoy el Instituto Cubano de la M\u00fasica. La presentaci\u00f3n comenzar\u00e1 a las 20:30 hora local, en [&hellip;]<\/p>\n","protected":false},"author":5,"featured_media":544284,"comment_status":"closed","ping_status":"closed","sticky":true,"template":"","format":"standard","meta":{"footnotes":""},"categories":[21,25,27],"tags":[],"class_list":["post-544280","post","type-post","status-publish","format-standard","has-post-thumbnail","hentry","category-cultura","category-gente","category-portada"],"_links":{"self":[{"href":"https:\/\/diariodominicano.com\/index.php?rest_route=\/wp\/v2\/posts\/544280","targetHints":{"allow":["GET"]}}],"collection":[{"href":"https:\/\/diariodominicano.com\/index.php?rest_route=\/wp\/v2\/posts"}],"about":[{"href":"https:\/\/diariodominicano.com\/index.php?rest_route=\/wp\/v2\/types\/post"}],"author":[{"embeddable":true,"href":"https:\/\/diariodominicano.com\/index.php?rest_route=\/wp\/v2\/users\/5"}],"replies":[{"embeddable":true,"href":"https:\/\/diariodominicano.com\/index.php?rest_route=%2Fwp%2Fv2%2Fcomments&post=544280"}],"version-history":[{"count":1,"href":"https:\/\/diariodominicano.com\/index.php?rest_route=\/wp\/v2\/posts\/544280\/revisions"}],"predecessor-version":[{"id":544285,"href":"https:\/\/diariodominicano.com\/index.php?rest_route=\/wp\/v2\/posts\/544280\/revisions\/544285"}],"wp:featuredmedia":[{"embeddable":true,"href":"https:\/\/diariodominicano.com\/index.php?rest_route=\/wp\/v2\/media\/544284"}],"wp:attachment":[{"href":"https:\/\/diariodominicano.com\/index.php?rest_route=%2Fwp%2Fv2%2Fmedia&parent=544280"}],"wp:term":[{"taxonomy":"category","embeddable":true,"href":"https:\/\/diariodominicano.com\/index.php?rest_route=%2Fwp%2Fv2%2Fcategories&post=544280"},{"taxonomy":"post_tag","embeddable":true,"href":"https:\/\/diariodominicano.com\/index.php?rest_route=%2Fwp%2Fv2%2Ftags&post=544280"}],"curies":[{"name":"wp","href":"https:\/\/api.w.org\/{rel}","templated":true}]}}