{"id":54428,"date":"2020-03-24T13:02:26","date_gmt":"2020-03-24T13:02:26","guid":{"rendered":"http:\/\/diariodominicano.ddns.net\/?p=54428"},"modified":"2020-03-24T13:02:26","modified_gmt":"2020-03-24T13:02:26","slug":"ministro-de-cultura-expresa-profundo-pesar-por-la-muerte-de-la-disenadora-jenny-polanco","status":"publish","type":"post","link":"https:\/\/diariodominicano.com\/?p=54428","title":{"rendered":"Ministro de Cultura expresa profundo pesar por la muerte de la dise\u00f1adora Jenny Polanco"},"content":{"rendered":"<p><body><\/p>\n<p><img decoding=\"async\" src=\"img3\/jenpol1.jpg\" \/>  <\/p>\n<p>Ministro de Cultura expresa profundo pesar por la muerte de la dise\u00f1adora Jenny Polanco<\/p>\n<\/p>\n<p>Martes 24 de marzo 2020.- El ministro de Cultura, arquitecto Eduardo Selman, manifest\u00f3 su profundo pesar por la muerte este martes en la madrugada de la dise\u00f1adora Jenny Polanco, quien era la directora de la Aldea Cultural Santa Rosa de Lima de La Romana.<\/p>\n<\/p>\n<p>Polanco estaba infectada de Covi-19, el que contrajo durante un viaje a Espa\u00f1a. De su deceso, el ministro Eduardo Selman, expres\u00f3 que es un duro golpe para la industria de la moda y de la cultura en Rep\u00fablica Dominicana.<\/p>\n<\/p>\n<p>\u00abEn mi nombre, el de mi familia y del personal del Ministerio de Cultura, expreso mi profunda consternaci\u00f3n por la muerte de Jenny Polanco, que representa una p\u00e9rdida muy significativa para la sociedad dominicana\u00bb expres\u00f3 el ministro de Cultura.<\/p>\n<\/p>\n<p>Polanco era la directora de la Aldea Cultural Santa Rosa de Lima, erigida en la vetusta c\u00e1rcel del mismo nombre, ubicada en La Romana, por decisi\u00f3n del Ministerio de Cultura.<\/p>\n<\/p>\n<p>Por iniciativa de Jenny Polanco, el Ministerio de Cultura someti\u00f3 la edificaci\u00f3n de dicha aldea a un proceso de remozamiento y redise\u00f1o, que ya est\u00e1 concluido.<\/p>\n<\/p>\n<p>\u00abElla se dispon\u00eda a desarrollar un amplio programa cultural en ese centro; ella so\u00f1aba con emprender unos planes, que hab\u00eda concebido para esa aldea cultural una vez redise\u00f1ado su edificio, sue\u00f1os que han quedado truncados con su inesperada y lamentable muerte\u00bb, manifest\u00f3 el Ministro de Cultura.<\/p>\n<\/p>\n<p>Selman lament\u00f3 que por las circunstancias que rodean el fallecimiento de Jenny Polanco, al Ministerio de Cultura no le sea posible rendirle un merecido tributo de despedida ni estar presente en su sepelio.<\/p>\n<\/p>\n<p>El funcionario asegur\u00f3 que una vez sea superado este periodo cr\u00edtico por el que atraviesa el pa\u00eds a causa del Covid-19, el Ministerio de Cultura le rendir\u00e1 a un homenaje para dejar sellado un merecido reconocimiento a su aporte al desarrollo cultural dominicano.<\/p>\n<\/p>\n<p>Direcci\u00f3n de Comunicaciones<\/p>\n<p>Ministerio de Cultura de la Rep\u00fablica Dominicana<\/p>\n<h6> 2020-03-24 13:02:26 <\/h6>\n<p><!--\n<link rel=\"stylesheet\" href=\"css\/bootstrap.min.css\">\n\n\n<ul class=\"pagination\">\n\t    \n\t\n\n<li >\n\t<a href='?page_no=656'>Previous<\/a>\n\t<\/li>\n\n\n       \n    \n\n<li><a href='?page_no=1'>1<\/a><\/li>\n\n\n\n<li><a href='?page_no=2'>2<\/a><\/li>\n\n\n\n<li><a>...<\/a><\/li>\n\n\n\n<li><a href='?page_no=655'>655<\/a><\/li>\n\n\n\n<li><a href='?page_no=656'>656<\/a><\/li>\n\n\n\n<li class='active'><a>657<\/a><\/li>\n\n\n\n<li><a href='?page_no=658'>658<\/a><\/li>\n\n\n\n<li><a href='?page_no=659'>659<\/a><\/li>\n\n\n\n<li><a>...<\/a><\/li>\n\n\n\n<li><a href='?page_no=22911'>22911<\/a><\/li>\n\n\n\n<li><a href='?page_no=22912'>22912<\/a><\/li>\n\n    \n\t\n\n<li >\n\t<a href='?page_no=658'>Next<\/a>\n\t<\/li>\n\n\n    \n\n<li><a href='?page_no=22912'>Last &rsaquo;&rsaquo;<\/a><\/li>\n\n<\/ul>\n\n\n--><br \/>\n<\/body><\/p>\n","protected":false},"excerpt":{"rendered":"<p>Ministro de Cultura expresa profundo pesar por la muerte de la dise\u00f1adora Jenny Polanco Martes 24 de marzo 2020.- El ministro de Cultura, arquitecto Eduardo Selman, manifest\u00f3 su profundo pesar por la muerte este martes en la madrugada de la dise\u00f1adora Jenny Polanco, quien era la directora de la Aldea Cultural Santa Rosa de Lima [&hellip;]<\/p>\n","protected":false},"author":3,"featured_media":0,"comment_status":"open","ping_status":"open","sticky":false,"template":"","format":"standard","meta":{"footnotes":""},"categories":[21],"tags":[],"class_list":["post-54428","post","type-post","status-publish","format-standard","hentry","category-cultura"],"_links":{"self":[{"href":"https:\/\/diariodominicano.com\/index.php?rest_route=\/wp\/v2\/posts\/54428","targetHints":{"allow":["GET"]}}],"collection":[{"href":"https:\/\/diariodominicano.com\/index.php?rest_route=\/wp\/v2\/posts"}],"about":[{"href":"https:\/\/diariodominicano.com\/index.php?rest_route=\/wp\/v2\/types\/post"}],"author":[{"embeddable":true,"href":"https:\/\/diariodominicano.com\/index.php?rest_route=\/wp\/v2\/users\/3"}],"replies":[{"embeddable":true,"href":"https:\/\/diariodominicano.com\/index.php?rest_route=%2Fwp%2Fv2%2Fcomments&post=54428"}],"version-history":[{"count":0,"href":"https:\/\/diariodominicano.com\/index.php?rest_route=\/wp\/v2\/posts\/54428\/revisions"}],"wp:attachment":[{"href":"https:\/\/diariodominicano.com\/index.php?rest_route=%2Fwp%2Fv2%2Fmedia&parent=54428"}],"wp:term":[{"taxonomy":"category","embeddable":true,"href":"https:\/\/diariodominicano.com\/index.php?rest_route=%2Fwp%2Fv2%2Fcategories&post=54428"},{"taxonomy":"post_tag","embeddable":true,"href":"https:\/\/diariodominicano.com\/index.php?rest_route=%2Fwp%2Fv2%2Ftags&post=54428"}],"curies":[{"name":"wp","href":"https:\/\/api.w.org\/{rel}","templated":true}]}}