{"id":544243,"date":"2024-07-10T10:46:49","date_gmt":"2024-07-10T14:46:49","guid":{"rendered":"https:\/\/diariodominicano.com\/?p=544243"},"modified":"2024-07-10T10:46:52","modified_gmt":"2024-07-10T14:46:52","slug":"en-50o-aniversario-del-cufe-internacionales-ganan-a-locales-en-futbol-de-exhibicion","status":"publish","type":"post","link":"https:\/\/diariodominicano.com\/?p=544243","title":{"rendered":"En 50\u00ba aniversario del CUFE Internacionales ganan a Locales en f\u00fatbol de exhibici\u00f3n"},"content":{"rendered":"\n<p><strong>El equipo Los Internacionales es premiado por, Rodolfo Rodr\u00edguez, Pedro Berrido, Chicky Alm\u00e1nzar, Andr\u00e9s Garc\u00eda, el periodista Oscar Polanco, a quien dedicaron el even<\/strong>to <strong>y Sandy Blanco<\/strong>.<\/p>\n\n\n\n<p><strong>SANTIAGO DE LOS CABALLEROS, Santiago, RD, 9 julio de 2024.-<\/strong>\u00a0En celebraci\u00f3n del 50\u00ba aniversario del famoso equipo de f\u00fatbol CUFE (Club Ulises Francisco Espaillat), con dedicatoria a su fundador, periodista Oscar Polanco, el onceno Los Internacionales derrot\u00f3, 5 goles por uno, a Los Locales, en partido jugado el pasado s\u00e1bado en la tarde en el estadio del Centro Espa\u00f1ol.<\/p>\n\n\n\n<p>Los Locales, dirigidos por Rodolfo Rodr\u00edguez, iniciaron tratando de atacar, pero a los 17 minutos de acci\u00f3n, Adri\u00e1n de Le\u00f3n, se escap\u00f3 y anot\u00f3 el primer gol para los vencedores que dirigi\u00f3 Harold Moreno y a los 25, en igual jugada, Virgilio Madera, marc\u00f3 el otro, a los 30, Manuel Ram\u00edrez, hizo el tercero, para terminal el primer tiempo, 3-0, favoreciendo a los ganadores.<\/p>\n\n\n\n<p>En el segundo tiempo, De Le\u00f3n, marc\u00f3 r\u00e1pido para Los Internacionales, mientras la rivalidad trataba infructuosamente de perforar la red contraria hasta que, a los 47 minutos, Rodolfo Rodr\u00edguez, anotaba gol por los locales, mientras que, en contra ataques, en el 70, Ram\u00edrez, volv\u00eda a anotar, para un final de 5-1.<\/p>\n\n\n\n<p>Iniciando la actividad fue realizada una ceremonia en la que hablaron los ex jugadores del CUFE, Rodolfo Rodr\u00edguez, de la comisi\u00f3n organizadora; Pedro Berrido, art\u00edfice del evento; Chicky Alm\u00e1nzar y el fundador del equipo de f\u00fatbol, periodista Oscar Polanco, a quien dedicaron el choque, estuvo presente, Rub\u00e9n Mu\u00f1oz, presidente de la Asociaci\u00f3n de F\u00fatbol de Santiago.<\/p>\n\n\n\n<p>Al final los mencionados y otras personalidades, hicieron entrega de la copa donada por Berrido al onceno Los Internacionales, campe\u00f3n del evento.<\/p>\n\n\n\n<p>Oscar Polanco<\/p>\n\n\n\n<p><a href=\"mailto:oscarpolanco.santiagord@gmail.com\" target=\"_blank\" rel=\"noreferrer noopener\">oscarpolanco.santiagord@gmail.com<\/a><\/p>\n","protected":false},"excerpt":{"rendered":"<p>El equipo Los Internacionales es premiado por, Rodolfo Rodr\u00edguez, Pedro Berrido, Chicky Alm\u00e1nzar, Andr\u00e9s Garc\u00eda, el periodista Oscar Polanco, a quien dedicaron el evento y Sandy Blanco. SANTIAGO DE LOS CABALLEROS, Santiago, RD, 9 julio de 2024.-\u00a0En celebraci\u00f3n del 50\u00ba aniversario del famoso equipo de f\u00fatbol CUFE (Club Ulises Francisco Espaillat), con dedicatoria a su [&hellip;]<\/p>\n","protected":false},"author":28,"featured_media":544244,"comment_status":"closed","ping_status":"closed","sticky":false,"template":"","format":"standard","meta":{"footnotes":""},"categories":[17,25],"tags":[],"class_list":["post-544243","post","type-post","status-publish","format-standard","has-post-thumbnail","hentry","category-deportes","category-gente"],"_links":{"self":[{"href":"https:\/\/diariodominicano.com\/index.php?rest_route=\/wp\/v2\/posts\/544243","targetHints":{"allow":["GET"]}}],"collection":[{"href":"https:\/\/diariodominicano.com\/index.php?rest_route=\/wp\/v2\/posts"}],"about":[{"href":"https:\/\/diariodominicano.com\/index.php?rest_route=\/wp\/v2\/types\/post"}],"author":[{"embeddable":true,"href":"https:\/\/diariodominicano.com\/index.php?rest_route=\/wp\/v2\/users\/28"}],"replies":[{"embeddable":true,"href":"https:\/\/diariodominicano.com\/index.php?rest_route=%2Fwp%2Fv2%2Fcomments&post=544243"}],"version-history":[{"count":1,"href":"https:\/\/diariodominicano.com\/index.php?rest_route=\/wp\/v2\/posts\/544243\/revisions"}],"predecessor-version":[{"id":544245,"href":"https:\/\/diariodominicano.com\/index.php?rest_route=\/wp\/v2\/posts\/544243\/revisions\/544245"}],"wp:featuredmedia":[{"embeddable":true,"href":"https:\/\/diariodominicano.com\/index.php?rest_route=\/wp\/v2\/media\/544244"}],"wp:attachment":[{"href":"https:\/\/diariodominicano.com\/index.php?rest_route=%2Fwp%2Fv2%2Fmedia&parent=544243"}],"wp:term":[{"taxonomy":"category","embeddable":true,"href":"https:\/\/diariodominicano.com\/index.php?rest_route=%2Fwp%2Fv2%2Fcategories&post=544243"},{"taxonomy":"post_tag","embeddable":true,"href":"https:\/\/diariodominicano.com\/index.php?rest_route=%2Fwp%2Fv2%2Ftags&post=544243"}],"curies":[{"name":"wp","href":"https:\/\/api.w.org\/{rel}","templated":true}]}}