{"id":544086,"date":"2024-07-09T22:12:17","date_gmt":"2024-07-10T02:12:17","guid":{"rendered":"https:\/\/diariodominicano.com\/?p=544086"},"modified":"2024-07-09T22:21:36","modified_gmt":"2024-07-10T02:21:36","slug":"reid-compania-se-une-a-la-conmemoracion-de-la-independencia-de-eeuu-con-el-calido-encuentro-la-ruta-de-la-libertad","status":"publish","type":"post","link":"https:\/\/diariodominicano.com\/?p=544086","title":{"rendered":"Reid &amp; Compa\u00f1\u00eda se une a la conmemoraci\u00f3n de la Independencia de EEUU\u00a0Con el c\u00e1lido encuentro \u201cLa Ruta de la Libertad\u201d\u00a0"},"content":{"rendered":"\n<p><strong>Anuncian atractivas ofertas de las marcas Jeep y RAM<\/strong> <\/p>\n\n\n\n<p><strong>SANTO DOMINGO<\/strong>.- Reid &amp; Compa\u00f1\u00eda, S. A. Se uni\u00f3 a la conmemoraci\u00f3n del D\u00eda de la Independencia de Estados Unidos, el pasado 4 de julio, con el encuentro\u00a0\u201cLa Ruta de la Libertad\u201d donde sus ejecutivos Clara Reid de Frankenberg, Presidenta de Reid &amp; Compa\u00f1\u00eda; Sr. Donald Pimentel Reid, Director de Negocios Industriales; Georgia Anne Reid, Vicepresidenta de Reid &amp; Compa\u00f1\u00eda; Diana Ramos, Directora Ejecutiva; Sophia Frankenberg, Gerente Senior de Proyectos; Mariel Castillo Gerente de mercadeo, y Bienvenido Lora Director de Servicios T\u00e9cnicos, departieron en franca camarader\u00eda con clientes, miembros de Jeep Club e invitados especiales de una velada muy al estilo americano.<\/p>\n\n\n\n<figure class=\"wp-block-gallery has-nested-images columns-default is-cropped wp-block-gallery-1 is-layout-flex wp-block-gallery-is-layout-flex\">\n<figure class=\"wp-block-image size-large\"><img loading=\"lazy\" decoding=\"async\" width=\"1024\" height=\"683\" data-id=\"544141\" src=\"https:\/\/diariodominicano.com\/wp-content\/uploads\/2024\/07\/Grupo-de-Expedicion-Quisqueya1-1024x683.jpg\" alt=\"\" class=\"wp-image-544141\" srcset=\"https:\/\/diariodominicano.com\/wp-content\/uploads\/2024\/07\/Grupo-de-Expedicion-Quisqueya1-1024x683.jpg 1024w, https:\/\/diariodominicano.com\/wp-content\/uploads\/2024\/07\/Grupo-de-Expedicion-Quisqueya1-300x200.jpg 300w, https:\/\/diariodominicano.com\/wp-content\/uploads\/2024\/07\/Grupo-de-Expedicion-Quisqueya1-768x512.jpg 768w, https:\/\/diariodominicano.com\/wp-content\/uploads\/2024\/07\/Grupo-de-Expedicion-Quisqueya1-1536x1024.jpg 1536w, https:\/\/diariodominicano.com\/wp-content\/uploads\/2024\/07\/Grupo-de-Expedicion-Quisqueya1-2048x1365.jpg 2048w, https:\/\/diariodominicano.com\/wp-content\/uploads\/2024\/07\/Grupo-de-Expedicion-Quisqueya1-816x544.jpg 816w\" sizes=\"auto, (max-width: 1024px) 100vw, 1024px\" \/><\/figure>\n<\/figure>\n\n\n\n<p>Ram\u00f3n Gonz\u00e1lez, Gerente de Negocios Automotriz Reid &amp; Compa\u00f1\u00eda, expres\u00f3 que es un orgullo ser parte de esta importante manifestaci\u00f3n, ya que varias marcas que se comercializan en esta empresa automotriz tienen su origen en Estados Unidos. \u201cTanto la marca Jeep como RAM son insignias americanas, es por ello que festejamos junto a esta comunidad que, durante a\u00f1os, se han mantenido como uno de los principales socios comerciales\u201d.<\/p>\n\n\n\n<figure class=\"wp-block-gallery has-nested-images columns-default is-cropped wp-block-gallery-2 is-layout-flex wp-block-gallery-is-layout-flex\">\n<figure class=\"wp-block-image size-large\"><img loading=\"lazy\" decoding=\"async\" width=\"1024\" height=\"683\" data-id=\"544139\" src=\"https:\/\/diariodominicano.com\/wp-content\/uploads\/2024\/07\/Elias-Serulle-Mariel-Castillo-Vhiarly-Tavarez1-1024x683.jpg\" alt=\"\" class=\"wp-image-544139\" srcset=\"https:\/\/diariodominicano.com\/wp-content\/uploads\/2024\/07\/Elias-Serulle-Mariel-Castillo-Vhiarly-Tavarez1-1024x683.jpg 1024w, https:\/\/diariodominicano.com\/wp-content\/uploads\/2024\/07\/Elias-Serulle-Mariel-Castillo-Vhiarly-Tavarez1-300x200.jpg 300w, https:\/\/diariodominicano.com\/wp-content\/uploads\/2024\/07\/Elias-Serulle-Mariel-Castillo-Vhiarly-Tavarez1-768x512.jpg 768w, https:\/\/diariodominicano.com\/wp-content\/uploads\/2024\/07\/Elias-Serulle-Mariel-Castillo-Vhiarly-Tavarez1-1536x1024.jpg 1536w, https:\/\/diariodominicano.com\/wp-content\/uploads\/2024\/07\/Elias-Serulle-Mariel-Castillo-Vhiarly-Tavarez1-2048x1365.jpg 2048w, https:\/\/diariodominicano.com\/wp-content\/uploads\/2024\/07\/Elias-Serulle-Mariel-Castillo-Vhiarly-Tavarez1-816x544.jpg 816w\" sizes=\"auto, (max-width: 1024px) 100vw, 1024px\" \/><\/figure>\n\n\n\n<figure class=\"wp-block-image size-large\"><img loading=\"lazy\" decoding=\"async\" width=\"1024\" height=\"683\" data-id=\"544148\" src=\"https:\/\/diariodominicano.com\/wp-content\/uploads\/2024\/07\/Rafael-Miranda-Herbet-Scharf-Harold-Abbott1-1024x683.jpg\" alt=\"\" class=\"wp-image-544148\" srcset=\"https:\/\/diariodominicano.com\/wp-content\/uploads\/2024\/07\/Rafael-Miranda-Herbet-Scharf-Harold-Abbott1-1024x683.jpg 1024w, https:\/\/diariodominicano.com\/wp-content\/uploads\/2024\/07\/Rafael-Miranda-Herbet-Scharf-Harold-Abbott1-300x200.jpg 300w, https:\/\/diariodominicano.com\/wp-content\/uploads\/2024\/07\/Rafael-Miranda-Herbet-Scharf-Harold-Abbott1-768x512.jpg 768w, https:\/\/diariodominicano.com\/wp-content\/uploads\/2024\/07\/Rafael-Miranda-Herbet-Scharf-Harold-Abbott1-1536x1024.jpg 1536w, https:\/\/diariodominicano.com\/wp-content\/uploads\/2024\/07\/Rafael-Miranda-Herbet-Scharf-Harold-Abbott1-2048x1365.jpg 2048w, https:\/\/diariodominicano.com\/wp-content\/uploads\/2024\/07\/Rafael-Miranda-Herbet-Scharf-Harold-Abbott1-816x544.jpg 816w\" sizes=\"auto, (max-width: 1024px) 100vw, 1024px\" \/><\/figure>\n<\/figure>\n\n\n\n<p>Destac\u00f3 que, adem\u00e1s de este encuentro, estar\u00e1n promocionando atractivas ofertas de ambas marcas para todos sus clientes y relacionados.<\/p>\n\n\n\n<p>De igual manera, el se\u00f1or Gonz\u00e1lez inform\u00f3 que como parte de la agenda de esta celebraci\u00f3n tambi\u00e9n realizaron el \u201cKick Off\u201d de la tercera edici\u00f3n de Expedici\u00f3n Quisqueya de la cual Reid &amp; compa\u00f1\u00eda es patrocinador oficial. \u201cEl recorrido ser\u00e1 desde las monta\u00f1as de la zona norte hasta las hermosas playas del sur profundo, en una ruta totalmente offroad.\u00a0<\/p>\n\n\n\n<figure class=\"wp-block-gallery has-nested-images columns-default is-cropped wp-block-gallery-3 is-layout-flex wp-block-gallery-is-layout-flex\">\n<figure class=\"wp-block-image size-large\"><img loading=\"lazy\" decoding=\"async\" width=\"1024\" height=\"683\" data-id=\"544147\" src=\"https:\/\/diariodominicano.com\/wp-content\/uploads\/2024\/07\/Nancy-Soriano-Caran-Hache1-1024x683.jpg\" alt=\"\" class=\"wp-image-544147\" srcset=\"https:\/\/diariodominicano.com\/wp-content\/uploads\/2024\/07\/Nancy-Soriano-Caran-Hache1-1024x683.jpg 1024w, https:\/\/diariodominicano.com\/wp-content\/uploads\/2024\/07\/Nancy-Soriano-Caran-Hache1-300x200.jpg 300w, https:\/\/diariodominicano.com\/wp-content\/uploads\/2024\/07\/Nancy-Soriano-Caran-Hache1-768x512.jpg 768w, https:\/\/diariodominicano.com\/wp-content\/uploads\/2024\/07\/Nancy-Soriano-Caran-Hache1-1536x1024.jpg 1536w, https:\/\/diariodominicano.com\/wp-content\/uploads\/2024\/07\/Nancy-Soriano-Caran-Hache1-2048x1365.jpg 2048w, https:\/\/diariodominicano.com\/wp-content\/uploads\/2024\/07\/Nancy-Soriano-Caran-Hache1-816x544.jpg 816w\" sizes=\"auto, (max-width: 1024px) 100vw, 1024px\" \/><\/figure>\n\n\n\n<figure class=\"wp-block-image size-large\"><img loading=\"lazy\" decoding=\"async\" width=\"1024\" height=\"683\" data-id=\"544145\" src=\"https:\/\/diariodominicano.com\/wp-content\/uploads\/2024\/07\/Manuel-Solano-Alejandro-Almanzar1-1024x683.jpg\" alt=\"\" class=\"wp-image-544145\" srcset=\"https:\/\/diariodominicano.com\/wp-content\/uploads\/2024\/07\/Manuel-Solano-Alejandro-Almanzar1-1024x683.jpg 1024w, https:\/\/diariodominicano.com\/wp-content\/uploads\/2024\/07\/Manuel-Solano-Alejandro-Almanzar1-300x200.jpg 300w, https:\/\/diariodominicano.com\/wp-content\/uploads\/2024\/07\/Manuel-Solano-Alejandro-Almanzar1-768x512.jpg 768w, https:\/\/diariodominicano.com\/wp-content\/uploads\/2024\/07\/Manuel-Solano-Alejandro-Almanzar1-1536x1024.jpg 1536w, https:\/\/diariodominicano.com\/wp-content\/uploads\/2024\/07\/Manuel-Solano-Alejandro-Almanzar1-2048x1365.jpg 2048w, https:\/\/diariodominicano.com\/wp-content\/uploads\/2024\/07\/Manuel-Solano-Alejandro-Almanzar1-816x544.jpg 816w\" sizes=\"auto, (max-width: 1024px) 100vw, 1024px\" \/><\/figure>\n<\/figure>\n\n\n\n<p>Puntualiz\u00f3 que como parte de la traves\u00eda de Expedici\u00f3n Quisqueya participaran invitados especiales de Puerto Rico y para la cuarta edici\u00f3n se tiene previsto realizarla desde Montecristi hasta Punta Cana, pautada para finales del 2024.<\/p>\n\n\n\n<figure class=\"wp-block-gallery has-nested-images columns-default is-cropped wp-block-gallery-4 is-layout-flex wp-block-gallery-is-layout-flex\">\n<figure class=\"wp-block-image size-large\"><img loading=\"lazy\" decoding=\"async\" width=\"1024\" height=\"683\" data-id=\"544146\" src=\"https:\/\/diariodominicano.com\/wp-content\/uploads\/2024\/07\/Marianne-Pimentel-Amanda-Giraldez-Leticia-Soto1-1024x683.jpg\" alt=\"\" class=\"wp-image-544146\" srcset=\"https:\/\/diariodominicano.com\/wp-content\/uploads\/2024\/07\/Marianne-Pimentel-Amanda-Giraldez-Leticia-Soto1-1024x683.jpg 1024w, https:\/\/diariodominicano.com\/wp-content\/uploads\/2024\/07\/Marianne-Pimentel-Amanda-Giraldez-Leticia-Soto1-300x200.jpg 300w, https:\/\/diariodominicano.com\/wp-content\/uploads\/2024\/07\/Marianne-Pimentel-Amanda-Giraldez-Leticia-Soto1-768x512.jpg 768w, https:\/\/diariodominicano.com\/wp-content\/uploads\/2024\/07\/Marianne-Pimentel-Amanda-Giraldez-Leticia-Soto1-1536x1024.jpg 1536w, https:\/\/diariodominicano.com\/wp-content\/uploads\/2024\/07\/Marianne-Pimentel-Amanda-Giraldez-Leticia-Soto1-2048x1365.jpg 2048w, https:\/\/diariodominicano.com\/wp-content\/uploads\/2024\/07\/Marianne-Pimentel-Amanda-Giraldez-Leticia-Soto1-816x544.jpg 816w\" sizes=\"auto, (max-width: 1024px) 100vw, 1024px\" \/><\/figure>\n\n\n\n<figure class=\"wp-block-image size-large\"><img loading=\"lazy\" decoding=\"async\" width=\"1024\" height=\"683\" data-id=\"544144\" src=\"https:\/\/diariodominicano.com\/wp-content\/uploads\/2024\/07\/Manuel-Frias-Orlando-Concepcion-Nelson-Morales1-1024x683.jpg\" alt=\"\" class=\"wp-image-544144\" srcset=\"https:\/\/diariodominicano.com\/wp-content\/uploads\/2024\/07\/Manuel-Frias-Orlando-Concepcion-Nelson-Morales1-1024x683.jpg 1024w, https:\/\/diariodominicano.com\/wp-content\/uploads\/2024\/07\/Manuel-Frias-Orlando-Concepcion-Nelson-Morales1-300x200.jpg 300w, https:\/\/diariodominicano.com\/wp-content\/uploads\/2024\/07\/Manuel-Frias-Orlando-Concepcion-Nelson-Morales1-768x512.jpg 768w, https:\/\/diariodominicano.com\/wp-content\/uploads\/2024\/07\/Manuel-Frias-Orlando-Concepcion-Nelson-Morales1-1536x1024.jpg 1536w, https:\/\/diariodominicano.com\/wp-content\/uploads\/2024\/07\/Manuel-Frias-Orlando-Concepcion-Nelson-Morales1-2048x1365.jpg 2048w, https:\/\/diariodominicano.com\/wp-content\/uploads\/2024\/07\/Manuel-Frias-Orlando-Concepcion-Nelson-Morales1-816x544.jpg 816w\" sizes=\"auto, (max-width: 1024px) 100vw, 1024px\" \/><\/figure>\n<\/figure>\n\n\n\n<p>Record\u00f3 que los or\u00edgenes de la marca Jeep se remontan a 1941 con el nacimiento del ic\u00f3nico\u00a0<strong>Willys MB<\/strong>\u00a0veh\u00edculo todoterreno de tracci\u00f3n en las cuatro ruedas que fue solicitado espec\u00edficamente por el ej\u00e9rcito de los EEUU y desde entonces Jeep se ha convertido en sin\u00f3nimo de libertad y aventura al aire libre en todo el mundo. \u201cEs la marca m\u00e1s patri\u00f3tica de Estados Unidos durante los \u00faltimos 23 a\u00f1os, es un testimonio de nuestra apasionada comunidad Jeep y de todos aquellos que se unen a la independencia de Estados Unidos\u201d.<\/p>\n\n\n\n<figure class=\"wp-block-gallery has-nested-images columns-default is-cropped wp-block-gallery-5 is-layout-flex wp-block-gallery-is-layout-flex\">\n<figure class=\"wp-block-image size-large\"><img loading=\"lazy\" decoding=\"async\" width=\"1024\" height=\"683\" data-id=\"544143\" src=\"https:\/\/diariodominicano.com\/wp-content\/uploads\/2024\/07\/Katherine-Socias-y-Marie-Jacq-Losada1-1024x683.jpg\" alt=\"\" class=\"wp-image-544143\" srcset=\"https:\/\/diariodominicano.com\/wp-content\/uploads\/2024\/07\/Katherine-Socias-y-Marie-Jacq-Losada1-1024x683.jpg 1024w, https:\/\/diariodominicano.com\/wp-content\/uploads\/2024\/07\/Katherine-Socias-y-Marie-Jacq-Losada1-300x200.jpg 300w, https:\/\/diariodominicano.com\/wp-content\/uploads\/2024\/07\/Katherine-Socias-y-Marie-Jacq-Losada1-768x512.jpg 768w, https:\/\/diariodominicano.com\/wp-content\/uploads\/2024\/07\/Katherine-Socias-y-Marie-Jacq-Losada1-1536x1024.jpg 1536w, https:\/\/diariodominicano.com\/wp-content\/uploads\/2024\/07\/Katherine-Socias-y-Marie-Jacq-Losada1-2048x1365.jpg 2048w, https:\/\/diariodominicano.com\/wp-content\/uploads\/2024\/07\/Katherine-Socias-y-Marie-Jacq-Losada1-816x544.jpg 816w\" sizes=\"auto, (max-width: 1024px) 100vw, 1024px\" \/><\/figure>\n\n\n\n<figure class=\"wp-block-image size-large\"><img loading=\"lazy\" decoding=\"async\" width=\"1024\" height=\"683\" data-id=\"544142\" src=\"https:\/\/diariodominicano.com\/wp-content\/uploads\/2024\/07\/Joselito-Garcia-Lorens-De-los-Santos-Freddy-Caputo1-1024x683.jpg\" alt=\"\" class=\"wp-image-544142\" srcset=\"https:\/\/diariodominicano.com\/wp-content\/uploads\/2024\/07\/Joselito-Garcia-Lorens-De-los-Santos-Freddy-Caputo1-1024x683.jpg 1024w, https:\/\/diariodominicano.com\/wp-content\/uploads\/2024\/07\/Joselito-Garcia-Lorens-De-los-Santos-Freddy-Caputo1-300x200.jpg 300w, https:\/\/diariodominicano.com\/wp-content\/uploads\/2024\/07\/Joselito-Garcia-Lorens-De-los-Santos-Freddy-Caputo1-768x512.jpg 768w, https:\/\/diariodominicano.com\/wp-content\/uploads\/2024\/07\/Joselito-Garcia-Lorens-De-los-Santos-Freddy-Caputo1-1536x1024.jpg 1536w, https:\/\/diariodominicano.com\/wp-content\/uploads\/2024\/07\/Joselito-Garcia-Lorens-De-los-Santos-Freddy-Caputo1-2048x1365.jpg 2048w, https:\/\/diariodominicano.com\/wp-content\/uploads\/2024\/07\/Joselito-Garcia-Lorens-De-los-Santos-Freddy-Caputo1-816x544.jpg 816w\" sizes=\"auto, (max-width: 1024px) 100vw, 1024px\" \/><\/figure>\n<\/figure>\n\n\n\n<p>De su lado, en 1917 Dodge Brothers Inc., precursora de la actual Dodge, recibi\u00f3 un contrato por parte del Ej\u00e9rcito de los Estados Unidos, con el fin de producir un stock de 20,000 veh\u00edculos para las tropas que se hallaban en el frente de la Primera Guerra Mundial. Dentro de este panorama, fue lanzado el primer veh\u00edculo comercial que fue denominado como \u201cScreenside Truck\u201d. Doce a\u00f1os m\u00e1s tarde, en 1929 y ya bajo el ala de Chrysler, Dodge lanza su primera camioneta de media tonelada, que fue denominada Merchant Express. A partir de ese momento, Dodge comenz\u00f3 a darle forma a su l\u00ednea comercial, siendo la marca dentro del grupo Chrysler especializada en ese rubro. Las pickups tuvieron distintas evoluciones, entre las que se contaron modelos derivados de veh\u00edculos de carga desarrollados para el ej\u00e9rcito, cuando \u00e9ste se encontraba luchando en la Segunda Guerra Mundial.<\/p>\n\n\n\n<figure class=\"wp-block-gallery has-nested-images columns-default is-cropped wp-block-gallery-6 is-layout-flex wp-block-gallery-is-layout-flex\">\n<figure class=\"wp-block-image size-large\"><img loading=\"lazy\" decoding=\"async\" width=\"1024\" height=\"683\" data-id=\"544141\" src=\"https:\/\/diariodominicano.com\/wp-content\/uploads\/2024\/07\/Grupo-de-Expedicion-Quisqueya1-1024x683.jpg\" alt=\"\" class=\"wp-image-544141\" srcset=\"https:\/\/diariodominicano.com\/wp-content\/uploads\/2024\/07\/Grupo-de-Expedicion-Quisqueya1-1024x683.jpg 1024w, https:\/\/diariodominicano.com\/wp-content\/uploads\/2024\/07\/Grupo-de-Expedicion-Quisqueya1-300x200.jpg 300w, https:\/\/diariodominicano.com\/wp-content\/uploads\/2024\/07\/Grupo-de-Expedicion-Quisqueya1-768x512.jpg 768w, https:\/\/diariodominicano.com\/wp-content\/uploads\/2024\/07\/Grupo-de-Expedicion-Quisqueya1-1536x1024.jpg 1536w, https:\/\/diariodominicano.com\/wp-content\/uploads\/2024\/07\/Grupo-de-Expedicion-Quisqueya1-2048x1365.jpg 2048w, https:\/\/diariodominicano.com\/wp-content\/uploads\/2024\/07\/Grupo-de-Expedicion-Quisqueya1-816x544.jpg 816w\" sizes=\"auto, (max-width: 1024px) 100vw, 1024px\" \/><\/figure>\n<\/figure>\n\n\n\n<p>Los invitados al encuentro, influencers, miembros del Jeep Club, clientes especiales de Jeep y RAM, degustaron de la gastronom\u00eda tradicional de los Estados Unidos como son hamburguesa, hot dog, ma\u00edz y las bebidas t\u00edpicas de esta naci\u00f3n.<\/p>\n\n\n\n<p>Reid &amp; Compa\u00f1\u00eda, S. A. es una empresa del sector automotriz fundada el 15 de abril de 1947.\u00a0 Comercializa en el pa\u00eds las marcas Jeep, RAM, Dodge, Maserati, Komatsu, BP lubricants, gomas Bridgestone Firestone, Autocamiones, S. A., Isuzu, Tenant, JLG, entre\u00a0otros productos y servicios relacionados con el sector.\u00a0 Durante sus 76 a\u00f1os de trayectoria se ha caracterizado por su excelente reputaci\u00f3n en el mercado local, y ha forjado una cultura organizacional de trabajo e innovaci\u00f3n, de manejo transparente y \u00e9tico, de gran vocaci\u00f3n de servicio y de alto compromiso con sus accionistas, clientes, colaboradores, comunidad y el pueblo dominicano, a trav\u00e9s de representar y comercializar marcas l\u00edderes en el mundo y cumplir sus promesas de garant\u00eda y buen servicio.<\/p>\n\n\n\n<figure class=\"wp-block-gallery has-nested-images columns-default is-cropped wp-block-gallery-7 is-layout-flex wp-block-gallery-is-layout-flex\">\n<figure class=\"wp-block-image size-large\"><img loading=\"lazy\" decoding=\"async\" width=\"1024\" height=\"683\" data-id=\"544142\" src=\"https:\/\/diariodominicano.com\/wp-content\/uploads\/2024\/07\/Joselito-Garcia-Lorens-De-los-Santos-Freddy-Caputo1-1024x683.jpg\" alt=\"\" class=\"wp-image-544142\" srcset=\"https:\/\/diariodominicano.com\/wp-content\/uploads\/2024\/07\/Joselito-Garcia-Lorens-De-los-Santos-Freddy-Caputo1-1024x683.jpg 1024w, https:\/\/diariodominicano.com\/wp-content\/uploads\/2024\/07\/Joselito-Garcia-Lorens-De-los-Santos-Freddy-Caputo1-300x200.jpg 300w, https:\/\/diariodominicano.com\/wp-content\/uploads\/2024\/07\/Joselito-Garcia-Lorens-De-los-Santos-Freddy-Caputo1-768x512.jpg 768w, https:\/\/diariodominicano.com\/wp-content\/uploads\/2024\/07\/Joselito-Garcia-Lorens-De-los-Santos-Freddy-Caputo1-1536x1024.jpg 1536w, https:\/\/diariodominicano.com\/wp-content\/uploads\/2024\/07\/Joselito-Garcia-Lorens-De-los-Santos-Freddy-Caputo1-2048x1365.jpg 2048w, https:\/\/diariodominicano.com\/wp-content\/uploads\/2024\/07\/Joselito-Garcia-Lorens-De-los-Santos-Freddy-Caputo1-816x544.jpg 816w\" sizes=\"auto, (max-width: 1024px) 100vw, 1024px\" \/><\/figure>\n<\/figure>\n\n\n\n<p>Henry Coradin henrycoradinrelacionespublicas@gmail.com <\/p>\n","protected":false},"excerpt":{"rendered":"<p>Anuncian atractivas ofertas de las marcas Jeep y RAM SANTO DOMINGO.- Reid &amp; Compa\u00f1\u00eda, S. A. Se uni\u00f3 a la conmemoraci\u00f3n del D\u00eda de la Independencia de Estados Unidos, el pasado 4 de julio, con el encuentro\u00a0\u201cLa Ruta de la Libertad\u201d donde sus ejecutivos Clara Reid de Frankenberg, Presidenta de Reid &amp; Compa\u00f1\u00eda; Sr. Donald [&hellip;]<\/p>\n","protected":false},"author":7,"featured_media":544140,"comment_status":"closed","ping_status":"closed","sticky":false,"template":"","format":"standard","meta":{"footnotes":""},"categories":[25],"tags":[],"class_list":["post-544086","post","type-post","status-publish","format-standard","has-post-thumbnail","hentry","category-gente"],"_links":{"self":[{"href":"https:\/\/diariodominicano.com\/index.php?rest_route=\/wp\/v2\/posts\/544086","targetHints":{"allow":["GET"]}}],"collection":[{"href":"https:\/\/diariodominicano.com\/index.php?rest_route=\/wp\/v2\/posts"}],"about":[{"href":"https:\/\/diariodominicano.com\/index.php?rest_route=\/wp\/v2\/types\/post"}],"author":[{"embeddable":true,"href":"https:\/\/diariodominicano.com\/index.php?rest_route=\/wp\/v2\/users\/7"}],"replies":[{"embeddable":true,"href":"https:\/\/diariodominicano.com\/index.php?rest_route=%2Fwp%2Fv2%2Fcomments&post=544086"}],"version-history":[{"count":3,"href":"https:\/\/diariodominicano.com\/index.php?rest_route=\/wp\/v2\/posts\/544086\/revisions"}],"predecessor-version":[{"id":544179,"href":"https:\/\/diariodominicano.com\/index.php?rest_route=\/wp\/v2\/posts\/544086\/revisions\/544179"}],"wp:featuredmedia":[{"embeddable":true,"href":"https:\/\/diariodominicano.com\/index.php?rest_route=\/wp\/v2\/media\/544140"}],"wp:attachment":[{"href":"https:\/\/diariodominicano.com\/index.php?rest_route=%2Fwp%2Fv2%2Fmedia&parent=544086"}],"wp:term":[{"taxonomy":"category","embeddable":true,"href":"https:\/\/diariodominicano.com\/index.php?rest_route=%2Fwp%2Fv2%2Fcategories&post=544086"},{"taxonomy":"post_tag","embeddable":true,"href":"https:\/\/diariodominicano.com\/index.php?rest_route=%2Fwp%2Fv2%2Ftags&post=544086"}],"curies":[{"name":"wp","href":"https:\/\/api.w.org\/{rel}","templated":true}]}}