{"id":54395,"date":"2020-03-25T01:05:15","date_gmt":"2020-03-25T01:05:15","guid":{"rendered":"http:\/\/diariodominicano.ddns.net\/?p=54395"},"modified":"2020-03-25T01:05:15","modified_gmt":"2020-03-25T01:05:15","slug":"presidente-gonzalez-rescinde-el-contrato-de-arrendamiento-de-la-bahia-de-samana","status":"publish","type":"post","link":"https:\/\/diariodominicano.com\/?p=54395","title":{"rendered":"Presidente Gonz\u00e1lez rescinde el contrato de arrendamiento de la Bah\u00eda de Saman\u00e1"},"content":{"rendered":"<p><body><\/p>\n<p><strong>Diariodominicano.com<\/strong><\/p>\n<p><strong>Presidente Gonz\u00e1lez rescinde el contrato  de arrendamiento de la Bah\u00eda de Saman\u00e1 <\/strong><\/p>\n<p>El contrato establec\u00eda que si la empresa se atrasaba en el pago, el Gobierno de la Rep\u00fablica Dominicana lo pod\u00eda rescindir.  La medida fue apoyada por sectores de la vida nacional, incluido el Partido Azul,  liderado por  Gregorio Luper\u00f3n.<\/p>\n<\/p>\n<p>Por HTN<\/p>\n<p>Diariodominicano.com<\/p>\n<\/p>\n<p><strong> SANTO DOMINGO,  El 25 de marzo de 1874<\/strong>, el nuevo presidente de la Rep\u00fablica Dominicana, General Ignacio Mar\u00eda Gonz\u00e1lez, rescindi\u00f3 el contrato de arrendamiento de la bah\u00eda de Saman\u00e1, a la empresa \u00abSamana Bay Company\u00bb , porque la compa\u00f1\u00eda no pag\u00f3 la cuota del \u00faltimo a\u00f1o.<\/p>\n<\/p>\n<p>   El contrato establec\u00eda que si la empresa se atrasaba en el pago, el Gobierno de la Rep\u00fablica Dominicana lo pod\u00eda rescindir.  La medida fue apoyada por sectores de la vida nacional, incluido el Partido Azul,  liderado por  Gregorio Luper\u00f3n.<\/p>\n<\/p>\n<p>   Ignacio Mar\u00eda Gonz\u00e1lez tom\u00f3 el poder luego de que triunf\u00f3 el Movimiento Unionista, que inici\u00f3 el 25 de noviembre de 1873 con el prop\u00f3sito de derrocar al Presidente Buenaventura B\u00e1ez.<\/p>\n<\/p>\n<p>      B\u00e1ez se vio obligado a renunciar ante el Senado Consultor, el 2 de enero de 1874.<\/p>\n<\/p>\n<p>   Los firmantes del manifiesto del Movimiento Unionista, nombraron al general Ignacio Mar\u00eda Gonz\u00e1lez, Jefe Supremo a fin de que formara un Gobierno Provisional.<\/p>\n<\/p>\n<p>    En febrero se celebraron elecciones y fue escogido como Presidente de la Rep\u00fablica.<\/p>\n<\/p>\n<h6> 2020-03-25 01:05:15 <\/h6>\n<p><!--\n<link rel=\"stylesheet\" href=\"css\/bootstrap.min.css\">\n\n\n<ul class=\"pagination\">\n\t    \n\t\n\n<li >\n\t<a href='?page_no=653'>Previous<\/a>\n\t<\/li>\n\n\n       \n    \n\n<li><a href='?page_no=1'>1<\/a><\/li>\n\n\n\n<li><a href='?page_no=2'>2<\/a><\/li>\n\n\n\n<li><a>...<\/a><\/li>\n\n\n\n<li><a href='?page_no=652'>652<\/a><\/li>\n\n\n\n<li><a href='?page_no=653'>653<\/a><\/li>\n\n\n\n<li class='active'><a>654<\/a><\/li>\n\n\n\n<li><a href='?page_no=655'>655<\/a><\/li>\n\n\n\n<li><a href='?page_no=656'>656<\/a><\/li>\n\n\n\n<li><a>...<\/a><\/li>\n\n\n\n<li><a href='?page_no=22911'>22911<\/a><\/li>\n\n\n\n<li><a href='?page_no=22912'>22912<\/a><\/li>\n\n    \n\t\n\n<li >\n\t<a href='?page_no=655'>Next<\/a>\n\t<\/li>\n\n\n    \n\n<li><a href='?page_no=22912'>Last &rsaquo;&rsaquo;<\/a><\/li>\n\n<\/ul>\n\n\n--><br \/>\n<\/body><\/p>\n","protected":false},"excerpt":{"rendered":"<p>Diariodominicano.com Presidente Gonz\u00e1lez rescinde el contrato de arrendamiento de la Bah\u00eda de Saman\u00e1 El contrato establec\u00eda que si la empresa se atrasaba en el pago, el Gobierno de la Rep\u00fablica Dominicana lo pod\u00eda rescindir. La medida fue apoyada por sectores de la vida nacional, incluido el Partido Azul, liderado por Gregorio Luper\u00f3n. Por HTN Diariodominicano.com [&hellip;]<\/p>\n","protected":false},"author":3,"featured_media":0,"comment_status":"open","ping_status":"open","sticky":false,"template":"","format":"standard","meta":{"footnotes":""},"categories":[21],"tags":[],"class_list":["post-54395","post","type-post","status-publish","format-standard","hentry","category-cultura"],"_links":{"self":[{"href":"https:\/\/diariodominicano.com\/index.php?rest_route=\/wp\/v2\/posts\/54395","targetHints":{"allow":["GET"]}}],"collection":[{"href":"https:\/\/diariodominicano.com\/index.php?rest_route=\/wp\/v2\/posts"}],"about":[{"href":"https:\/\/diariodominicano.com\/index.php?rest_route=\/wp\/v2\/types\/post"}],"author":[{"embeddable":true,"href":"https:\/\/diariodominicano.com\/index.php?rest_route=\/wp\/v2\/users\/3"}],"replies":[{"embeddable":true,"href":"https:\/\/diariodominicano.com\/index.php?rest_route=%2Fwp%2Fv2%2Fcomments&post=54395"}],"version-history":[{"count":0,"href":"https:\/\/diariodominicano.com\/index.php?rest_route=\/wp\/v2\/posts\/54395\/revisions"}],"wp:attachment":[{"href":"https:\/\/diariodominicano.com\/index.php?rest_route=%2Fwp%2Fv2%2Fmedia&parent=54395"}],"wp:term":[{"taxonomy":"category","embeddable":true,"href":"https:\/\/diariodominicano.com\/index.php?rest_route=%2Fwp%2Fv2%2Fcategories&post=54395"},{"taxonomy":"post_tag","embeddable":true,"href":"https:\/\/diariodominicano.com\/index.php?rest_route=%2Fwp%2Fv2%2Ftags&post=54395"}],"curies":[{"name":"wp","href":"https:\/\/api.w.org\/{rel}","templated":true}]}}