{"id":543841,"date":"2024-07-09T00:01:15","date_gmt":"2024-07-09T04:01:15","guid":{"rendered":"https:\/\/diariodominicano.com\/?p=543841"},"modified":"2024-07-09T03:08:28","modified_gmt":"2024-07-09T07:08:28","slug":"cultura-entrega-premio-nacional-de-las-artes-escenicas-2024-a-eduardo-villanueva","status":"publish","type":"post","link":"https:\/\/diariodominicano.com\/?p=543841","title":{"rendered":"Cultura entrega\u00a0Premio Nacional de las Artes Esc\u00e9nicas 2024 a Eduardo Villanueva"},"content":{"rendered":"\n<p><em>Con una importante trayectoria, fundamentalmente en el \u00e1rea de la danza, Villanueva es uno de los artistas dominicanos<\/em>&nbsp;<em>m\u00e1s completos<\/em><\/p>\n\n\n\n<p><strong>Santo Domingo, RD.-<\/strong>&nbsp;El Ministerio de Cultura (MINC) entreg\u00f3 hoy el Premio Nacional de las Artes Esc\u00e9nicas 2024 al polifac\u00e9tico artista dominicano Eduardo Villanueva, en un emotivo acto que tuvo lugar en la sala M\u00e1ximo Avil\u00e9s Blonda del Palacio de Bellas Artes.<\/p>\n\n\n\n<p>El laureado artista ha&nbsp;dejado una marca imborrable en la escena cultural de la Rep\u00fablica Dominicana, habiendo sido el director fundador del Ballet Nacional Dominicano, en 1981, y del Taller de Danza Moderna, en 1985. Asimismo, se ha erigido como una figura central en el desarrollo y promoci\u00f3n de la danza en el pa\u00eds.<\/p>\n\n\n\n<figure class=\"wp-block-gallery has-nested-images columns-default is-cropped wp-block-gallery-1 is-layout-flex wp-block-gallery-is-layout-flex\">\n<figure class=\"wp-block-image size-large\"><img loading=\"lazy\" decoding=\"async\" width=\"1024\" height=\"683\" data-id=\"543910\" src=\"https:\/\/diariodominicano.com\/wp-content\/uploads\/2024\/07\/El-premio-fue-entregado-por-la-ministra-de-cultura-y-el-jurado-1024x683.jpg\" alt=\"\" class=\"wp-image-543910\" srcset=\"https:\/\/diariodominicano.com\/wp-content\/uploads\/2024\/07\/El-premio-fue-entregado-por-la-ministra-de-cultura-y-el-jurado-1024x683.jpg 1024w, https:\/\/diariodominicano.com\/wp-content\/uploads\/2024\/07\/El-premio-fue-entregado-por-la-ministra-de-cultura-y-el-jurado-300x200.jpg 300w, https:\/\/diariodominicano.com\/wp-content\/uploads\/2024\/07\/El-premio-fue-entregado-por-la-ministra-de-cultura-y-el-jurado-768x512.jpg 768w, https:\/\/diariodominicano.com\/wp-content\/uploads\/2024\/07\/El-premio-fue-entregado-por-la-ministra-de-cultura-y-el-jurado-1536x1024.jpg 1536w, https:\/\/diariodominicano.com\/wp-content\/uploads\/2024\/07\/El-premio-fue-entregado-por-la-ministra-de-cultura-y-el-jurado-2048x1365.jpg 2048w, https:\/\/diariodominicano.com\/wp-content\/uploads\/2024\/07\/El-premio-fue-entregado-por-la-ministra-de-cultura-y-el-jurado-816x544.jpg 816w\" sizes=\"auto, (max-width: 1024px) 100vw, 1024px\" \/><\/figure>\n<\/figure>\n\n\n\n<p>El evento estuvo encabezado por la ministra de Cultura, Milagros Germ\u00e1n, acompa\u00f1ada por el viceministro de Creatividad y Formaci\u00f3n Art\u00edstica, Giovanny Cruz; la directora general de Bellas Artes, Marinella Sallent, y el director del Teatro Nacional Eduardo Brito, Carlos Veit\u00eda, entre otros funcionarios del MINC.<\/p>\n\n\n\n<p>\u201cEste premio recae en un artista fundamental, profundamente respetado\u201d, expres\u00f3 la ministra de Cultura al referirse a los aportes de Villanueva\u00a0al arte esc\u00e9nico, durante el emotivo acto que reconoci\u00f3 la labor de este gran artista.<\/p>\n\n\n\n<figure class=\"wp-block-gallery has-nested-images columns-default is-cropped wp-block-gallery-2 is-layout-flex wp-block-gallery-is-layout-flex\">\n<figure class=\"wp-block-image size-large\"><img loading=\"lazy\" decoding=\"async\" width=\"1024\" height=\"683\" data-id=\"543909\" src=\"https:\/\/diariodominicano.com\/wp-content\/uploads\/2024\/07\/Eduardo-Villanueva-1024x683.jpg\" alt=\"\" class=\"wp-image-543909\" srcset=\"https:\/\/diariodominicano.com\/wp-content\/uploads\/2024\/07\/Eduardo-Villanueva-1024x683.jpg 1024w, https:\/\/diariodominicano.com\/wp-content\/uploads\/2024\/07\/Eduardo-Villanueva-300x200.jpg 300w, https:\/\/diariodominicano.com\/wp-content\/uploads\/2024\/07\/Eduardo-Villanueva-768x512.jpg 768w, https:\/\/diariodominicano.com\/wp-content\/uploads\/2024\/07\/Eduardo-Villanueva-1536x1024.jpg 1536w, https:\/\/diariodominicano.com\/wp-content\/uploads\/2024\/07\/Eduardo-Villanueva-2048x1365.jpg 2048w, https:\/\/diariodominicano.com\/wp-content\/uploads\/2024\/07\/Eduardo-Villanueva-816x544.jpg 816w\" sizes=\"auto, (max-width: 1024px) 100vw, 1024px\" \/><\/figure>\n<\/figure>\n\n\n\n<p>La funcionaria agreg\u00f3 que el reconocido artista es due\u00f1o de un legado que es testimonio vivo de la virtud a la que conducen la disciplina, el trabajo, la pasi\u00f3n y el respeto por lo que se hace.<\/p>\n\n\n\n<p>Por su parte, al momento de recibir este merecido homenaje, Villanueva destac\u00f3 que \u201cla danza es una manera de orar\u201d.<\/p>\n\n\n\n<p>Al mismo tiempo record\u00f3 la importancia de la pr\u00e1ctica constante para lograr la excelencia.<\/p>\n\n\n\n<figure class=\"wp-block-gallery has-nested-images columns-default is-cropped wp-block-gallery-3 is-layout-flex wp-block-gallery-is-layout-flex\">\n<figure class=\"wp-block-image size-large\"><img loading=\"lazy\" decoding=\"async\" width=\"1024\" height=\"683\" data-id=\"543911\" src=\"https:\/\/diariodominicano.com\/wp-content\/uploads\/2024\/07\/Presentacion-artistica-1024x683.jpg\" alt=\"\" class=\"wp-image-543911\" srcset=\"https:\/\/diariodominicano.com\/wp-content\/uploads\/2024\/07\/Presentacion-artistica-1024x683.jpg 1024w, https:\/\/diariodominicano.com\/wp-content\/uploads\/2024\/07\/Presentacion-artistica-300x200.jpg 300w, https:\/\/diariodominicano.com\/wp-content\/uploads\/2024\/07\/Presentacion-artistica-768x512.jpg 768w, https:\/\/diariodominicano.com\/wp-content\/uploads\/2024\/07\/Presentacion-artistica-1536x1024.jpg 1536w, https:\/\/diariodominicano.com\/wp-content\/uploads\/2024\/07\/Presentacion-artistica-2048x1365.jpg 2048w, https:\/\/diariodominicano.com\/wp-content\/uploads\/2024\/07\/Presentacion-artistica-816x544.jpg 816w\" sizes=\"auto, (max-width: 1024px) 100vw, 1024px\" \/><\/figure>\n<\/figure>\n\n\n\n<p>Este premio es otorgado a un \u00fanico ganador e incluye una dotaci\u00f3n econ\u00f3mica de un mill\u00f3n de pesos, as\u00ed como un certificado acreditativo.<\/p>\n\n\n\n<p>Cabe resaltar que el mismo tiene como prop\u00f3sito fundamental reconocer a un artista destacado en alguna de las disciplinas de danza, teatro o m\u00fasica. Debido a esta diversidad, las convocatorias se realizar\u00e1n de manera alterna, siguiendo el orden dispuesto en el Decreto n\u00fam. 748-22 a partir de 2024: danza, m\u00fasica y teatro.<\/p>\n\n\n\n<p>El acto concluy\u00f3 con un entrem\u00e9s art\u00edstico a cargo del Ballet Nacional Dominicano, con la pieza \u201cPara Eduardo\u201d; la Compa\u00f1\u00eda Nacional de Danza Contempor\u00e1nea con \u201cA la Sombra de mi Sombra\u201d y el Ballet Folk\u00f3rico Nacional Dominicano, con un fragmento de la obra \u201cZafra\u201d.<\/p>\n\n\n\n<p><strong>Miembros del jurado<\/strong><\/p>\n\n\n\n<p>El jurado estuvo encabezado por la ministra de Cultura, Milagros Germ\u00e1n, en calidad de presidenta, y lo integraron Giovanny Cruz, viceministro de Creatividad y Formaci\u00f3n Art\u00edstica; Marinella Sallent, directora general de Bellas Artes, y Carlos Veit\u00eda, director del Teatro Nacional Eduardo Brito.<\/p>\n\n\n\n<p>Tambi\u00e9n formaron parte del jurado de premiaci\u00f3n V\u00edctor Ram\u00edrez, asesor del Despacho; Jos\u00e9 del Castillo Savi\u00f1\u00f3n, soci\u00f3logo y escritor; Andre\u00edna Jim\u00e9nez, en representaci\u00f3n del Ministerio de Educaci\u00f3n; Marianela Bo\u00e1n, core\u00f3grafa; Antonia Alc\u00e1ntara, directora de la Escuela Nacional de Danza, y Edmundo Poy, director de la Compa\u00f1\u00eda Nacional de Danza Contempor\u00e1nea.<\/p>\n\n\n\n<p><strong>Sobre el artista<\/strong><\/p>\n\n\n\n<p>Villanueva posee una formaci\u00f3n variada y extensa, que comenz\u00f3 en la Academia de Clara Elena Ram\u00edrez y perfeccion\u00f3 en instituciones de renombre, como el Departamento de Danza de la Universidad Estatal de Viena, American Ballet Theater School, Alvin Ailey American Dance Center y Martha Graham School of Contemporary Dance, as\u00ed como en el Ballet Nacional de M\u00e9xico.<\/p>\n\n\n\n<p>Como core\u00f3grafo, ha producido m\u00e1s de 100 ballets, destac\u00e1ndose en obras como \u201cLas hermanas Mirabal\u201d, \u201cSalom\u00e9 Ure\u00f1a\u201d y \u201cLa casa de Bernarda Alba\u201d. Sus producciones han contado con la colaboraci\u00f3n de figuras prominentes en escenograf\u00eda y vestuario, como Ada Balc\u00e1cer, \u00d3scar de la Renta y C\u00e1ndido Bid\u00f3.<\/p>\n\n\n\n<p>Adem\u00e1s de su carrera en el \u00e1mbito de la danza, Villanueva ha tenido una destacada trayectoria como actor y cantante, habiendo participado en \u00f3peras y musicales, como \u201cRigoletto\u201d, \u201cCarmen\u201d y \u201cWest Side Story\u201d, bajo la direcci\u00f3n de reconocidos directores, como Carlos Piantini y Bienvenido Miranda.<\/p>\n\n\n\n<p>Ministerio de Cultura de la Rep\u00fablica Dominicana<\/p>\n\n\n\n<p><a target=\"_blank\" href=\"mailto:prensa@cultura.gob.do\" rel=\"noreferrer noopener\">prensa@cultura.gob.do<\/a><\/p>\n","protected":false},"excerpt":{"rendered":"<p>Con una importante trayectoria, fundamentalmente en el \u00e1rea de la danza, Villanueva es uno de los artistas dominicanos&nbsp;m\u00e1s completos Santo Domingo, RD.-&nbsp;El Ministerio de Cultura (MINC) entreg\u00f3 hoy el Premio Nacional de las Artes Esc\u00e9nicas 2024 al polifac\u00e9tico artista dominicano Eduardo Villanueva, en un emotivo acto que tuvo lugar en la sala M\u00e1ximo Avil\u00e9s Blonda [&hellip;]<\/p>\n","protected":false},"author":28,"featured_media":543912,"comment_status":"closed","ping_status":"closed","sticky":true,"template":"","format":"standard","meta":{"footnotes":""},"categories":[21,36,25,27],"tags":[],"class_list":["post-543841","post","type-post","status-publish","format-standard","has-post-thumbnail","hentry","category-cultura","category-hombresmujeresycosas","category-gente","category-portada"],"_links":{"self":[{"href":"https:\/\/diariodominicano.com\/index.php?rest_route=\/wp\/v2\/posts\/543841","targetHints":{"allow":["GET"]}}],"collection":[{"href":"https:\/\/diariodominicano.com\/index.php?rest_route=\/wp\/v2\/posts"}],"about":[{"href":"https:\/\/diariodominicano.com\/index.php?rest_route=\/wp\/v2\/types\/post"}],"author":[{"embeddable":true,"href":"https:\/\/diariodominicano.com\/index.php?rest_route=\/wp\/v2\/users\/28"}],"replies":[{"embeddable":true,"href":"https:\/\/diariodominicano.com\/index.php?rest_route=%2Fwp%2Fv2%2Fcomments&post=543841"}],"version-history":[{"count":3,"href":"https:\/\/diariodominicano.com\/index.php?rest_route=\/wp\/v2\/posts\/543841\/revisions"}],"predecessor-version":[{"id":543914,"href":"https:\/\/diariodominicano.com\/index.php?rest_route=\/wp\/v2\/posts\/543841\/revisions\/543914"}],"wp:featuredmedia":[{"embeddable":true,"href":"https:\/\/diariodominicano.com\/index.php?rest_route=\/wp\/v2\/media\/543912"}],"wp:attachment":[{"href":"https:\/\/diariodominicano.com\/index.php?rest_route=%2Fwp%2Fv2%2Fmedia&parent=543841"}],"wp:term":[{"taxonomy":"category","embeddable":true,"href":"https:\/\/diariodominicano.com\/index.php?rest_route=%2Fwp%2Fv2%2Fcategories&post=543841"},{"taxonomy":"post_tag","embeddable":true,"href":"https:\/\/diariodominicano.com\/index.php?rest_route=%2Fwp%2Fv2%2Ftags&post=543841"}],"curies":[{"name":"wp","href":"https:\/\/api.w.org\/{rel}","templated":true}]}}