{"id":54384,"date":"2020-03-25T01:08:00","date_gmt":"2020-03-25T01:08:00","guid":{"rendered":"http:\/\/diariodominicano.ddns.net\/?p=54384"},"modified":"2020-03-25T01:08:00","modified_gmt":"2020-03-25T01:08:00","slug":"fuerzas-de-colon-vencen-a-los-nativos-en-la-vega","status":"publish","type":"post","link":"https:\/\/diariodominicano.com\/?p=54384","title":{"rendered":"Fuerzas de  Col\u00f3n vencen a los nativos en La Vega"},"content":{"rendered":"<p><body><\/p>\n<p><strong>Diariodominicano.com<\/strong><\/p>\n<p><strong>Fuerzas de  Col\u00f3n vencen a los nativos en La Vega<\/strong><\/p>\n<p> Los espa\u00f1oles lograron su objetivo de vencer a los nativos para obligarlos a someterse al vasallaje de los Reyes Cat\u00f3licos y al servicio de los colonizadores.<\/p>\n<p><strong>Diariodominicano.com<\/strong><\/p>\n<p><strong>LA VEGA.- <\/strong>El 25 de marzo de 1495, las fuerzas de Crist\u00f3bal Col\u00f3n, se enfrentaron a los ind\u00edgenas en el valle de La Vega Real.<\/p>\n<\/p>\n<p>    Los espa\u00f1oles lograron su objetivo de vencer a los nativos para obligarlos a someterse al vasallaje de los Reyes Cat\u00f3licos y al servicio de los colonizadores.<\/p>\n<\/p>\n<p>  Al sufrir la derrota, una parte de la poblaci\u00f3n ind\u00edgena de La Vega Real huy\u00f3 a los montes de la regi\u00f3n del Cibao.<\/p>\n<\/p>\n<p>    En el momento en que se produjo la batalla de La Vega Real, Crist\u00f3bal Col\u00f3n y su comitiva enfrentaban una situaci\u00f3n muy dif\u00edcil porque escaseaban los alimentos y una parte de la poblaci\u00f3n hab\u00eda sido diezmada por enfermedades.<\/p>\n<\/p>\n<h6> 2020-03-25 01:08:00 <\/h6>\n<p><!--\n<link rel=\"stylesheet\" href=\"css\/bootstrap.min.css\">\n\n\n<ul class=\"pagination\">\n\t    \n\t\n\n<li >\n\t<a href='?page_no=652'>Previous<\/a>\n\t<\/li>\n\n\n       \n    \n\n<li><a href='?page_no=1'>1<\/a><\/li>\n\n\n\n<li><a href='?page_no=2'>2<\/a><\/li>\n\n\n\n<li><a>...<\/a><\/li>\n\n\n\n<li><a href='?page_no=651'>651<\/a><\/li>\n\n\n\n<li><a href='?page_no=652'>652<\/a><\/li>\n\n\n\n<li class='active'><a>653<\/a><\/li>\n\n\n\n<li><a href='?page_no=654'>654<\/a><\/li>\n\n\n\n<li><a href='?page_no=655'>655<\/a><\/li>\n\n\n\n<li><a>...<\/a><\/li>\n\n\n\n<li><a href='?page_no=22911'>22911<\/a><\/li>\n\n\n\n<li><a href='?page_no=22912'>22912<\/a><\/li>\n\n    \n\t\n\n<li >\n\t<a href='?page_no=654'>Next<\/a>\n\t<\/li>\n\n\n    \n\n<li><a href='?page_no=22912'>Last &rsaquo;&rsaquo;<\/a><\/li>\n\n<\/ul>\n\n\n--><br \/>\n<\/body><\/p>\n","protected":false},"excerpt":{"rendered":"<p>Diariodominicano.com Fuerzas de Col\u00f3n vencen a los nativos en La Vega Los espa\u00f1oles lograron su objetivo de vencer a los nativos para obligarlos a someterse al vasallaje de los Reyes Cat\u00f3licos y al servicio de los colonizadores. Diariodominicano.com LA VEGA.- El 25 de marzo de 1495, las fuerzas de Crist\u00f3bal Col\u00f3n, se enfrentaron a los [&hellip;]<\/p>\n","protected":false},"author":3,"featured_media":0,"comment_status":"open","ping_status":"open","sticky":false,"template":"","format":"standard","meta":{"footnotes":""},"categories":[21],"tags":[],"class_list":["post-54384","post","type-post","status-publish","format-standard","hentry","category-cultura"],"_links":{"self":[{"href":"https:\/\/diariodominicano.com\/index.php?rest_route=\/wp\/v2\/posts\/54384","targetHints":{"allow":["GET"]}}],"collection":[{"href":"https:\/\/diariodominicano.com\/index.php?rest_route=\/wp\/v2\/posts"}],"about":[{"href":"https:\/\/diariodominicano.com\/index.php?rest_route=\/wp\/v2\/types\/post"}],"author":[{"embeddable":true,"href":"https:\/\/diariodominicano.com\/index.php?rest_route=\/wp\/v2\/users\/3"}],"replies":[{"embeddable":true,"href":"https:\/\/diariodominicano.com\/index.php?rest_route=%2Fwp%2Fv2%2Fcomments&post=54384"}],"version-history":[{"count":0,"href":"https:\/\/diariodominicano.com\/index.php?rest_route=\/wp\/v2\/posts\/54384\/revisions"}],"wp:attachment":[{"href":"https:\/\/diariodominicano.com\/index.php?rest_route=%2Fwp%2Fv2%2Fmedia&parent=54384"}],"wp:term":[{"taxonomy":"category","embeddable":true,"href":"https:\/\/diariodominicano.com\/index.php?rest_route=%2Fwp%2Fv2%2Fcategories&post=54384"},{"taxonomy":"post_tag","embeddable":true,"href":"https:\/\/diariodominicano.com\/index.php?rest_route=%2Fwp%2Fv2%2Ftags&post=54384"}],"curies":[{"name":"wp","href":"https:\/\/api.w.org\/{rel}","templated":true}]}}