{"id":54373,"date":"2020-03-25T11:22:34","date_gmt":"2020-03-25T11:22:34","guid":{"rendered":"http:\/\/diariodominicano.ddns.net\/?p=54373"},"modified":"2020-03-25T11:22:34","modified_gmt":"2020-03-25T11:22:34","slug":"un-dia-como-hoy-san-juan-pablo-ii-publico-su-enciclica-sobre-la-virgen-maria","status":"publish","type":"post","link":"https:\/\/diariodominicano.com\/?p=54373","title":{"rendered":"Un d\u00eda como hoy San Juan Pablo II public\u00f3 su enc\u00edclica sobre la Virgen Mar\u00eda"},"content":{"rendered":"<p><body><\/p>\n<p><img decoding=\"async\" src=\"img3\/JuanPabloII25.jpg\" \/>  <\/p>\n<p><span class=\"text1noticias\"> <\/span><\/p>\n<p><span class=\"text1noticias\">diariodominicano.com<\/span><\/p>\n<\/p>\n<p><span class=\"text1noticias\">POR WALTER S\u00c1NCHEZ SILVA | ACI Prensa<\/span><\/p>\n<p><span class=\"text1noticias\"> <\/span><\/p>\n<p><span class=\"text1noticias\">Vaticano, 25 de marzo de 2020.- El 25 de marzo de 1987 San Juan Pablo II public\u00f3 su enc\u00edclica Redemptoris Mater (La Madre del Redentor), sobre la \u00abbienaventurada Virgen Mar\u00eda en la vida de la Iglesia peregrina\u00bb.<\/span><\/p>\n<p><span class=\"text1noticias\"> <\/span><\/p>\n<p><span class=\"text1noticias\">Al iniciar la enc\u00edclica, el Papa peregrino afirma que \u00abla Madre del Redentor tiene un lugar preciso en el plan de la salvaci\u00f3n, porque ?al llegar la plenitud de los tiempos, envi\u00f3 Dios a su Hijo, nacido de mujer, nacido bajo la ley, para rescatar a los que se hallaban bajo la ley, para que recibieran la filiaci\u00f3n adoptiva. La prueba de que sois hijos es que Dios ha enviado a nuestros corazones el Esp\u00edritu de su Hijo que clama: \u00a1Abb\u00e1, Padre!?\u00bb.<\/span><\/p>\n<p><span class=\"text1noticias\"> <\/span><\/p>\n<p><span class=\"text1noticias\">El Pont\u00edfice explica que escribi\u00f3 la enc\u00edclica motivado por \u00abla perspectiva del a\u00f1o dos mil\u00bb, en el que \u00abel Jubileo bimilenario del nacimiento de Jesucristo orienta, al mismo tiempo, nuestra mirada hacia su Madre\u00bb.<\/span><\/p>\n<p><span class=\"text1noticias\"> <\/span><\/p>\n<p><span class=\"text1noticias\">El documento pontificio est\u00e1 dividido en tres partes: Mar\u00eda en el Misterio de Cristo, La Madre de Dios en el centro de la Iglesia Peregrina y Mediaci\u00f3n Materna.<\/span><\/p>\n<p><span class=\"text1noticias\"> <\/span><\/p>\n<p><span class=\"text1noticias\">Entre otros puntos, San Juan Pablo II resalta el papel crucial de la Virgen Mar\u00eda en la vida de la Iglesia y el mundo; a partir de las reflexiones que hizo sobre ella el Concilio Vaticano II, el evento m\u00e1s importante de la historia eclesial en el siglo XX.<\/span><\/p>\n<p><span class=\"text1noticias\"> <\/span><\/p>\n<p><span class=\"text1noticias\">En la enc\u00edclica, el Papa Wojtyla se refiri\u00f3 a la especial celebraci\u00f3n del A\u00f1o Mariano que proclam\u00f3 del 7 de junio de 1987 al 15 de agosto de 1988, como preparaci\u00f3n para los dos mil a\u00f1os del nacimiento de Cristo.<\/span><\/p>\n<p><span class=\"text1noticias\"> <\/span><\/p>\n<p><span class=\"text1noticias\">El Santo Padre ha sido un gran enamorado de la Virgen Mar\u00eda, a quien le dedic\u00f3 su lema pontificio: Totus Tuus (Todo tuyo).<\/span><\/p>\n<p><span class=\"text1noticias\"> <\/span><\/p>\n<p><span class=\"text1noticias\">El Papa peregrino siempre agradeci\u00f3 a la Virgen Mar\u00eda, en su advocaci\u00f3n de F\u00e1tima, por haber sobrevivido al atentado que sufri\u00f3 el 13 de mayo de 1981 en la Plaza de <\/span>San Pedro.<\/p>\n<h6> 2020-03-25 11:22:34 <\/h6>\n<p><!--\n<link rel=\"stylesheet\" href=\"css\/bootstrap.min.css\">\n\n\n<ul class=\"pagination\">\n\t    \n\t\n\n<li >\n\t<a href='?page_no=651'>Previous<\/a>\n\t<\/li>\n\n\n       \n    \n\n<li><a href='?page_no=1'>1<\/a><\/li>\n\n\n\n<li><a href='?page_no=2'>2<\/a><\/li>\n\n\n\n<li><a>...<\/a><\/li>\n\n\n\n<li><a href='?page_no=650'>650<\/a><\/li>\n\n\n\n<li><a href='?page_no=651'>651<\/a><\/li>\n\n\n\n<li class='active'><a>652<\/a><\/li>\n\n\n\n<li><a href='?page_no=653'>653<\/a><\/li>\n\n\n\n<li><a href='?page_no=654'>654<\/a><\/li>\n\n\n\n<li><a>...<\/a><\/li>\n\n\n\n<li><a href='?page_no=22911'>22911<\/a><\/li>\n\n\n\n<li><a href='?page_no=22912'>22912<\/a><\/li>\n\n    \n\t\n\n<li >\n\t<a href='?page_no=653'>Next<\/a>\n\t<\/li>\n\n\n    \n\n<li><a href='?page_no=22912'>Last &rsaquo;&rsaquo;<\/a><\/li>\n\n<\/ul>\n\n\n--><br \/>\n<\/body><\/p>\n","protected":false},"excerpt":{"rendered":"<p>diariodominicano.com POR WALTER S\u00c1NCHEZ SILVA | ACI Prensa Vaticano, 25 de marzo de 2020.- El 25 de marzo de 1987 San Juan Pablo II public\u00f3 su enc\u00edclica Redemptoris Mater (La Madre del Redentor), sobre la \u00abbienaventurada Virgen Mar\u00eda en la vida de la Iglesia peregrina\u00bb. Al iniciar la enc\u00edclica, el Papa peregrino afirma que \u00abla [&hellip;]<\/p>\n","protected":false},"author":3,"featured_media":0,"comment_status":"open","ping_status":"open","sticky":false,"template":"","format":"standard","meta":{"footnotes":""},"categories":[21],"tags":[],"class_list":["post-54373","post","type-post","status-publish","format-standard","hentry","category-cultura"],"_links":{"self":[{"href":"https:\/\/diariodominicano.com\/index.php?rest_route=\/wp\/v2\/posts\/54373","targetHints":{"allow":["GET"]}}],"collection":[{"href":"https:\/\/diariodominicano.com\/index.php?rest_route=\/wp\/v2\/posts"}],"about":[{"href":"https:\/\/diariodominicano.com\/index.php?rest_route=\/wp\/v2\/types\/post"}],"author":[{"embeddable":true,"href":"https:\/\/diariodominicano.com\/index.php?rest_route=\/wp\/v2\/users\/3"}],"replies":[{"embeddable":true,"href":"https:\/\/diariodominicano.com\/index.php?rest_route=%2Fwp%2Fv2%2Fcomments&post=54373"}],"version-history":[{"count":0,"href":"https:\/\/diariodominicano.com\/index.php?rest_route=\/wp\/v2\/posts\/54373\/revisions"}],"wp:attachment":[{"href":"https:\/\/diariodominicano.com\/index.php?rest_route=%2Fwp%2Fv2%2Fmedia&parent=54373"}],"wp:term":[{"taxonomy":"category","embeddable":true,"href":"https:\/\/diariodominicano.com\/index.php?rest_route=%2Fwp%2Fv2%2Fcategories&post=54373"},{"taxonomy":"post_tag","embeddable":true,"href":"https:\/\/diariodominicano.com\/index.php?rest_route=%2Fwp%2Fv2%2Ftags&post=54373"}],"curies":[{"name":"wp","href":"https:\/\/api.w.org\/{rel}","templated":true}]}}