{"id":543659,"date":"2024-07-08T12:38:07","date_gmt":"2024-07-08T16:38:07","guid":{"rendered":"https:\/\/diariodominicano.com\/?p=543659"},"modified":"2024-07-08T13:20:08","modified_gmt":"2024-07-08T17:20:08","slug":"finjus-entiende-reformas-para-que-el-pais-avance-son-necesarias-ven-prioridad-reforma-fiscal-avanzar-leyes-pendientes-y-crear-un-ministerio-de-justicia","status":"publish","type":"post","link":"https:\/\/diariodominicano.com\/?p=543659","title":{"rendered":"FINJUS entiende reformas para que el pa\u00eds avance son necesarias; ven prioridad reforma fiscal, avanzar leyes pendientes y crear un Ministerio de Justicia \u00a0"},"content":{"rendered":"\n<p>Santo Domingo.- El vicepresidente de la Fundaci\u00f3n Institucionalidad y Justicia (FINJUS), Servio Tulio Casta\u00f1os Guzm\u00e1n, entiende que tal como manda la Ley de Estrategia Nacional de Desarrollo, en el pa\u00eds deben concentrarse en las reformas necesarias para que la naci\u00f3n avance.<\/p>\n\n\n\n<p>Se\u00f1al\u00f3 que entre estas necesidades de naci\u00f3n se encuentran una necesaria reforma fiscal, avanzar en las leyes que est\u00e1n pendientes como el C\u00f3digo Penal y la modificaci\u00f3n a la Ley 1-24 que cre\u00f3 el DNI, ya que entiende que esta tiene varias distorsiones que deben ser corregidas,&nbsp;&nbsp;<\/p>\n\n\n\n<figure class=\"wp-block-gallery has-nested-images columns-default is-cropped wp-block-gallery-1 is-layout-flex wp-block-gallery-is-layout-flex\">\n<figure class=\"wp-block-image size-large\"><img loading=\"lazy\" decoding=\"async\" width=\"1024\" height=\"683\" data-id=\"543730\" src=\"https:\/\/diariodominicano.com\/wp-content\/uploads\/2024\/07\/FINJUS-entiende-reformas-para-que-el-pais-avance-son-necesarias-ven-prioridad-reforma-fiscal-avanzar-leyes-pendientes-y-crear-un-Ministerio-Justicia-1024x683.jpg\" alt=\"\" class=\"wp-image-543730\" srcset=\"https:\/\/diariodominicano.com\/wp-content\/uploads\/2024\/07\/FINJUS-entiende-reformas-para-que-el-pais-avance-son-necesarias-ven-prioridad-reforma-fiscal-avanzar-leyes-pendientes-y-crear-un-Ministerio-Justicia-1024x683.jpg 1024w, https:\/\/diariodominicano.com\/wp-content\/uploads\/2024\/07\/FINJUS-entiende-reformas-para-que-el-pais-avance-son-necesarias-ven-prioridad-reforma-fiscal-avanzar-leyes-pendientes-y-crear-un-Ministerio-Justicia-300x200.jpg 300w, https:\/\/diariodominicano.com\/wp-content\/uploads\/2024\/07\/FINJUS-entiende-reformas-para-que-el-pais-avance-son-necesarias-ven-prioridad-reforma-fiscal-avanzar-leyes-pendientes-y-crear-un-Ministerio-Justicia-768x513.jpg 768w, https:\/\/diariodominicano.com\/wp-content\/uploads\/2024\/07\/FINJUS-entiende-reformas-para-que-el-pais-avance-son-necesarias-ven-prioridad-reforma-fiscal-avanzar-leyes-pendientes-y-crear-un-Ministerio-Justicia-1536x1025.jpg 1536w, https:\/\/diariodominicano.com\/wp-content\/uploads\/2024\/07\/FINJUS-entiende-reformas-para-que-el-pais-avance-son-necesarias-ven-prioridad-reforma-fiscal-avanzar-leyes-pendientes-y-crear-un-Ministerio-Justicia-2048x1367.jpg 2048w, https:\/\/diariodominicano.com\/wp-content\/uploads\/2024\/07\/FINJUS-entiende-reformas-para-que-el-pais-avance-son-necesarias-ven-prioridad-reforma-fiscal-avanzar-leyes-pendientes-y-crear-un-Ministerio-Justicia-816x545.jpg 816w\" sizes=\"auto, (max-width: 1024px) 100vw, 1024px\" \/><\/figure>\n<\/figure>\n\n\n\n<p>Sobre las cosas que entiende que deben reformarse en la Constituci\u00f3n, el vicepresidente ejecutivo de FINJUS sugiri\u00f3 al presidente Luis Abinader consultar a expertos en materia constitucional \u201cporque el derecho constitucional tiene un componente pol\u00edtico muy fuerte y siempre va a generar un debate\u201d.<\/p>\n\n\n\n<p>\u201cPor eso las reformas constitucionales que han resultado ser exitosas son las que se pactan pol\u00edticamente\u201d, se\u00f1al\u00f3, al recordar que, por ejemplo, el expresidente Leonel Fern\u00e1ndez tuvo que pactar la de 2010 y socializarla.<\/p>\n\n\n\n<figure class=\"wp-block-gallery has-nested-images columns-default is-cropped wp-block-gallery-2 is-layout-flex wp-block-gallery-is-layout-flex\">\n<figure class=\"wp-block-image size-large\"><img loading=\"lazy\" decoding=\"async\" width=\"1024\" height=\"706\" data-id=\"543729\" src=\"https:\/\/diariodominicano.com\/wp-content\/uploads\/2024\/07\/FINJUS-entiende-reformas-para-que-el-pais-avance-son-necesarias-ven-prioridad-reforma-fiscal-avanzar-leyes-pendientes-y-crear-un-Ministerio-de-Justicia-1024x706.jpg\" alt=\"\" class=\"wp-image-543729\" srcset=\"https:\/\/diariodominicano.com\/wp-content\/uploads\/2024\/07\/FINJUS-entiende-reformas-para-que-el-pais-avance-son-necesarias-ven-prioridad-reforma-fiscal-avanzar-leyes-pendientes-y-crear-un-Ministerio-de-Justicia-1024x706.jpg 1024w, https:\/\/diariodominicano.com\/wp-content\/uploads\/2024\/07\/FINJUS-entiende-reformas-para-que-el-pais-avance-son-necesarias-ven-prioridad-reforma-fiscal-avanzar-leyes-pendientes-y-crear-un-Ministerio-de-Justicia-300x207.jpg 300w, https:\/\/diariodominicano.com\/wp-content\/uploads\/2024\/07\/FINJUS-entiende-reformas-para-que-el-pais-avance-son-necesarias-ven-prioridad-reforma-fiscal-avanzar-leyes-pendientes-y-crear-un-Ministerio-de-Justicia-768x530.jpg 768w, https:\/\/diariodominicano.com\/wp-content\/uploads\/2024\/07\/FINJUS-entiende-reformas-para-que-el-pais-avance-son-necesarias-ven-prioridad-reforma-fiscal-avanzar-leyes-pendientes-y-crear-un-Ministerio-de-Justicia-1536x1059.jpg 1536w, https:\/\/diariodominicano.com\/wp-content\/uploads\/2024\/07\/FINJUS-entiende-reformas-para-que-el-pais-avance-son-necesarias-ven-prioridad-reforma-fiscal-avanzar-leyes-pendientes-y-crear-un-Ministerio-de-Justicia-2048x1412.jpg 2048w, https:\/\/diariodominicano.com\/wp-content\/uploads\/2024\/07\/FINJUS-entiende-reformas-para-que-el-pais-avance-son-necesarias-ven-prioridad-reforma-fiscal-avanzar-leyes-pendientes-y-crear-un-Ministerio-de-Justicia-816x563.jpg 816w\" sizes=\"auto, (max-width: 1024px) 100vw, 1024px\" \/><\/figure>\n<\/figure>\n\n\n\n<p><strong>Pacto de naci\u00f3n est\u00e1 contemplado en la END<\/strong><\/p>\n\n\n\n<p>A prop\u00f3sito del pacto de naci\u00f3n que propone el Consejo Nacional de la Empresa Privada (CONEP) de cara a las reformas necesarias que necesita el pa\u00eds, el vicepresidente ejecutivo de FINJUS dijo que esto no es ninguna novedad porque, de hecho, est\u00e1 contemplado en la Estrategia Nacional de Desarrollo desde hace m\u00e1s de 12 a\u00f1os.<\/p>\n\n\n\n<p>\u201cEso que est\u00e1 planteando el CONEP tiene mucho sentido y tiene mucha l\u00f3gica porque saben que la parte institucional en la actual coyuntura es fundamental para que este pa\u00eds siga adelante\u201d, expres\u00f3 durante su participaci\u00f3n en el programa Rese\u00f1as, que conducen los periodistas Rafael N\u00fa\u00f1ez y&nbsp;Adelaida&nbsp;Mart\u00ednez R., por Entelevisi\u00f3n los s\u00e1bados a las 09:00 de la noche.<\/p>\n\n\n\n<p>Manifest\u00f3 que cuando se habla&nbsp;de un pacto fiscal, hay que ver que no se habla de recaudar ni crear mecanismos para hacerlo, sino tambi\u00e9n de c\u00f3mo se va a gastar y ver lo relativo a la calidad del gasto, al asegurar que su percepci\u00f3n es que el actual mandatario va en esa direcci\u00f3n.&nbsp;<\/p>\n\n\n\n<p>\u201cYo pienso que el presidente Luis Abinader en esta ocasi\u00f3n va en esa direcci\u00f3n, f\u00edjense que \u00e9l ha dicho que esta reforma va dirigida al tema de salud, al tema de la seguridad, la reforma a la Polic\u00eda&#8230; En fin, a una serie de sectores que, sin lugar a dudas, se han quedado rezagados\u201d, resalt\u00f3 Casta\u00f1os Guzm\u00e1n, quien a\u00f1adi\u00f3 que hay cosas pendientes, como la creaci\u00f3n de un ministerio de Justicia.<\/p>\n\n\n\n<p><strong>Ley de la PN ser\u00e1 reformada<\/strong><\/p>\n\n\n\n<p>Entre otros aspectos, Servio Tulio Casta\u00f1os Guzm\u00e1n adelant\u00f3 que ser\u00e1 reformada la Ley Org\u00e1nica de la Polic\u00eda Nacional: \u201cLa vamos a reformar, porque nos hemos dado cuenta que en la implementaci\u00f3n hay una serie de cuellos de botellas que no permiten que esa instituci\u00f3n pueda avanzar\u201d. &nbsp;<\/p>\n\n\n\n<p>Servio Tulio Rechaz\u00f3 que se proponga crear una polic\u00eda anticorrupci\u00f3n, porque entiende que eso es seguir desnaturalizando la instituci\u00f3n policial, al afirmar que esto ser\u00eda crear funciones paralelas a las que est\u00e1 llamada en su esencia a ejecutar el Cuerpo del Orden, sin importar que haya un referente en Espa\u00f1a, pa\u00eds que dista mucho de parecerse en t\u00e9rminos de desarrollo y pol\u00edticas p\u00fablicas a Rep\u00fablica Dominicana.<\/p>\n\n\n\n<p>Manifest\u00f3 que los agentes policiales est\u00e1n contentos con los cambios que se han hecho en favor de ellos, ya que se dignific\u00f3 su labor mejorando sus sueldos y con otros beneficios como un buen seguro m\u00e9dico, becas universitarias, entre otros.<\/p>\n\n\n\n<p><strong>Sobre el C\u00f3digo Penal<\/strong><\/p>\n\n\n\n<p>En cuanto al proyecto de C\u00f3digo Penal que se aprob\u00f3 en la C\u00e1mara Alta, Servio Tulio Casta\u00f1os Guzm\u00e1n manifest\u00f3 que como todav\u00eda el Senado de la Rep\u00fablica no ha remitido a la C\u00e1mara de Diputados la pieza que aprob\u00f3, FINJUS espera que este paso se agote para analizarla.&nbsp;<\/p>\n\n\n\n<p>Sobre el tema de las tres causales dijo que espera ver el proyecto aprobado antes de emitir una opini\u00f3n, pero que entiende que al parecer se perdi\u00f3 y habr\u00e1 que construir otra estrategia para que estos derechos se garanticen a la mujer, recordando que los partidos pol\u00edticos pactaron que no estuviera.&nbsp;<\/p>\n\n\n\n<p>\u201cTengo dos hijas y tengo que pensar en ellas, este es un conflicto entre la ciencia y la fe\u2026 Es un tema que los legisladores no ha habido forma que lo entiendan de esa forma, aqu\u00ed no se habla de aborto, se habla de causas de dolor para la mujer\u201d, expres\u00f3.&nbsp; &nbsp;&nbsp;<\/p>\n\n\n\n<p>Al preguntarle si esa nueva lucha de las tres causales, a prop\u00f3sito de que se reformar\u00eda la Constituci\u00f3n, tendr\u00eda cabida en que se modificara el art\u00edculo 37 de la Carta Magna, se\u00f1al\u00f3 que esa ser\u00eda otra batalla y que tal como lo dijo el expresidente del TC, habr\u00eda que modificarlo, independientemente de las interpretaciones diversas que se le da a la ley de leyes.&nbsp;&nbsp;&nbsp;<\/p>\n\n\n\n<p>Dijo que el CP, despu\u00e9s de la Constituci\u00f3n, es la principal norma porque a partir de este se establece la pol\u00edtica criminal del Estado, por lo que entiende este debe aprobarse.<\/p>\n","protected":false},"excerpt":{"rendered":"<p>Santo Domingo.- El vicepresidente de la Fundaci\u00f3n Institucionalidad y Justicia (FINJUS), Servio Tulio Casta\u00f1os Guzm\u00e1n, entiende que tal como manda la Ley de Estrategia Nacional de Desarrollo, en el pa\u00eds deben concentrarse en las reformas necesarias para que la naci\u00f3n avance. Se\u00f1al\u00f3 que entre estas necesidades de naci\u00f3n se encuentran una necesaria reforma fiscal, avanzar [&hellip;]<\/p>\n","protected":false},"author":7,"featured_media":0,"comment_status":"closed","ping_status":"closed","sticky":false,"template":"","format":"standard","meta":{"footnotes":""},"categories":[24],"tags":[],"class_list":["post-543659","post","type-post","status-publish","format-standard","hentry","category-justicia-y-derecho"],"_links":{"self":[{"href":"https:\/\/diariodominicano.com\/index.php?rest_route=\/wp\/v2\/posts\/543659","targetHints":{"allow":["GET"]}}],"collection":[{"href":"https:\/\/diariodominicano.com\/index.php?rest_route=\/wp\/v2\/posts"}],"about":[{"href":"https:\/\/diariodominicano.com\/index.php?rest_route=\/wp\/v2\/types\/post"}],"author":[{"embeddable":true,"href":"https:\/\/diariodominicano.com\/index.php?rest_route=\/wp\/v2\/users\/7"}],"replies":[{"embeddable":true,"href":"https:\/\/diariodominicano.com\/index.php?rest_route=%2Fwp%2Fv2%2Fcomments&post=543659"}],"version-history":[{"count":3,"href":"https:\/\/diariodominicano.com\/index.php?rest_route=\/wp\/v2\/posts\/543659\/revisions"}],"predecessor-version":[{"id":543740,"href":"https:\/\/diariodominicano.com\/index.php?rest_route=\/wp\/v2\/posts\/543659\/revisions\/543740"}],"wp:attachment":[{"href":"https:\/\/diariodominicano.com\/index.php?rest_route=%2Fwp%2Fv2%2Fmedia&parent=543659"}],"wp:term":[{"taxonomy":"category","embeddable":true,"href":"https:\/\/diariodominicano.com\/index.php?rest_route=%2Fwp%2Fv2%2Fcategories&post=543659"},{"taxonomy":"post_tag","embeddable":true,"href":"https:\/\/diariodominicano.com\/index.php?rest_route=%2Fwp%2Fv2%2Ftags&post=543659"}],"curies":[{"name":"wp","href":"https:\/\/api.w.org\/{rel}","templated":true}]}}