{"id":543592,"date":"2024-07-08T00:28:30","date_gmt":"2024-07-08T04:28:30","guid":{"rendered":"https:\/\/diariodominicano.com\/?p=543592"},"modified":"2024-07-08T10:33:58","modified_gmt":"2024-07-08T14:33:58","slug":"eden-el-revolucionario-concierto-sensorial-de-joyce-didonato-llega-a-republica-dominicana-2","status":"publish","type":"post","link":"https:\/\/diariodominicano.com\/?p=543592","title":{"rendered":"\u201cED\u00c9N\u201d, el revolucionario concierto sensorial de Joyce DiDonato, llega a Rep\u00fablica Dominicana"},"content":{"rendered":"\n<p><strong><em>Esta producci\u00f3n de la Fundaci\u00f3n Sinfon\u00eda<\/em><\/strong><em>&nbsp;<\/em><em>est\u00e1 pautada para viernes 2 de agosto en Teatro Nacional Eduardo Brito, a las 8:30 P.M<\/em><\/p>\n\n\n\n<p><\/p>\n\n\n\n<p><strong>Una experiencia sensorial m\u00fasico-dram\u00e1tica de alta calidad art\u00edstica<\/strong><\/p>\n\n\n\n<p><strong>SANTO DOMINGO<\/strong>, RD. &#8211; La Sala Carlos Piantini del Teatro Nacional Eduardo Brito ser\u00e1 el escenario donde la mezzosoprano norteamericana Joyce Didonato presentar\u00e1 su concierto \u201cED\u00c9N\u201d el pr\u00f3ximo viernes 2 de agosto, considerado un espect\u00e1culo \u00fanico y de alta calidad art\u00edstica, acompa\u00f1ado de iniciativas educativas y ambientales.<\/p>\n\n\n\n<p>La diva estadounidense estar\u00e1 acompa\u00f1ada de la orquesta barroca, Il Pomo d\u2019Oro, un conjunto historicista integrado en su mayor\u00eda por m\u00fasicos italianos, quienes ofrecer\u00e1n una experiencia emocionante.<\/p>\n\n\n\n<figure class=\"wp-block-gallery has-nested-images columns-default is-cropped wp-block-gallery-1 is-layout-flex wp-block-gallery-is-layout-flex\">\n<figure class=\"wp-block-image size-large\"><img loading=\"lazy\" decoding=\"async\" width=\"1024\" height=\"683\" data-id=\"543498\" src=\"https:\/\/diariodominicano.com\/wp-content\/uploads\/2024\/07\/MelleMeivogel_JoyceDiDonato_Eden_highres-1024x683.jpg\" alt=\"\" class=\"wp-image-543498\" srcset=\"https:\/\/diariodominicano.com\/wp-content\/uploads\/2024\/07\/MelleMeivogel_JoyceDiDonato_Eden_highres-1024x683.jpg 1024w, https:\/\/diariodominicano.com\/wp-content\/uploads\/2024\/07\/MelleMeivogel_JoyceDiDonato_Eden_highres-300x200.jpg 300w, https:\/\/diariodominicano.com\/wp-content\/uploads\/2024\/07\/MelleMeivogel_JoyceDiDonato_Eden_highres-768x512.jpg 768w, https:\/\/diariodominicano.com\/wp-content\/uploads\/2024\/07\/MelleMeivogel_JoyceDiDonato_Eden_highres-1536x1024.jpg 1536w, https:\/\/diariodominicano.com\/wp-content\/uploads\/2024\/07\/MelleMeivogel_JoyceDiDonato_Eden_highres-2048x1365.jpg 2048w, https:\/\/diariodominicano.com\/wp-content\/uploads\/2024\/07\/MelleMeivogel_JoyceDiDonato_Eden_highres-816x544.jpg 816w\" sizes=\"auto, (max-width: 1024px) 100vw, 1024px\" \/><\/figure>\n\n\n\n<figure class=\"wp-block-image size-large\"><img loading=\"lazy\" decoding=\"async\" width=\"1024\" height=\"683\" data-id=\"543497\" src=\"https:\/\/diariodominicano.com\/wp-content\/uploads\/2024\/07\/JOYCE-Eden-SergiJasanada-1024x683.jpg\" alt=\"\" class=\"wp-image-543497\" srcset=\"https:\/\/diariodominicano.com\/wp-content\/uploads\/2024\/07\/JOYCE-Eden-SergiJasanada-1024x683.jpg 1024w, https:\/\/diariodominicano.com\/wp-content\/uploads\/2024\/07\/JOYCE-Eden-SergiJasanada-300x200.jpg 300w, https:\/\/diariodominicano.com\/wp-content\/uploads\/2024\/07\/JOYCE-Eden-SergiJasanada-768x512.jpg 768w, https:\/\/diariodominicano.com\/wp-content\/uploads\/2024\/07\/JOYCE-Eden-SergiJasanada-1536x1024.jpg 1536w, https:\/\/diariodominicano.com\/wp-content\/uploads\/2024\/07\/JOYCE-Eden-SergiJasanada-2048x1365.jpg 2048w, https:\/\/diariodominicano.com\/wp-content\/uploads\/2024\/07\/JOYCE-Eden-SergiJasanada-816x544.jpg 816w\" sizes=\"auto, (max-width: 1024px) 100vw, 1024px\" \/><\/figure>\n<\/figure>\n\n\n\n<p>ED\u00c9N no es un concierto de m\u00fasica cl\u00e1sica convencional, es un espect\u00e1culo de alto impacto sensorial que se ha presentado en los teatros m\u00e1s importantes del mundo. Esta puesta en escena es una presentaci\u00f3n de la Fundaci\u00f3n Sinfon\u00eda que tendr\u00e1 una escenograf\u00eda m\u00f3vil, din\u00e1mica e interesante, dise\u00f1o de luces y vestuario impresionantes, m\u00fasica de compositores como Handel, Ives, R\u00fcckert y Portman y al final, la participaci\u00f3n especial de un coro de ni\u00f1os y j\u00f3venes de la Rep\u00fablica Dominicana, quienes durante semanas recibieron capacitaci\u00f3n ambiental y art\u00edstica, y que estar\u00e1n dirigidos por Nadia Nicola.<\/p>\n\n\n\n<p>Con un mensaje de conexi\u00f3n humana y responsabilidad con la naturaleza, ED\u00c9N busca dirigir la atenci\u00f3n hacia la conexi\u00f3n humana y la responsabilidad con la naturaleza, enfoc\u00e1ndose en uno de los temas m\u00e1s importantes de nuestro tiempo.<\/p>\n\n\n\n<p>Joyce Didonato es considerada una eminencia en el mundo de la \u00f3pera, ganadora de dos premios Grammy en la categor\u00eda de Mejor Solista Vocal Cl\u00e1sica en 2012 y 2016.<\/p>\n\n\n\n<p>El concierto est\u00e1 pautado para el viernes 2 de agosto a las 8:30 p.m. Las boletas est\u00e1n a la venta en la Fundaci\u00f3n Sinfon\u00eda, comunic\u00e1ndose al 809-532-6600 y&nbsp;<a href=\"mailto:boleteria@sinfonia.org.do\" target=\"_blank\" rel=\"noreferrer noopener\">boleteria@sinfonia.org.do<\/a>. Tambi\u00e9n en la boleter\u00eda del Teatro Nacional y en Uepa Tickets.<\/p>\n\n\n\n<p>Este majestuoso espect\u00e1culo cuenta con el auspicio de Tivalsa Puesto de Bolsa (aliado estrat\u00e9gico de la Fundaci\u00f3n Sinfon\u00eda), Propagas, Fundaci\u00f3n Propagas, Banco Popular, Grupo SID, Banco BDI, Grupo Universal, Banco L\u00f3pez de Haro, American Express y Bandex. Y tiene como aliados a la Fundaci\u00f3n E. Le\u00f3n Jimenes, Centro Le\u00f3n, Teatro Nacional Eduardo Brito, Ecored, Alcald\u00eda del Distrito Nacional, RCC Media, Ciudad Santa Mar\u00eda y el Programa de las Naciones Unidas para el Desarrollo.<\/p>\n\n\n\n<p><strong>ACERCA DE ED\u00c9N<\/strong><\/p>\n\n\n\n<p>Fusionando m\u00fasica y teatro, la aclamada mezzosoprano Joyce Didonato se une a sus colaboradores musicales de toda la vida, la Orquesta Il Pomo D\u2019Oro. Viajando sin interrupciones a trav\u00e9s de cuatro siglos de m\u00fasica, el concierto despliega una experiencia incisiva y singular de esperanza y conexi\u00f3n con el mundo natural que habitamos.<\/p>\n\n\n\n<p>El coraz\u00f3n y el alma de ED\u00c9N pertenecen a los ni\u00f1os: con un nuevo modelo de gira que define la industria para la divulgaci\u00f3n art\u00edstica, en cada ciudad donde se realizan espect\u00e1culos, ED\u00c9N interact\u00faa con un coro infantil\/juvenil local que participa en taller\/campamento art\u00edstico-ambiental. Conciencia, conocimiento y sentido de agencia para marcar una diferencia en el mundo que los rodea con sus acciones. Luego, el coro se une a Joyce e Il Pomo D&#8217;Oro en el escenario durante el concierto para interpretar \u201cSeeds of Hope\u201d (Semillas de Esperanza).<\/p>\n\n\n\n<p>De igual manera, alrededor de la presentaci\u00f3n se llevar\u00e1n a cabo alianzas estrat\u00e9gicas con empresas dedicadas al medioambiente y conservaci\u00f3n en la Rep\u00fablica Dominicana, para as\u00ed mediante distintas iniciativas, lograr un impacto m\u00e1s all\u00e1 de los escenarios, invitando al p\u00fablico a un espect\u00e1culo sensorial e impresionante que los lleve a reflexionar sobre su relaci\u00f3n con la naturaleza y la posibilidad de un mundo mejor.<\/p>\n\n\n\n<p>Henry Coradin<\/p>\n\n\n\n<p><a target=\"_blank\" href=\"mailto:henrycoradinrelacionespublicas@gmail.com\" rel=\"noreferrer noopener\">henrycoradinrelacionespublicas@gmail.com<\/a><\/p>\n\n\n\n<p>.<\/p>\n","protected":false},"excerpt":{"rendered":"<p>Esta producci\u00f3n de la Fundaci\u00f3n Sinfon\u00eda&nbsp;est\u00e1 pautada para viernes 2 de agosto en Teatro Nacional Eduardo Brito, a las 8:30 P.M Una experiencia sensorial m\u00fasico-dram\u00e1tica de alta calidad art\u00edstica SANTO DOMINGO, RD. &#8211; La Sala Carlos Piantini del Teatro Nacional Eduardo Brito ser\u00e1 el escenario donde la mezzosoprano norteamericana Joyce Didonato presentar\u00e1 su concierto \u201cED\u00c9N\u201d [&hellip;]<\/p>\n","protected":false},"author":28,"featured_media":543496,"comment_status":"closed","ping_status":"closed","sticky":false,"template":"","format":"standard","meta":{"footnotes":""},"categories":[21,36,25],"tags":[],"class_list":["post-543592","post","type-post","status-publish","format-standard","has-post-thumbnail","hentry","category-cultura","category-hombresmujeresycosas","category-gente"],"_links":{"self":[{"href":"https:\/\/diariodominicano.com\/index.php?rest_route=\/wp\/v2\/posts\/543592","targetHints":{"allow":["GET"]}}],"collection":[{"href":"https:\/\/diariodominicano.com\/index.php?rest_route=\/wp\/v2\/posts"}],"about":[{"href":"https:\/\/diariodominicano.com\/index.php?rest_route=\/wp\/v2\/types\/post"}],"author":[{"embeddable":true,"href":"https:\/\/diariodominicano.com\/index.php?rest_route=\/wp\/v2\/users\/28"}],"replies":[{"embeddable":true,"href":"https:\/\/diariodominicano.com\/index.php?rest_route=%2Fwp%2Fv2%2Fcomments&post=543592"}],"version-history":[{"count":3,"href":"https:\/\/diariodominicano.com\/index.php?rest_route=\/wp\/v2\/posts\/543592\/revisions"}],"predecessor-version":[{"id":543670,"href":"https:\/\/diariodominicano.com\/index.php?rest_route=\/wp\/v2\/posts\/543592\/revisions\/543670"}],"wp:featuredmedia":[{"embeddable":true,"href":"https:\/\/diariodominicano.com\/index.php?rest_route=\/wp\/v2\/media\/543496"}],"wp:attachment":[{"href":"https:\/\/diariodominicano.com\/index.php?rest_route=%2Fwp%2Fv2%2Fmedia&parent=543592"}],"wp:term":[{"taxonomy":"category","embeddable":true,"href":"https:\/\/diariodominicano.com\/index.php?rest_route=%2Fwp%2Fv2%2Fcategories&post=543592"},{"taxonomy":"post_tag","embeddable":true,"href":"https:\/\/diariodominicano.com\/index.php?rest_route=%2Fwp%2Fv2%2Ftags&post=543592"}],"curies":[{"name":"wp","href":"https:\/\/api.w.org\/{rel}","templated":true}]}}