{"id":543540,"date":"2024-07-07T17:32:46","date_gmt":"2024-07-07T21:32:46","guid":{"rendered":"https:\/\/diariodominicano.com\/?p=543540"},"modified":"2024-07-07T23:27:34","modified_gmt":"2024-07-08T03:27:34","slug":"colombia-dice-adios-a-ocho-articulos-de-plasticos-de-un-solo-uso","status":"publish","type":"post","link":"https:\/\/diariodominicano.com\/?p=543540","title":{"rendered":"Colombia dice adi\u00f3s a ocho art\u00edculos de pl\u00e1sticos de un solo uso"},"content":{"rendered":"\n<p>diariodominicano.com<\/p>\n\n\n\n<p>Bogot\u00e1, 7 jul (Prensa Latina) A partir de hoy ocho art\u00edculos de pl\u00e1sticos de un solo uso saldr\u00e1n de la cadena de consumo y producci\u00f3n de Colombia, un primer paso para prohibir la mayor\u00eda de estos bienes desechables dentro de unos pocos a\u00f1os.<\/p>\n\n\n\n<p>De acuerdo con declaraciones de la ministra de Ambiente y Desarrollo Sostenible, Susana Muhamad, la medida est\u00e1 en l\u00ednea con el esp\u00edritu de la Ley 2232 de 2022, cuya implementaci\u00f3n eliminar\u00e1 paulatinamente la fabricaci\u00f3n y la comercializaci\u00f3n de algunos de estos productos empleados por amplios sectores de la sociedad.<\/p>\n\n\n\n<p>Seg\u00fan refiri\u00f3, el objetivo de la normativa es que a 2030 todo el pl\u00e1stico que se produzca y consuma est\u00e9 incluido en un proceso de econom\u00eda circular, o sea, que puedan ser absorbidos por la cadena industrial y se vayan eliminando los no reciclables.<\/p>\n\n\n\n<p>En la actualidad, alert\u00f3, existe un mill\u00f3n de toneladas de pl\u00e1stico que termina siendo vertido todos los a\u00f1os al medio ambiente especialmente a cuerpos de agua, y ese constituye uno de los temas de mayor impacto en la biodiversidad a nivel mundial.<\/p>\n\n\n\n<p>Reiter\u00f3 que a partir de esta jornada empezar\u00e1 a regir la primera etapa de la ley por lo que saldr\u00e1n del mercado mezcladores y pitillos para bebidas, soportes para las bombas de inflar y aquellos usados en los hisopos flexibles con puntas de algod\u00f3n.<\/p>\n\n\n\n<p>Quedar\u00e1 igualmente prohibida la comercializaci\u00f3n de bolsas utilizadas para embalar, cargar o transportar paquetes y mercanc\u00edas, excepto aquellas reutilizables o de uso industrial, y tambi\u00e9n las que son empeladas para embalar peri\u00f3dicos, revistas, publicidad y facturas, as\u00ed como las utilizadas en las lavander\u00edas para empacar ropa lavada.<\/p>\n\n\n\n<p>Entran asimismo en el listado los rollos de bolsas vac\u00edas en superficies comerciales para embalar, cargar o transportar paquetes y mercanc\u00edas y para llevar alimentos a granel, excepto para los productos de origen animal crudos.<\/p>\n\n\n\n<p>No obstante, acot\u00f3 Muhamad que existen alternativas para estos implementos dispuestos por el marco jur\u00eddico y una de ellas es que los materiales alternativos que suplan la funci\u00f3n de los anteriormente descritos sean 100 por ciento compostables a temperatura ambiente, es decir, que puedan degradarse biol\u00f3gicamente formando compost.<\/p>\n\n\n\n<p>La otra es que puede seguir emple\u00e1ndose el pl\u00e1stico, siempre y cuando este sea completa y reconocidamente reciclable y provenga de la cadena nacional de producci\u00f3n.<\/p>\n\n\n\n<p>Inform\u00f3 adem\u00e1s que la Autoridad Nacional de Licencias Ambientales ser\u00e1 la entidad que garantice el seguimiento y la supervisi\u00f3n de esas licencias que ser\u00e1n debidamente certificadas.<\/p>\n\n\n\n<p>oda\/ifs<\/p>\n","protected":false},"excerpt":{"rendered":"<p>diariodominicano.com Bogot\u00e1, 7 jul (Prensa Latina) A partir de hoy ocho art\u00edculos de pl\u00e1sticos de un solo uso saldr\u00e1n de la cadena de consumo y producci\u00f3n de Colombia, un primer paso para prohibir la mayor\u00eda de estos bienes desechables dentro de unos pocos a\u00f1os. De acuerdo con declaraciones de la ministra de Ambiente y Desarrollo [&hellip;]<\/p>\n","protected":false},"author":5,"featured_media":543541,"comment_status":"closed","ping_status":"closed","sticky":true,"template":"","format":"standard","meta":{"footnotes":""},"categories":[36,23],"tags":[],"class_list":["post-543540","post","type-post","status-publish","format-standard","has-post-thumbnail","hentry","category-hombresmujeresycosas","category-internacional"],"_links":{"self":[{"href":"https:\/\/diariodominicano.com\/index.php?rest_route=\/wp\/v2\/posts\/543540","targetHints":{"allow":["GET"]}}],"collection":[{"href":"https:\/\/diariodominicano.com\/index.php?rest_route=\/wp\/v2\/posts"}],"about":[{"href":"https:\/\/diariodominicano.com\/index.php?rest_route=\/wp\/v2\/types\/post"}],"author":[{"embeddable":true,"href":"https:\/\/diariodominicano.com\/index.php?rest_route=\/wp\/v2\/users\/5"}],"replies":[{"embeddable":true,"href":"https:\/\/diariodominicano.com\/index.php?rest_route=%2Fwp%2Fv2%2Fcomments&post=543540"}],"version-history":[{"count":1,"href":"https:\/\/diariodominicano.com\/index.php?rest_route=\/wp\/v2\/posts\/543540\/revisions"}],"predecessor-version":[{"id":543542,"href":"https:\/\/diariodominicano.com\/index.php?rest_route=\/wp\/v2\/posts\/543540\/revisions\/543542"}],"wp:featuredmedia":[{"embeddable":true,"href":"https:\/\/diariodominicano.com\/index.php?rest_route=\/wp\/v2\/media\/543541"}],"wp:attachment":[{"href":"https:\/\/diariodominicano.com\/index.php?rest_route=%2Fwp%2Fv2%2Fmedia&parent=543540"}],"wp:term":[{"taxonomy":"category","embeddable":true,"href":"https:\/\/diariodominicano.com\/index.php?rest_route=%2Fwp%2Fv2%2Fcategories&post=543540"},{"taxonomy":"post_tag","embeddable":true,"href":"https:\/\/diariodominicano.com\/index.php?rest_route=%2Fwp%2Fv2%2Ftags&post=543540"}],"curies":[{"name":"wp","href":"https:\/\/api.w.org\/{rel}","templated":true}]}}