{"id":54351,"date":"2020-03-27T00:05:02","date_gmt":"2020-03-27T00:05:02","guid":{"rendered":"http:\/\/diariodominicano.ddns.net\/?p=54351"},"modified":"2020-03-27T00:05:02","modified_gmt":"2020-03-27T00:05:02","slug":"en-santiago-se-alistan-para-enfrentar-invasion-de-haiti","status":"publish","type":"post","link":"https:\/\/diariodominicano.com\/?p=54351","title":{"rendered":"En Santiago se alistan  para enfrentar invasi\u00f3n de Hait\u00ed"},"content":{"rendered":"<p><body><\/p>\n<p><img decoding=\"async\" src=\"img3\/Boyer000.jpg\" \/>  <\/p>\n<p><strong>Diariodominicano.com<\/strong><\/p>\n<p><strong>En Santiago se alistan  para enfrentar invasi\u00f3n de Hait\u00ed<\/strong><\/p>\n<p><strong> La medida fue adoptada en el momento que miles de hombres del Ej\u00e9rcito de Hait\u00ed, al mando del General Jean Pierre Pierrot  avanzaban  por la regi\u00f3n Norte con el prop\u00f3sito de tomar la  ciudad de Santiago.<\/strong><\/p>\n<p><strong>Por HTN<\/strong><\/p>\n<p><strong>Diariodominicano.com<\/strong><\/p>\n<\/p>\n<p><strong> SANTO DOMINGO,  el  27 de marzo de 1844<\/strong>, el general Jos\u00e9 Mar\u00eda Imbert fue encargado del mando del Distrito de Santiago, y de todas las operaciones militares.<\/p>\n<\/p>\n<p>    La medida fue adoptada en el momento que miles de hombres del Ej\u00e9rcito de Hait\u00ed, al mando del General Jean Pierre Pierrot  avanzaban  por la regi\u00f3n Norte con el prop\u00f3sito de tomar la  ciudad de Santiago.<\/p>\n<\/p>\n<p>    La disposici\u00f3n coloc\u00f3 al general Jos\u00e9 Mar\u00eda Imbert en la posici\u00f3n que le permitir\u00eda convertirse en uno de los pr\u00f3ceres que comandaron a los dominicanos en la Batalla de Santiago, el 30 de marzo de 1844, en la cual fue derrotado el Ej\u00e9rcito de Hait\u00ed comandado por el general Pierrot.<\/p>\n<\/p>\n<p>    Antes, los haitianos con un Ej\u00e9rcito de 8000 hombres al mando del Presidente Charles Herard, fueron  vencidos por los dominicanos en la Batalla de Azua, el d\u00eda 19 de marzo de 1844. <\/p>\n<\/p>\n<p>     Los dominicanos comandados por el general Pedro Santana, ten\u00edan un Ej\u00e9rcito de 2500 hombres. <\/p>\n<\/p>\n<p>    El objetivo del Gobierno de Hait\u00ed era retomar el territorio de la Rep\u00fablica Dominicana, la cual hab\u00eda sido proclamada el d\u00eda 27 de febrero de 1844.<\/p>\n<\/p>\n<p>    En procura de ese objetivo, el Presidente Charles Herard  dividi\u00f3 su Ej\u00e9rcito en dos frentes: uno que ocupar\u00eda el Sur, al mando del propio Charles Herard, y otro la zona Norte, al mando del General Pierrot.<\/p>\n<\/p>\n<p>    Sin embargo, el Gobierno haitiano no logr\u00f3 su objetivo porque sus tropas fueron derrotadas en las batallas de Azua, el 19 de Marzo, y en Santiago, el 30 de marzo de 1844.<\/p>\n<\/p>\n<p>    En Santiago los haitianos sufrieron m\u00e1s de 700 bajas, seg\u00fan indica el informe que rindi\u00f3 el General  Jos\u00e9 Mar\u00eda Imbert.<\/p>\n<\/p>\n<h6> 2020-03-27 00:05:02 <\/h6>\n<p><!--\n<link rel=\"stylesheet\" href=\"css\/bootstrap.min.css\">\n\n\n<ul class=\"pagination\">\n\t    \n\t\n\n<li >\n\t<a href='?page_no=649'>Previous<\/a>\n\t<\/li>\n\n\n       \n    \n\n<li><a href='?page_no=1'>1<\/a><\/li>\n\n\n\n<li><a href='?page_no=2'>2<\/a><\/li>\n\n\n\n<li><a>...<\/a><\/li>\n\n\n\n<li><a href='?page_no=648'>648<\/a><\/li>\n\n\n\n<li><a href='?page_no=649'>649<\/a><\/li>\n\n\n\n<li class='active'><a>650<\/a><\/li>\n\n\n\n<li><a href='?page_no=651'>651<\/a><\/li>\n\n\n\n<li><a href='?page_no=652'>652<\/a><\/li>\n\n\n\n<li><a>...<\/a><\/li>\n\n\n\n<li><a href='?page_no=22911'>22911<\/a><\/li>\n\n\n\n<li><a href='?page_no=22912'>22912<\/a><\/li>\n\n    \n\t\n\n<li >\n\t<a href='?page_no=651'>Next<\/a>\n\t<\/li>\n\n\n    \n\n<li><a href='?page_no=22912'>Last &rsaquo;&rsaquo;<\/a><\/li>\n\n<\/ul>\n\n\n--><br \/>\n<\/body><\/p>\n","protected":false},"excerpt":{"rendered":"<p>Diariodominicano.com En Santiago se alistan para enfrentar invasi\u00f3n de Hait\u00ed La medida fue adoptada en el momento que miles de hombres del Ej\u00e9rcito de Hait\u00ed, al mando del General Jean Pierre Pierrot avanzaban por la regi\u00f3n Norte con el prop\u00f3sito de tomar la ciudad de Santiago. Por HTN Diariodominicano.com SANTO DOMINGO, el 27 de marzo [&hellip;]<\/p>\n","protected":false},"author":3,"featured_media":0,"comment_status":"open","ping_status":"open","sticky":false,"template":"","format":"standard","meta":{"footnotes":""},"categories":[21],"tags":[],"class_list":["post-54351","post","type-post","status-publish","format-standard","hentry","category-cultura"],"_links":{"self":[{"href":"https:\/\/diariodominicano.com\/index.php?rest_route=\/wp\/v2\/posts\/54351","targetHints":{"allow":["GET"]}}],"collection":[{"href":"https:\/\/diariodominicano.com\/index.php?rest_route=\/wp\/v2\/posts"}],"about":[{"href":"https:\/\/diariodominicano.com\/index.php?rest_route=\/wp\/v2\/types\/post"}],"author":[{"embeddable":true,"href":"https:\/\/diariodominicano.com\/index.php?rest_route=\/wp\/v2\/users\/3"}],"replies":[{"embeddable":true,"href":"https:\/\/diariodominicano.com\/index.php?rest_route=%2Fwp%2Fv2%2Fcomments&post=54351"}],"version-history":[{"count":0,"href":"https:\/\/diariodominicano.com\/index.php?rest_route=\/wp\/v2\/posts\/54351\/revisions"}],"wp:attachment":[{"href":"https:\/\/diariodominicano.com\/index.php?rest_route=%2Fwp%2Fv2%2Fmedia&parent=54351"}],"wp:term":[{"taxonomy":"category","embeddable":true,"href":"https:\/\/diariodominicano.com\/index.php?rest_route=%2Fwp%2Fv2%2Fcategories&post=54351"},{"taxonomy":"post_tag","embeddable":true,"href":"https:\/\/diariodominicano.com\/index.php?rest_route=%2Fwp%2Fv2%2Ftags&post=54351"}],"curies":[{"name":"wp","href":"https:\/\/api.w.org\/{rel}","templated":true}]}}