{"id":54350,"date":"2020-11-10T12:13:40","date_gmt":"2020-11-10T12:13:40","guid":{"rendered":"http:\/\/diariodominicano.ddns.net\/?p=54350"},"modified":"2020-11-10T12:13:40","modified_gmt":"2020-11-10T12:13:40","slug":"mescyt-y-embajada-de-cuba-abordan-proyectos-educativos-bilaterales","status":"publish","type":"post","link":"https:\/\/diariodominicano.com\/?p=54350","title":{"rendered":"MESCYT y Embajada de Cuba abordan proyectos educativos bilaterales"},"content":{"rendered":"<p><body><\/p>\n<p><img decoding=\"async\" src=\"img3\/FranklinGarciaF10-11-20.jpg\" \/>  <\/p>\n<p><span class=\"text1noticias\">diariodominicano.com <\/span><\/p>\n<p><span class=\"text1noticias\"> <\/span><\/p>\n<p><span class=\"text1noticias\">Santo Domingo, R. D., 10 de noviembre, 2020.-  El Ministro de Educaci\u00f3n Superior, Ciencia y Tecnolog\u00eda (MESCYT), doctor Franklin Garc\u00eda Ferm\u00edn, y la embajadora de Cuba en Rep\u00fablica Dominicana, Milagros Carina Soto Ag\u00fcero, sostuvieron una reuni\u00f3n con el objetivo de socializar programas educativos de cuarto nivel, que se mantienen en desarrollo entre ambas naciones.<\/span><\/p>\n<p><span class=\"text1noticias\"> <\/span><\/p>\n<p><span class=\"text1noticias\">La visita de la diplom\u00e1tica al despacho del Ministro trajo consigo  la presentaci\u00f3n de la Convocatoria para los Servicios Acad\u00e9micos de Posgrados, que consiste en  nuevos cursos preparados por esa naci\u00f3n caribe\u00f1a para trasladar experiencias que ayuden a enfrentar el Covid-19. <\/span><\/p>\n<p><span class=\"text1noticias\"> <\/span><\/p>\n<p><span class=\"text1noticias\">El programa, que forma parte de los acuerdos entre ambas naciones, busca adem\u00e1s, desarrollar esquemas educativos de intercambios y movilidad acad\u00e9mica de alumnos y maestros para la realizaci\u00f3n de  especialidades  m\u00e9dicas en Cuba.<\/span><\/p>\n<p><span class=\"text1noticias\"> <\/span><\/p>\n<p><span class=\"text1noticias\">El plan que contempla Cuba va desde la investigaci\u00f3n, hasta la comercializaci\u00f3n de una vacuna contra el COVID-19 que puede estar lista para el 2021. Tambi\u00e9n establece la realizaci\u00f3n de cursos r\u00e1pidos de hasta 40 horas, que fortalecen los conocimientos de los estudiantes en la lucha contra las problem\u00e1ticas actuales, subray\u00f3 la embajadora de Cuba en Rep\u00fablica Dominicana, Milagros Carina Soto Ag\u00fcero.<\/span><\/p>\n<p><span class=\"text1noticias\"> <\/span><\/p>\n<p><span class=\"text1noticias\">En la reuni\u00f3n participaron Hugoberto Fornaris Gonz\u00e1lez; Consejero Econ\u00f3mico, Comercial y de Colaboraci\u00f3n de la Embajada de Cuba, mientras que por parte del MESCYT estuvieron presentes el viceministro Carlos Mandieta y el asesor especial, Julio Altagracia.<\/span><\/p>\n<p><span class=\"text1noticias\"> <\/span><\/p>\n<p><span class=\"text1noticias\">PIE DE FOTO: El Ministro del MESCYT, doctor Franklin Garc\u00eda Ferm\u00edn, y la embajadora de Cuba en el pa\u00eds, Milagros Carina Soto Ag\u00fcero, hablaron sobre proyectos educativos<\/span> bilaterales.<\/p>\n<\/p>\n<p>Fuente: federico mendez nova<\/p>\n<h6> 2020-11-10 12:13:40 <\/h6>\n<p><!--\n<link rel=\"stylesheet\" href=\"css\/bootstrap.min.css\">\n\n\n<ul class=\"pagination\">\n\t    \n\t\n\n<li >\n\t<a href='?page_no=64'>Previous<\/a>\n\t<\/li>\n\n\n       \n    \n\n<li><a href='?page_no=1'>1<\/a><\/li>\n\n\n\n<li><a href='?page_no=2'>2<\/a><\/li>\n\n\n\n<li><a>...<\/a><\/li>\n\n\n\n<li><a href='?page_no=63'>63<\/a><\/li>\n\n\n\n<li><a href='?page_no=64'>64<\/a><\/li>\n\n\n\n<li class='active'><a>65<\/a><\/li>\n\n\n\n<li><a href='?page_no=66'>66<\/a><\/li>\n\n\n\n<li><a href='?page_no=67'>67<\/a><\/li>\n\n\n\n<li><a>...<\/a><\/li>\n\n\n\n<li><a href='?page_no=22911'>22911<\/a><\/li>\n\n\n\n<li><a href='?page_no=22912'>22912<\/a><\/li>\n\n    \n\t\n\n<li >\n\t<a href='?page_no=66'>Next<\/a>\n\t<\/li>\n\n\n    \n\n<li><a href='?page_no=22912'>Last &rsaquo;&rsaquo;<\/a><\/li>\n\n<\/ul>\n\n\n--><br \/>\n<\/body><\/p>\n","protected":false},"excerpt":{"rendered":"<p>diariodominicano.com Santo Domingo, R. D., 10 de noviembre, 2020.- El Ministro de Educaci\u00f3n Superior, Ciencia y Tecnolog\u00eda (MESCYT), doctor Franklin Garc\u00eda Ferm\u00edn, y la embajadora de Cuba en Rep\u00fablica Dominicana, Milagros Carina Soto Ag\u00fcero, sostuvieron una reuni\u00f3n con el objetivo de socializar programas educativos de cuarto nivel, que se mantienen en desarrollo entre ambas naciones. [&hellip;]<\/p>\n","protected":false},"author":3,"featured_media":0,"comment_status":"open","ping_status":"open","sticky":false,"template":"","format":"standard","meta":{"footnotes":""},"categories":[21],"tags":[],"class_list":["post-54350","post","type-post","status-publish","format-standard","hentry","category-cultura"],"_links":{"self":[{"href":"https:\/\/diariodominicano.com\/index.php?rest_route=\/wp\/v2\/posts\/54350","targetHints":{"allow":["GET"]}}],"collection":[{"href":"https:\/\/diariodominicano.com\/index.php?rest_route=\/wp\/v2\/posts"}],"about":[{"href":"https:\/\/diariodominicano.com\/index.php?rest_route=\/wp\/v2\/types\/post"}],"author":[{"embeddable":true,"href":"https:\/\/diariodominicano.com\/index.php?rest_route=\/wp\/v2\/users\/3"}],"replies":[{"embeddable":true,"href":"https:\/\/diariodominicano.com\/index.php?rest_route=%2Fwp%2Fv2%2Fcomments&post=54350"}],"version-history":[{"count":0,"href":"https:\/\/diariodominicano.com\/index.php?rest_route=\/wp\/v2\/posts\/54350\/revisions"}],"wp:attachment":[{"href":"https:\/\/diariodominicano.com\/index.php?rest_route=%2Fwp%2Fv2%2Fmedia&parent=54350"}],"wp:term":[{"taxonomy":"category","embeddable":true,"href":"https:\/\/diariodominicano.com\/index.php?rest_route=%2Fwp%2Fv2%2Fcategories&post=54350"},{"taxonomy":"post_tag","embeddable":true,"href":"https:\/\/diariodominicano.com\/index.php?rest_route=%2Fwp%2Fv2%2Ftags&post=54350"}],"curies":[{"name":"wp","href":"https:\/\/api.w.org\/{rel}","templated":true}]}}