{"id":54339,"date":"2020-03-27T15:50:37","date_gmt":"2020-03-27T15:50:37","guid":{"rendered":"http:\/\/diariodominicano.ddns.net\/?p=54339"},"modified":"2020-03-27T15:50:37","modified_gmt":"2020-03-27T15:50:37","slug":"la-historia-del-icono-de-la-virgen-al-que-rezo-el-papa-por-el-fin-del-coronavirus","status":"publish","type":"post","link":"https:\/\/diariodominicano.com\/?p=54339","title":{"rendered":"La historia del icono de la Virgen al que rez\u00f3 el Papa por el fin del coronavirus"},"content":{"rendered":"<p><body><\/p>\n<p><img decoding=\"async\" src=\"img3\/PapaVirgen270320.jpeg\" \/><br \/><img decoding=\"async\" src=\"img3\/SalusPopuliRomani27.jpg\" \/>  <\/p>\n<p>diariodominicano.com <\/p>\n<\/p>\n<p><span class=\"text1noticias\">Redacci\u00f3n ACI Prensa<\/span><\/p>\n<p><span class=\"text1noticias\">Vaticano, 27 de marzo de 2020.- Es habitual que el Papa Francisco, cada vez que hace un viaje internacional o en alguna ocasi\u00f3n especial, se remita a un momento de oraci\u00f3n para pedir la intercesi\u00f3n de la Virgen Mar\u00eda representada en el \u00edcono de la Salus Populi Romani, custodiada en la Bas\u00edlica de Santa Mar\u00eda la Mayor.<\/span><\/p>\n<p><span class=\"text1noticias\"> <\/span><\/p>\n<p><span class=\"text1noticias\">Seg\u00fan la tradici\u00f3n este \u00edcono fue realizado por San Lucas sobre un trozo de madera de la mesa que se utiliz\u00f3 en la \u00daltima Cena o en una mesa construida por Jes\u00fas y que la Virgen Mar\u00eda guard\u00f3 tras la crucifixi\u00f3n. Adem\u00e1s, la tradici\u00f3n afirma que esta imagen fue descubierta en Jerusal\u00e9n por Santa Elena y llevada a Roma.<\/span><\/p>\n<p><span class=\"text1noticias\"> <\/span><\/p>\n<p><span class=\"text1noticias\">Sin embargo, en un art\u00edculo publicado en enero de 2018 en L?Osservatore Romano, el Cardenal Stanislaw Rylko, Arcipreste de la Bas\u00edlica Santa Mar\u00eda la Mayor, indic\u00f3 que seg\u00fan estudios m\u00e1s recientes \u00abser\u00eda obra de un autor an\u00f3nimo datada entre los siglos IX y XII\u00bb.<\/span><\/p>\n<p><span class=\"text1noticias\"> <\/span><\/p>\n<p><span class=\"text1noticias\">\u00abRepresenta a Mar\u00eda con el Hijo en brazos, que con una mano bendice y con la otra tiene el libro. Se trata de una Virgen Odigitria, es decir que indica el camino que es el Hijo\u00bb, se\u00f1al\u00f3.<\/span><\/p>\n<p><span class=\"text1noticias\"> <\/span><\/p>\n<p><span class=\"text1noticias\">El Purpurado afirm\u00f3 que los rostros de la Virgen y el Ni\u00f1o \u00abson de una belleza fascinante: sus ojos se fijan de modo amoroso y penetrante. En la mano izquierda Mar\u00eda tiene un pa\u00f1uelo, lista para secar las l\u00e1grimas de quien llorando se acerca a ella para pedir ayuda. Las letras griegas en el fondo son las abreviaturas de m\u00e8ter theo\u00f9, ?Madre de Dios?, seg\u00fan la definici\u00f3n del Concilio de \u00c9feso\u00bb.<\/span><\/p>\n<p><span class=\"text1noticias\"> <\/span><\/p>\n<p><span class=\"text1noticias\">En 1256 el \u00edcono es colocado en la nave central de la Bas\u00edlica Santa Mar\u00eda la Mayor, y en 1613 en la capilla Paulina, construida por Pablo V, y donde se encuentra actualmente.<\/span><\/p>\n<p><span class=\"text1noticias\"> <\/span><\/p>\n<p><span class=\"text1noticias\">\u00abEl pueblo de Roma se dirig\u00eda a la Virgen para presentarle todas sus necesidades, especialmente durante las pestes, calamidades naturales o guerras, cuando era llevada en procesi\u00f3n por las calles de la ciudad. As\u00ed, delante de la Salus Populi Romani han encontrado eco los acontecimientos m\u00e1s importantes de la vida religiosa y civil\u00bb, afirm\u00f3 el Cardinal Rylko.<\/span><\/p>\n<p><span class=\"text1noticias\"> <\/span><\/p>\n<p><span class=\"text1noticias\">As\u00ed, cada a\u00f1o, en el \u00faltimo domingo de enero, se celebra la fiesta de la Traslaci\u00f3n de este \u00edcono, en el cual los romanos ven \u00aba su Virgen, la Virgen de Roma, el \u00edcono mariano m\u00e1s amado y honrado\u00bb.<\/span><\/p>\n<p><span class=\"text1noticias\"> <\/span><\/p>\n<p><span class=\"text1noticias\">El \u00edcono mariano, al que el Papa Francisco le tiene una gran devoci\u00f3n, fue restaurado recientemente y colocado en altar habitual en enero de 2018.<\/span><\/p>\n<p><span class=\"text1noticias\"> <\/span><\/p>\n<p><span class=\"text1noticias\">En ese entonces, la directora de los Museos Vaticanos, la doctora Barbara Jatta, explic\u00f3 que la restauraci\u00f3n permiti\u00f3 revelar los delicados colores de los rostros de Mar\u00eda y Jes\u00fas, as\u00ed como el brillo de las vestiduras doradas del Ni\u00f1o y la t\u00fanica azul de la Madre de Dios.<\/span><\/p>\n<p><span class=\"text1noticias\"> <\/span><\/p>\n<p><span class=\"text1noticias\">Adem\u00e1s de limpiar la imagen y corregir restauraciones previas, los expertos dise\u00f1aron un nuevo marco para el \u00edcono que es m\u00e1s liviano y que permite su traslado con mayor facilidad.<\/span><\/p>\n<p><span class=\"text1noticias\"> <\/span><\/p>\n<p><span class=\"text1noticias\">En el proceso de la restauraci\u00f3n tambi\u00e9n intervino una comisi\u00f3n presidida por el Arcipreste de la Bas\u00edlica de Santa Mar\u00eda La Mayor, Cardenal Stanislaw Rylko.<\/span><\/p>\n<h6> 2020-03-27 15:50:37 <\/h6>\n<p><!--\n<link rel=\"stylesheet\" href=\"css\/bootstrap.min.css\">\n\n\n<ul class=\"pagination\">\n\t    \n\t\n\n<li >\n\t<a href='?page_no=648'>Previous<\/a>\n\t<\/li>\n\n\n       \n    \n\n<li><a href='?page_no=1'>1<\/a><\/li>\n\n\n\n<li><a href='?page_no=2'>2<\/a><\/li>\n\n\n\n<li><a>...<\/a><\/li>\n\n\n\n<li><a href='?page_no=647'>647<\/a><\/li>\n\n\n\n<li><a href='?page_no=648'>648<\/a><\/li>\n\n\n\n<li class='active'><a>649<\/a><\/li>\n\n\n\n<li><a href='?page_no=650'>650<\/a><\/li>\n\n\n\n<li><a href='?page_no=651'>651<\/a><\/li>\n\n\n\n<li><a>...<\/a><\/li>\n\n\n\n<li><a href='?page_no=22911'>22911<\/a><\/li>\n\n\n\n<li><a href='?page_no=22912'>22912<\/a><\/li>\n\n    \n\t\n\n<li >\n\t<a href='?page_no=650'>Next<\/a>\n\t<\/li>\n\n\n    \n\n<li><a href='?page_no=22912'>Last &rsaquo;&rsaquo;<\/a><\/li>\n\n<\/ul>\n\n\n--><br \/>\n<\/body><\/p>\n","protected":false},"excerpt":{"rendered":"<p>diariodominicano.com Redacci\u00f3n ACI Prensa Vaticano, 27 de marzo de 2020.- Es habitual que el Papa Francisco, cada vez que hace un viaje internacional o en alguna ocasi\u00f3n especial, se remita a un momento de oraci\u00f3n para pedir la intercesi\u00f3n de la Virgen Mar\u00eda representada en el \u00edcono de la Salus Populi Romani, custodiada en la [&hellip;]<\/p>\n","protected":false},"author":3,"featured_media":0,"comment_status":"open","ping_status":"open","sticky":false,"template":"","format":"standard","meta":{"footnotes":""},"categories":[21],"tags":[],"class_list":["post-54339","post","type-post","status-publish","format-standard","hentry","category-cultura"],"_links":{"self":[{"href":"https:\/\/diariodominicano.com\/index.php?rest_route=\/wp\/v2\/posts\/54339","targetHints":{"allow":["GET"]}}],"collection":[{"href":"https:\/\/diariodominicano.com\/index.php?rest_route=\/wp\/v2\/posts"}],"about":[{"href":"https:\/\/diariodominicano.com\/index.php?rest_route=\/wp\/v2\/types\/post"}],"author":[{"embeddable":true,"href":"https:\/\/diariodominicano.com\/index.php?rest_route=\/wp\/v2\/users\/3"}],"replies":[{"embeddable":true,"href":"https:\/\/diariodominicano.com\/index.php?rest_route=%2Fwp%2Fv2%2Fcomments&post=54339"}],"version-history":[{"count":0,"href":"https:\/\/diariodominicano.com\/index.php?rest_route=\/wp\/v2\/posts\/54339\/revisions"}],"wp:attachment":[{"href":"https:\/\/diariodominicano.com\/index.php?rest_route=%2Fwp%2Fv2%2Fmedia&parent=54339"}],"wp:term":[{"taxonomy":"category","embeddable":true,"href":"https:\/\/diariodominicano.com\/index.php?rest_route=%2Fwp%2Fv2%2Fcategories&post=54339"},{"taxonomy":"post_tag","embeddable":true,"href":"https:\/\/diariodominicano.com\/index.php?rest_route=%2Fwp%2Fv2%2Ftags&post=54339"}],"curies":[{"name":"wp","href":"https:\/\/api.w.org\/{rel}","templated":true}]}}