{"id":543290,"date":"2024-07-06T21:47:00","date_gmt":"2024-07-07T01:47:00","guid":{"rendered":"https:\/\/diariodominicano.com\/?p=543290"},"modified":"2024-07-06T21:47:04","modified_gmt":"2024-07-07T01:47:04","slug":"dia-nacional-de-las-islas-salomon","status":"publish","type":"post","link":"https:\/\/diariodominicano.com\/?p=543290","title":{"rendered":"D\u00eda Nacional de las Islas Salom\u00f3n"},"content":{"rendered":"\n<p>Antony J. Blinken, Secretario de Estado<\/p>\n\n\n\n<p><a href=\"https:\/\/lnks.gd\/l\/eyJhbGciOiJIUzI1NiJ9.eyJidWxsZXRpbl9saW5rX2lkIjoxMDEsInVyaSI6ImJwMjpjbGljayIsInVybCI6Imh0dHBzOi8vd3d3LnN0YXRlLmdvdiIsImJ1bGxldGluX2lkIjoiMjAyNDA3MDYuOTcyNDMyMzEifQ.ic4XlIUu6kfuovQKE5twWCjpO1iw5CXZCCFELCLhgzM\/s\/1375542893\/br\/245318259720-l\" target=\"_blank\" rel=\"noreferrer noopener\">Hogar<\/a>\u00a0<a href=\"https:\/\/lnks.gd\/l\/eyJhbGciOiJIUzI1NiJ9.eyJidWxsZXRpbl9saW5rX2lkIjoxMDIsInVyaSI6ImJwMjpjbGljayIsInVybCI6Imh0dHBzOi8vd3d3LnN0YXRlLmdvdi9idXJlYXVzLW9mZmljZXMvdW5kZXItc2VjcmV0YXJ5LWZvci1wdWJsaWMtZGlwbG9tYWN5LWFuZC1wdWJsaWMtYWZmYWlycy9idXJlYXUtb2YtZ2xvYmFsLXB1YmxpYy1hZmZhaXJzL29mZmljZS1vZi10aGUtc3Bva2VzcGVyc29uLyIsImJ1bGxldGluX2lkIjoiMjAyNDA3MDYuOTcyNDMyMzEifQ.u_vUtbNen0aJG3UCrJz5aD7JajN0_UuT6TC4Vbqwtss\/s\/1375542893\/br\/245318259720-l\" target=\"_blank\" rel=\"noreferrer noopener\">Oficina del Portavoz<\/a>\u00a0<a href=\"http:\/\/press-releases\/\" target=\"_blank\" rel=\"noreferrer noopener\">Comunicados de prensa<\/a>\u00a0Salom\u00f3n<\/p>\n\n\n\n<p>6 de julio de 2024<\/p>\n\n\n\n<p>En nombre del pueblo y Gobierno de los Estados Unidos de Am\u00e9rica y en celebraci\u00f3n de su D\u00eda Nacional el 7 de julio, ofrezco cordiales saludos y felicitaciones al pueblo de las Islas Salom\u00f3n.<\/p>\n\n\n\n<p>Lo felicito por haber llevado a cabo con \u00e9xito unas elecciones hist\u00f3ricas y felicito a Jeremiah Manele por su elecci\u00f3n como nuevo primer ministro. Nuestros pa\u00edses han estado conectados durante mucho tiempo a trav\u00e9s de nuestros sacrificios compartidos durante la Campa\u00f1a de Guadalcanal y est\u00e1n preparados para un futuro brillante. Estamos comprometidos a hacer crecer nuestra relaci\u00f3n bilateral mediante la promoci\u00f3n de la transparencia y la gobernanza democr\u00e1tica, el apoyo al desarrollo econ\u00f3mico sostenible y el aumento de los v\u00ednculos entre pueblos.<\/p>\n\n\n\n<p>En esta 46\u00aa conmemoraci\u00f3n de su independencia, ofrezco las m\u00e1s sinceras felicitaciones de los Estados Unidos a todos los habitantes de las Islas Salom\u00f3n en esta significativa ocasi\u00f3n.<\/p>\n\n\n\n<p>U.S. Department of State<\/p>\n\n\n\n<p><a target=\"_blank\" href=\"mailto:usstatebpa@public.govdelivery.com\" rel=\"noreferrer noopener\">usstatebpa@public.govdelivery.<\/a><\/p>\n\n\n\n<p>06\/07\/2024 03:00 p.m.EDT<\/p>\n","protected":false},"excerpt":{"rendered":"<p>Antony J. Blinken, Secretario de Estado Hogar\u00a0Oficina del Portavoz\u00a0Comunicados de prensa\u00a0Salom\u00f3n 6 de julio de 2024 En nombre del pueblo y Gobierno de los Estados Unidos de Am\u00e9rica y en celebraci\u00f3n de su D\u00eda Nacional el 7 de julio, ofrezco cordiales saludos y felicitaciones al pueblo de las Islas Salom\u00f3n. Lo felicito por haber llevado [&hellip;]<\/p>\n","protected":false},"author":28,"featured_media":482266,"comment_status":"closed","ping_status":"closed","sticky":false,"template":"","format":"standard","meta":{"footnotes":""},"categories":[26,23],"tags":[],"class_list":["post-543290","post","type-post","status-publish","format-standard","has-post-thumbnail","hentry","category-efemerides","category-internacional"],"_links":{"self":[{"href":"https:\/\/diariodominicano.com\/index.php?rest_route=\/wp\/v2\/posts\/543290","targetHints":{"allow":["GET"]}}],"collection":[{"href":"https:\/\/diariodominicano.com\/index.php?rest_route=\/wp\/v2\/posts"}],"about":[{"href":"https:\/\/diariodominicano.com\/index.php?rest_route=\/wp\/v2\/types\/post"}],"author":[{"embeddable":true,"href":"https:\/\/diariodominicano.com\/index.php?rest_route=\/wp\/v2\/users\/28"}],"replies":[{"embeddable":true,"href":"https:\/\/diariodominicano.com\/index.php?rest_route=%2Fwp%2Fv2%2Fcomments&post=543290"}],"version-history":[{"count":1,"href":"https:\/\/diariodominicano.com\/index.php?rest_route=\/wp\/v2\/posts\/543290\/revisions"}],"predecessor-version":[{"id":543291,"href":"https:\/\/diariodominicano.com\/index.php?rest_route=\/wp\/v2\/posts\/543290\/revisions\/543291"}],"wp:featuredmedia":[{"embeddable":true,"href":"https:\/\/diariodominicano.com\/index.php?rest_route=\/wp\/v2\/media\/482266"}],"wp:attachment":[{"href":"https:\/\/diariodominicano.com\/index.php?rest_route=%2Fwp%2Fv2%2Fmedia&parent=543290"}],"wp:term":[{"taxonomy":"category","embeddable":true,"href":"https:\/\/diariodominicano.com\/index.php?rest_route=%2Fwp%2Fv2%2Fcategories&post=543290"},{"taxonomy":"post_tag","embeddable":true,"href":"https:\/\/diariodominicano.com\/index.php?rest_route=%2Fwp%2Fv2%2Ftags&post=543290"}],"curies":[{"name":"wp","href":"https:\/\/api.w.org\/{rel}","templated":true}]}}