{"id":54328,"date":"2020-03-27T22:31:51","date_gmt":"2020-03-27T22:31:51","guid":{"rendered":"http:\/\/diariodominicano.ddns.net\/?p=54328"},"modified":"2020-03-27T22:31:51","modified_gmt":"2020-03-27T22:31:51","slug":"batalla-del-30-de-marzo-de-1844-en-santiago","status":"publish","type":"post","link":"https:\/\/diariodominicano.com\/?p=54328","title":{"rendered":"Batalla del 30 de marzo de 1844, en Santiago"},"content":{"rendered":"<p><body><\/p>\n<p><img decoding=\"async\" src=\"img3\/Batalla del 30 de marzo de 1844 en Santiago.jpg\" \/><br \/><img decoding=\"async\" src=\"img3\/Batalla del 30 de marzo de 1844 en Santiago 1.jpg\" \/>  <\/p>\n<p>diariodominicano.com<\/p>\n<p><strong>Por Te\u00f3filo Lappot Robles<\/strong><\/p>\n<p>Santo Domingo, R. D., 27 Marzo 2020.- La ciudad de Santiago de los Caballeros, en el coraz\u00f3n de la regi\u00f3n del Cibao, fue el escenario donde se desarroll\u00f3 uno de los combates decisivos para consolidar la Independencia Nacional. Se cumplen en estos d\u00edas 176 a\u00f1os de aquel importante suceso hist\u00f3rico.<\/p>\n<\/p>\n<p>Gran batalla llam\u00f3 Federico Henr\u00edquez  y Carvajal a la sostenida en Santiago el 30 de Marzo de 1844. Ten\u00eda raz\u00f3n ese gran sabio dominicano al darle esa elevada calificaci\u00f3n.<\/p>\n<\/p>\n<p>All\u00ed, ese d\u00eda, estaba planeando en todo su esplendor, como un ave de esperanza, el esp\u00edritu trinitario. Era el est\u00edmulo complementario del coraje y decisi\u00f3n de los combatientes dominicanos.<\/p>\n<\/p>\n<p>Ese acontecimiento de nuestras glorias patri\u00f3ticas fortaleci\u00f3 la voluntad permanente de la mayor\u00eda de los dominicanos de no aceptar jam\u00e1s que fuerzas extranjeras pisoteen su tierra y cercenen su libertad; aunque algunos renegados de la dominicanidad lo hayan catalogado con desd\u00e9n, infravalor\u00e1ndolo como un cuadro de la mitolog\u00eda criolla.<\/p>\n<\/p>\n<p>Apenas hab\u00eda transcurrido un mes del nacimiento de la Rep\u00fablica Dominicana  cuando miles de soldados invasores haitianos (10 mil o m\u00e1s) encabezados por el terrible general Jean-Louis Pierrot se lanzaron contra la ciudad de Santiago de los Caballeros, entonces y ahora el centro poblacional m\u00e1s importante de la zona donde est\u00e1 ubicada.<\/p>\n<\/p>\n<p>Los registros hist\u00f3ricos contienen la informaci\u00f3n de que el sol estaba radiante, en su cenit, cuando arreciaron los combates, luego de que poco antes aparecieron por la sabana del lado oeste de Santiago de los Caballeros miles de invasores que pretend\u00edan destruir las defensas dominicanas representadas en los Fuertes llamados Dios, Patria y Libertad. Su objetivo era tomar la ciudad, aniquilar a sus habitantes y seguir ruta hacia la capital de la Rep\u00fablica.<\/p>\n<\/p>\n<p><strong> <\/strong><\/p>\n<p><strong>SOBRE LAS BAJAS EN COMBATES<\/strong><\/p>\n<p>Sobre las bajas dominicanas en la Batalla del 30 de marzo de 1844 tal vez nunca tengamos noticias ver\u00eddicas. M\u00e1s que ver como una farsa algunos comentarios, como los de los historiadores Garc\u00eda (padre e hijo) y lo dicho por el propio h\u00e9roe de ella Jos\u00e9 Mar\u00eda Imbert, la cifra de los muertos y heridos, que los hubo, defendiendo la soberan\u00eda lograda un mes antes, queda como parte reservada de la verdad estrat\u00e9gica, tan com\u00fan en todas las guerras.<\/p>\n<\/p>\n<p>Ese tipo de verdad estrat\u00e9gica se ha asimilado como parte natural de todo enfrentamiento guerrero.<\/p>\n<\/p>\n<p>En el pasado ella qued\u00f3 arropada con p\u00f3lvora, catapulta, munici\u00f3n, plomo, una panoplia de lanzas, sables, machetes, cuchillos, espadas y artefactos de asta; y modernamente  se cubre con propelente de cohetes, proyectiles,  y todo tipo de armas t\u00e1cticas y estrat\u00e9gicas de alta gama.<\/p>\n<p> Es un tema abordado con curiosa fascinaci\u00f3n desde el fil\u00f3sofo y general chino Sun Tzu (que habl\u00f3 de ella hace m\u00e1s de 2,500 a\u00f1os, y que figura en la obra El arte de la guerra, que recoge su pensamiento militar), pasando por los comentarios vertidos por Tuc\u00eddides, Her\u00f3doto, Jenofontes, Salustio, Eneas y otros en el pasado.<\/p>\n<\/p>\n<p>En nuestra \u00e9poca una mir\u00edada de expertos han emitido juicios ret\u00f3ricos  unos y explicativos otros sobre esa visi\u00f3n de la verdad de guerra. Por solo citar un caso de lo anterior cabe mencionar la obra denominada Bailen la batalla que cambi\u00f3 el rumbo a Napole\u00f3n, publicada en el 2005 por Jos\u00e9 Antonio Alcaide Yebra sobre la batalla que tuvieron franceses y espa\u00f1oles el 19 de julio de 1808 en tierra de Ja\u00e9n, Andaluc\u00eda.<\/p>\n<\/p>\n<p><strong>A MODO DE ANTECEDENTES<\/strong><\/p>\n<p>Para marzo del a\u00f1o1844 muchos hechos aciagos hab\u00edan creado entre los moradores de la ciudad de Santiago de los Caballeros una suerte de pesimismo, sin que ello les quitara su esp\u00edritu de combate y su capacidad de resiliencia, cuando esa \u00faltima palabra no exist\u00eda en los diccionarios pero s\u00ed la sustancia de su significado en la actitud de las personas.<\/p>\n<\/p>\n<p>El primer Santiago de Am\u00e9rica ha sido marcado por desgracias colectivas desde los primeros a\u00f1os de su fundaci\u00f3n. Una de esas desdichas, que no la primera, pues antes hubo varias, figura en un informe enviado a Madrid por el capit\u00e1n general de Caracas, Manuel de Guevara Vasconcelos, tal y como as\u00ed  consta en los anales de la \u00e9poca colonial.<\/p>\n<\/p>\n<p>El historiador C\u00e9sar Herrera Cabral vaci\u00f3 el referido informe en su ensayo titulado Toussaint en Santiago de los Caballeros. De Guevara relata muchos episodios que se derivaron de esa indeseada presencia en esa ciudad dominicana, incluso se menciona un enfrentamiento de dicho individuo con el obispo franc\u00e9s Guillermo Moviell, reci\u00e9n llegado all\u00ed por \u00f3rdenes de Napole\u00f3n Bonaparte.<\/p>\n<\/p>\n<p>As\u00ed arranca la referida nota informativa, redactada en marzo de 1802, conteniendo uno de los tantos hechos que han marcado a la poblaci\u00f3n  santiaguera: \u00abLleg\u00f3 en fin el deseado Mes\u00edas a la ciudad de Santiago de los Caballeros. Despu\u00e9s de tres d\u00edas de haber estado todo el mundo sobre las Armas para esperar al Se\u00f1or Gobernador Toussaint se apareci\u00f3 \u00e9ste el domingo seis de los corrientes a la una de la tarde en medio del estr\u00e9pito de la Artiller\u00eda, y acompa\u00f1ado de m\u00e1s de cien Oficiales, con una numerosa escolta de sus Dragones&#8230;\u00bb1<\/p>\n<\/p>\n<p>Dejo ah\u00ed el amago del recuento de los antecedentes de Santiago hasta la Batalla del  s\u00e1bado 30 de Marzo de 1844.<\/p>\n<\/p>\n<p>Hago dicha parada porque es tema de otro trabajo analizar la devastaci\u00f3n del tipo tierra arrasada causada en Santiago, y gran parte de los peque\u00f1os pueblos y campos cercanos, el 25 de febrero de 1805, por los diab\u00f3licos Jean-Jacques Dessalines  y  Henri Christophe. Ese d\u00eda era lunes de carnaval, seg\u00fan se\u00f1ala Summer Welles en su obra La Vi\u00f1a de Naboth.<\/p>\n<\/p>\n<p> El aludido Crist\u00f3bal, un mandinga practicante del animismo nacido en la  volc\u00e1nica isla de Saint Kitts (San Crist\u00f3bal), en la parte oriental del archipi\u00e9lago antillano, hab\u00eda sido ayudante del precitado Toussaint Louverture y luego del referido Dessalines.<\/p>\n<\/p>\n<p>Dessalines fue el mismo que el 12 de abril de 1805, ya instalado en su cuartel general del poblado Laville, en la zona de Plaisance, no muy lejos de Cabo Haitiano, justific\u00f3 sus desmanes en tierra dominicana diciendo que \u00bb hay una verdad que no admite duda: donde no hay campos no hay ciudades.\u00bb<\/p>\n<\/p>\n<p>Como antecedente de los avatares de la hoy pujante ciudad de Santiago de los Caballeros no se puede olvidar tampoco la famosa rebeli\u00f3n de los capitanes, ocurrida all\u00ed en la segunda d\u00e9cada del siglo XVIII contra el jefe colonial espa\u00f1ol Fernando Constanzo Ram\u00edrez, caracterizado por ser auspiciador de muchas arbitrariedades en la zona, incluyendo el fomento para su beneficio del estraperlo, as\u00ed como constantes exacciones en perjuicio de comerciales y productores agr\u00edcolas de la zona.<\/p>\n<\/p>\n<p><strong>UNA OPINI\u00d3N SOBRE LA BATALLA DEL 30 DE MARZO DE 1844<\/strong><\/p>\n<\/p>\n<p>Sobre la batalla librada en la ciudad de Santiago de los Caballeros el 30 de marzo de 1844, en la cual salieron victoriosos los patriotas dominicanos y derrotados los invasores haitianos, se han escrito ensayos, conferencias, relatos y cap\u00edtulos de manuales de historia. Ser\u00eda prolijo hacer un cotejo detallado de las diversas versiones vertidas desde entonces hasta ahora.<\/p>\n<\/p>\n<p>Escojo como muestra representativa de las diferentes opiniones sobre el tema la del historiador Alcides Garc\u00eda Lluberes, quien en un ensayo titulado Dos Grandes Batallas se refiere a la del 30 de Marzo de 1844 como \u00abel castigo condigno de los insolentes desafueros\u00bb, puntualizando que \u00abdespu\u00e9s de la Batalla del 30 de marzo los hombres de Hait\u00ed quedaron completamente convencidos de que el pueblo dominicano estaba animado de nuevas e invencibles energ\u00edas.\u00bb2<\/p>\n<\/p>\n<p>Dicho autor tambi\u00e9n escribi\u00f3 que \u00ab&#8230;el enemigo experiment\u00f3 m\u00e1s de mil bajas y los dominicanos no sufrimos ninguna.\u00bb El atribuy\u00f3 esa disparidad a que los dominicanos estaban mejor posicionados con los referidos tres Fuertes y  con las colinas de la ciudad, mientras los invasores se mov\u00edan b\u00e1sicamente en la tierra plana del \u00e1rea.<\/p>\n<\/p>\n<p><strong>GENERAL JOS\u00c9 MAR\u00cdA IMBERT<\/strong><\/p>\n<\/p>\n<p>El  general Jos\u00e9 Mar\u00eda Imbert, que se convertir\u00eda en el principal h\u00e9roe de la hist\u00f3rica batalla de Santiago, lleg\u00f3 all\u00ed el 27 de Marzo de 1844, procedente de  la cerca localidad de Moca, donde viv\u00eda desde hac\u00eda varios a\u00f1os, dedicado b\u00e1sicamente a labores de comercio y agricultura, pero tambi\u00e9n ejerciendo funciones de aseguramiento militar.<\/p>\n<\/p>\n<p>Fue llamado a Santiago por su reconocido coraje, preparaci\u00f3n militar y por sus previas expresiones a favor de la soberan\u00eda dominicana, como cuando  proclam\u00f3 en una plaza mocana el 5 de marzo de 1844 que: \u00abDesde las aguas de Hig\u00fcey hasta Las Matas de Farf\u00e1n, y desde la pen\u00ednsula de Saman\u00e1 hasta Dajab\u00f3n, ha resonado el grito de Dios, Patria y Libertad&#8230;\u00bb3<\/p>\n<\/p>\n<p>Est\u00e1 demostrado, en todos los rincones de la tierra, que el azar tiene su lugar en la historia de los pueblos, as\u00ed como en los sujetos. El destino, pues, jug\u00f3 su papel en el caso del principal h\u00e9roe de la Batalla del 30 de Marzo de 1844.<\/p>\n<\/p>\n<p>He aqu\u00ed una prueba de lo anterior. Pedro Eugenio Curiel, combatiente de aquella acci\u00f3n b\u00e9lica, en un documento redactado el 30 de septiembre de 1881, luego de describir pormenores de los d\u00edas anteriores a ese encuentro armado entre dominicanos e invasores haitianos, se\u00f1ala que: \u00ab&#8230;por \u00faltimo se piensa en el general Imbert, jefe del movimiento de la Villa de Moca, y se resuelve mandar a buscarle; as\u00ed fue&#8230;llega a Santiago en medio de v\u00edtores y aclamaciones. Se le entrega el mando de aquella plaza que \u00e9l acepta sin dilaci\u00f3n.\u00bb4<\/p>\n<\/p>\n<p>EL INFORME OFICIAL DEL GENERAL IMBERT<\/p>\n<p> En un informe oficial, fechado el 5 de abril de 1844, en la ciudad de Santiago de los Caballeros, dirigido a la Junta Central Gubernativa (que era el gobierno de la Rep\u00fablica), el general Jos\u00e9 Mar\u00eda Imbert, en su calidad de Jefe del Distrito y  las operaciones de Santiago, al describir los hechos m\u00e1s notables de la Batalla del 30 de marzo de dicho a\u00f1o, haciendo referencia a la suerte de los invasores, se\u00f1ala que: \u00abPor \u00faltima vez se present\u00f3 en columnas cerradas, y nuestra artiller\u00eda dej\u00e1ndola avanzar de frente, la pieza de la derecha tir\u00f3 metralla sobre esta masa e hizo al centro un claro espantoso&#8230;\u00bb <\/p>\n<\/p>\n<p>En dicho testimonio el general Imbert tambi\u00e9n se\u00f1al\u00f3 que \u00abel combate hab\u00eda principiado a las doce y sigui\u00f3 hasta las 5 de la tarde.\u00bb A\u00f1adi\u00f3  que hubo unos 600 soldados haitianos muertos, con una cifra mayor de heridos y que \u00abel camino que siguen en su retirada no es sino un vasto cementerio.\u00bb Remataba su descripci\u00f3n haciendo part\u00edcipe en los hechos a la Superioridad Celestial al decir que los dominicanos contaron con \u00abuna protecci\u00f3n manifiesta de la Divina Providencia.\u00bb A ello atribuy\u00f3 la siguiente sublimidad id\u00edlica: \u00ab&#8230;sin que nosotros hayamos tenido que sentir la muerte de un solo hombre, ni tampoco haber tenido un solo herido.\u00bb5<\/p>\n<\/p>\n<p>Por su lado el jefe de la artiller\u00eda santiaguera, Jos\u00e9 Mar\u00eda L\u00f3pez, en unas breves notas fechadas el 24 de septiembre de 1881, expres\u00f3 que el 30 de marzo de 1844 \u00abha sido el d\u00eda que m\u00e1s amenazada ha estado esta poblaci\u00f3n; y al mando del general Imbert tuvimos la gloria de rechazar a las tropas haitianas, que eran en fuerzas, cuadruplicadas a las nuestras&#8230;\u00bb6<\/p>\n<\/p>\n<p><strong>MELLA Y LA BATALLA DEL 30 DE MARZO DE 1844<\/strong><\/p>\n<\/p>\n<p>Mat\u00edas Ram\u00f3n Mella, en su condici\u00f3n de Jefe Militar de Santiago, d\u00edas antes del alevoso ataque de los haitianos, fue el organizador inicial de su defensa, comunicando directrices, impartiendo instrucciones militares y realizando designaciones en diferentes puntos estrat\u00e9gicos para enfrentar ataques de sorpresa. Hay pruebas de sobra sobre ello. Adem\u00e1s de que hizo ingentes labores de reclutamiento de combatientes.<\/p>\n<\/p>\n<p> En esa \u00faltima tarea estaba el d\u00eda de la batalla. La confrontaci\u00f3n b\u00e9lica lo sorprendi\u00f3 en San Jos\u00e9 de las Matas, en las estribaciones de la Cordillera Central, en compa\u00f1\u00eda del general Pedro de Mena y del capit\u00e1n  Jos\u00e9 Desiderio Valverde P\u00e9rez. \u00c9ste \u00faltimo luego fue general y Presidente de la Rep\u00fablica, pero torci\u00f3 el rumbo y se convirti\u00f3 en anexionista.<\/p>\n<\/p>\n<p>Al cumplirse 47 a\u00f1os de la Independencia Nacional Federico Henr\u00edquez y Carvajal escribi\u00f3 un ensayo biogr\u00e1fico sobre Mella, en el cual sostuvo lo siguiente sobre la Batalla del 30 de Marzo de 1844: \u00abA no ser por su celosa solicitud de elementos para la lucha, suyos habr\u00edan sido los inmarcesibles laureles del triunfo que obtuvo para sus sienes otro invito h\u00e9roe en la gran batalla del 30 de Marzo.\u00bb7<\/p>\n<\/p>\n<p>En su obra Personajes Dominicanos Roberto Cass\u00e1 resalta el papel de Mella en esa ic\u00f3nica batalla al se\u00f1alar que: \u00ab&#8230;Las previsiones tomadas por Mella y la competente direcci\u00f3n de Imbert dieron por resultado que el 30 de marzo se infligiese una derrota aplastante a los haitianos, quienes tuvieron cientos de muertos, mientras que, al parecer, pocos dominicanos perdieron la vida.\u00bb8<\/p>\n<\/p>\n<p><strong>LOS ANDULLEROS DE SABANA IGLESIA<\/strong><\/p>\n<\/p>\n<p> Fernando Valerio L\u00f3pez baj\u00f3 desde Sabana Iglesia y campos vecinos con unos 150 peones agr\u00edcolas, dedicados a la siembra y cultivo de tabaco. Esos hombres fueron los que atacaron por sorpresa a los haitianos, entre el Fuerte Libertad y el r\u00edo Yaque el Norte, fondo de agua que les sirvi\u00f3 de sepultura a muchos de los invasores.<\/p>\n<\/p>\n<p>El filoso metal de los machetes, bajo el impulso heroico de esos labriegos, brill\u00f3 como nunca. Su bizarra acci\u00f3n del 30 de Marzo de 1844 es lo que desde entonces se ha denominado la Carga de los Andulleros. <\/p>\n<\/p>\n<p>Con frecuencia se soslaya la importancia militar que tuvo esa unidad de combate compuesta por agricultores que abandonaron la azada para enfrentar al enemigo invasor. Muchos de ellos luego volvieron al anonimato rural, pero con la luz del triunfo resplandeciente en sus rostros, como quedan representados en im\u00e1genes permanentes aquellos nimbados de gloria.<\/p>\n<\/p>\n<p>Incluso en el informe oficial del general Imbert, por olvido moment\u00e1neo, o por lo que fuere, no mencion\u00f3 a ese cuerpo armado integrado por hombres corajudos y manos encallecidas que descendieron de la sierra para defender la patria, dejando los surcos donde muchas veces hab\u00edan hecho brotar una de las m\u00e1s conocidas plantas solan\u00e1ceas, as\u00ed como los ranchos donde elaboraban andullos.<\/p>\n<\/p>\n<p>Alejandro Llenas, un sabio m\u00e9dico, historiador, bot\u00e1nico, antrop\u00f3logo, ge\u00f3grafo, etc., santiaguero educado en Francia y nacido en Gurabo el mismo a\u00f1o que se libr\u00f3 la Batalla del 30 de Marzo de 1844, realiz\u00f3 un aporte extraordinario al divulgar los antecedentes  que  culminar\u00edan con los hechos ocurridos aquel glorioso d\u00eda en su lar nativo. Indica, como otros tambi\u00e9n, que el primer ataque fue repelido por Fernando Valerio y sus andulleros entre el Fuerte de la Libertad y el r\u00edo Yaque del Norte.<\/p>\n<\/p>\n<p>Para ello entrevist\u00f3 d\u00e9cadas despu\u00e9s de aquella fecha gloriosa a varios sobrevivientes de esa epopeya que sembr\u00f3 para siempre en la historia dominicana el nombre de la ciudad de Santiago de los Caballeros.9<\/p>\n<\/p>\n<p>Arturo Logro\u00f1o, con su estilo barroco, se refiri\u00f3 a Fernando Valerio en una nota publicada el 1928: \u00ab&#8230;Enardecido por b\u00e9lica embriaguez, decidi\u00f3 quiz\u00e1s con su carga, famosa en nuestros fastos militares, al frente de los andulleros de Sabana Iglesia, la brega marcial del 30 de Marzo de 1844.\u00bb10 <\/p>\n<p>El mun\u00edcipe y costumbrista santiaguero Arturo Bueno, en el tomo I de su libro Santiago Quien te vio y Quien te ve, hace inquietantes preguntas sobre la referida omisi\u00f3n que de los andulleros y Valerio hizo el general Imbert, y concluye indicando que: \u00abel general Valerio no fue una figura central en todo el curso de los acontecimientos de ese d\u00eda; pero s\u00ed lo fue en el momento decisivo como iniciador de \u00abla carga al machete&#8230;\u00bb11<\/p>\n<p>ALGUNOS DE LOS H\u00c9ROES<\/p>\n<\/p>\n<p>En la efervescencia b\u00e9lica del 30 de Marzo de 1844 fueron muchos los que en Santiago se vistieron de gloria. Mencionarlos a todos es dif\u00edcil, especialmente porque como siempre ocurre, con la intensidad de una constante, la mezquindad humana oculta nombres.<\/p>\n<\/p>\n<p>En la historia universal, pero particularmente entre nosotros, los conflictos de egos, los pujos de principal\u00edas y las desavenencias inter grupales han provocado muchos hiatos; algunos de esos agujeros se han ido corrigiendo pero otros  han perdurado hasta el presente. Sin embargo, eso no impide que se\u00f1ale aqu\u00ed los nombres de varios de los h\u00e9roes de aquel hecho de raigambre patri\u00f3tica.<\/p>\n<\/p>\n<p>El Jefe Superior del Ej\u00e9rcito Dominicano en aquella jornada \u00e9pica, como se indica m\u00e1s arriba, fue el General Jos\u00e9 Mar\u00eda Imbert, el cual ten\u00eda como lugarteniente al aguerrido coronel Pedro Pelletier, quien a su vez pose\u00eda de ayudante a Achilles Michel. Los tres nacieron en Francia, pero se entregaron con desbordante pasi\u00f3n y gran responsabilidad a la causa dominicana en los albores de su Independencia.<\/p>\n<\/p>\n<p>El jefe de la artiller\u00eda y encargado del Fuerte Dios era el coronel Jos\u00e9 Mar\u00eda L\u00f3pez.  Fernando Valerio L\u00f3pez dirigi\u00f3 a los andulleros de Sabana Iglesia, una fuerza c\u00edvica que hizo proezas. El c\u00e9lebre Batall\u00f3n La Flor, integrado por valientes j\u00f3venes santiagueros, lo encabezaba el comandante Angel Reyes.<\/p>\n<\/p>\n<p>Tambi\u00e9n est\u00e1n en la conocida, pero limitada lista de h\u00e9roes de aquella jornada gloriosa, con diferentes rangos y desempe\u00f1os, los hermanos Juan Luis y Ram\u00f3n Franco Bid\u00f3, Lorenzo Mieses, Juana Saltitopa, Jos\u00e9 Mar\u00eda G\u00f3mez, Toribio Ram\u00edrez, Francisco Antonio Salcedo, Marcos Trinidad, Jos\u00e9 Silva, Manuel Mar\u00eda Fr\u00f3meta y los comandantes identificados como Dr. Berg\u00e9s, Hungr\u00eda, Bid\u00f3 y Tolentino.<\/p>\n<p>TI\u00d1A\u00d1O, EL M\u00daSICO H\u00c9ROE<\/p>\n<\/p>\n<p>Un personaje pr\u00e1cticamente ignorado, pero que tuvo una importante misi\u00f3n en el fragor de los combates, fue el m\u00fasico popular conocido s\u00f3lo por su apodo de Ti\u00f1a\u00f1o. <\/p>\n<\/p>\n<p>Relatos recolectados por memoriosos de aquellos tiempos describieron que los redobles de su instrumento de percusi\u00f3n fueron la perdici\u00f3n de soldados haitianos que se acercaron al  mencionado Fuerte Dios, atra\u00eddos por el sonido marcial que ejecutaba Ti\u00f1a\u00f1o. <\/p>\n<p>Eso hace recordar la antigua leyenda alemana recogida por los hermanos  Grimm sobre el flautista de Hamel\u00edn, aquel que sac\u00f3 de la ciudad de ese nombre las ratas que ten\u00edan en zozobra a sus habitantes hasta que se ahogaron en el r\u00edo Weser. Y ah\u00ed dejo la comparaci\u00f3n. <\/p>\n<p>UNA RESE\u00d1A DESDE HAIT\u00cd<\/p>\n<\/p>\n<p> Las glosas hist\u00f3ricas del  intelectual Jean Price-Mars, sobre la Batalla del 30 de Marzo de 1844, son a mayor gloria de los h\u00e9roes dominicanos de ese d\u00eda.<\/p>\n<\/p>\n<p>As\u00ed se expres\u00f3 el  indicado m\u00e9dico e historiador haitiano: \u00abEl 30 de marzo, a la una de la tarde, las tropas haitianas se lanzaron al asalto. Dur\u00f3 la lucha m\u00e1s de cuatro horas sin que cayera la ciudad&#8230;Las p\u00e9rdidas totales de su ej\u00e9rcito, antes que pudiera atravesar el Massacre y llegar al Cabo Haitiano, son estimadas, entre muertos y heridos, alrededor de setecientos hombres.\u00bb Sobre Pierrot  y las negociaciones de su huida del territorio dominicano se hizo esta interrogante: \u00ab\u00bfEra sincero Pierrot en sus negociaciones o quer\u00eda salir simplemente de un mal paso?\u00bb12 <\/p>\n<\/p>\n<p><strong>Bibliograf\u00eda:<\/strong><\/p>\n<\/p>\n<p>1-Divulgaciones Hist\u00f3ricas. Editora Taller, 1989.Pp71-75.C\u00e9sar Herrera Cabral.<\/p>\n<p>2-Dos grandes batallas. Peri\u00f3dico El Diario de Santiago, 30 de marzo de 1926.Alcides Garc\u00eda Lluberes.<\/p>\n<p>3-Proclama P\u00fablica, 5 de marzo de 1844, Moca. Corregidor Jos\u00e9 Mar\u00eda Imbert.<\/p>\n<p>4-Carta dirigida a Segundo Imbert. Puerto Plata, 30 de septiembre de 1881. Pedro Eugenio Curiel.<\/p>\n<p>5-Parte Oficial a la Junta Central Gubernativa. Santiago, 5 de abril de 1844. Jos\u00e9 Mar\u00eda Imbert. Vaciado en el volumen 3, pp 35 y 36, Obras Completas de Jos\u00e9 Gabriel Garc\u00eda.AGN. Impresora Amigo del Hogar, 2016.<\/p>\n<p>6-Guerra Dom\u00ednico-Haitiana. Impresora Dominicana, 1957. P88. Emilio Rodr\u00edguez Demorizi.<\/p>\n<p>7-Apoteosis del h\u00e9roe. Discurso pronunciado el 27 de febrero de 1891.Reproducido en la revista Cl\u00edo No.8, 1934. Fasc\u00edculo II.P38. Federico Henr\u00edquez y Carvajal.<\/p>\n<p>8-Personajes Dominicanos. Tomo I. Editora Alfa y Omega, 2003. P235. Roberto Cass\u00e1.<\/p>\n<p>9-Combate del 30 de marzo de 1844. Peri\u00f3dico El Orden, Santiago, 28 de marzo de 1875. Alejandro Llenas.<\/p>\n<p>10- Papeles de Arturo Logro\u00f1o. SDB. Impresora Amigo del Hogar, 2004.P111.<\/p>\n<p>11- Santiago Quien te vio y Quien te ve. Tomo I.Pp113 y 114.SDB.Editora B\u00faho, 2006.Arturo Bueno.<\/p>\n<p>12-La Rep\u00fablica de Hait\u00ed y la Rep\u00fablica Dominicana. SDB. Editora Taller, edici\u00f3n facsimilar, 2000.Pp335 y 336.Jean Price-Mars.<\/p>\n<\/p>\n<\/p>\n<\/p>\n<h6> 2020-03-27 22:31:51 <\/h6>\n<p><!--\n<link rel=\"stylesheet\" href=\"css\/bootstrap.min.css\">\n\n\n<ul class=\"pagination\">\n\t    \n\t\n\n<li >\n\t<a href='?page_no=647'>Previous<\/a>\n\t<\/li>\n\n\n       \n    \n\n<li><a href='?page_no=1'>1<\/a><\/li>\n\n\n\n<li><a href='?page_no=2'>2<\/a><\/li>\n\n\n\n<li><a>...<\/a><\/li>\n\n\n\n<li><a href='?page_no=646'>646<\/a><\/li>\n\n\n\n<li><a href='?page_no=647'>647<\/a><\/li>\n\n\n\n<li class='active'><a>648<\/a><\/li>\n\n\n\n<li><a href='?page_no=649'>649<\/a><\/li>\n\n\n\n<li><a href='?page_no=650'>650<\/a><\/li>\n\n\n\n<li><a>...<\/a><\/li>\n\n\n\n<li><a href='?page_no=22911'>22911<\/a><\/li>\n\n\n\n<li><a href='?page_no=22912'>22912<\/a><\/li>\n\n    \n\t\n\n<li >\n\t<a href='?page_no=649'>Next<\/a>\n\t<\/li>\n\n\n    \n\n<li><a href='?page_no=22912'>Last &rsaquo;&rsaquo;<\/a><\/li>\n\n<\/ul>\n\n\n--><br \/>\n<\/body><\/p>\n","protected":false},"excerpt":{"rendered":"<p>diariodominicano.com Por Te\u00f3filo Lappot Robles Santo Domingo, R. D., 27 Marzo 2020.- La ciudad de Santiago de los Caballeros, en el coraz\u00f3n de la regi\u00f3n del Cibao, fue el escenario donde se desarroll\u00f3 uno de los combates decisivos para consolidar la Independencia Nacional. Se cumplen en estos d\u00edas 176 a\u00f1os de aquel importante suceso hist\u00f3rico. [&hellip;]<\/p>\n","protected":false},"author":3,"featured_media":0,"comment_status":"open","ping_status":"open","sticky":false,"template":"","format":"standard","meta":{"footnotes":""},"categories":[21],"tags":[],"class_list":["post-54328","post","type-post","status-publish","format-standard","hentry","category-cultura"],"_links":{"self":[{"href":"https:\/\/diariodominicano.com\/index.php?rest_route=\/wp\/v2\/posts\/54328","targetHints":{"allow":["GET"]}}],"collection":[{"href":"https:\/\/diariodominicano.com\/index.php?rest_route=\/wp\/v2\/posts"}],"about":[{"href":"https:\/\/diariodominicano.com\/index.php?rest_route=\/wp\/v2\/types\/post"}],"author":[{"embeddable":true,"href":"https:\/\/diariodominicano.com\/index.php?rest_route=\/wp\/v2\/users\/3"}],"replies":[{"embeddable":true,"href":"https:\/\/diariodominicano.com\/index.php?rest_route=%2Fwp%2Fv2%2Fcomments&post=54328"}],"version-history":[{"count":0,"href":"https:\/\/diariodominicano.com\/index.php?rest_route=\/wp\/v2\/posts\/54328\/revisions"}],"wp:attachment":[{"href":"https:\/\/diariodominicano.com\/index.php?rest_route=%2Fwp%2Fv2%2Fmedia&parent=54328"}],"wp:term":[{"taxonomy":"category","embeddable":true,"href":"https:\/\/diariodominicano.com\/index.php?rest_route=%2Fwp%2Fv2%2Fcategories&post=54328"},{"taxonomy":"post_tag","embeddable":true,"href":"https:\/\/diariodominicano.com\/index.php?rest_route=%2Fwp%2Fv2%2Ftags&post=54328"}],"curies":[{"name":"wp","href":"https:\/\/api.w.org\/{rel}","templated":true}]}}