{"id":543275,"date":"2024-07-06T10:23:20","date_gmt":"2024-07-06T14:23:20","guid":{"rendered":"https:\/\/diariodominicano.com\/?p=543275"},"modified":"2024-07-06T10:23:29","modified_gmt":"2024-07-06T14:23:29","slug":"coronan-rey-carnaval-vegano-a-celebrarse-este-domingo-en-alto-manhattan","status":"publish","type":"post","link":"https:\/\/diariodominicano.com\/?p=543275","title":{"rendered":"Coronan Rey Carnaval Vegano a celebrarse este domingo en Alto Manhattan"},"content":{"rendered":"\n<p><strong>Por Ram\u00f3n Mercedes<\/strong><\/p>\n\n\n\n<p><strong>&nbsp;NUEVA YORK.-<\/strong>&nbsp;Ante la presencia de m\u00e1s de un centenar de veganos residentes en esta ciudad y otros que vinieron de la provincia de La Vega-RD, fue coronado la noche de este viernes como \u201cRey del Carnaval Vegano 2024\u201d, el carnavalero Hugo Capell\u00e1n.<\/p>\n\n\n\n<p>Capell\u00e1n recibi\u00f3 la corona de parte del presidente de la entidad, ingeniero Pedro Holgu\u00edn, quien estuvo acompa\u00f1ado de Virginia Mel\u00e9ndez, productora ejecutiva, y Stalin Marte, organizador general, entre otros.<\/p>\n\n\n\n<p>Mientras, el ingeniero Holgu\u00edn fue reconocido debido a su tit\u00e1nica labor por la \u201cUni\u00f3n Carnavalesca de La Vega\u201d (Ucave).<\/p>\n\n\n\n<p>Al hablar, todos coincidieron en manifestar que el objetivo del Carnaval, a celebrarse este domingo en el Alto Manhattan, es presentar ante la comunidad internacional y los hijos de dominicanos nacidos en NY y otros lugares del exterior, la cultura, tradici\u00f3n, folklor, m\u00fasica e historia del pa\u00eds caribe\u00f1o.&nbsp;<\/p>\n\n\n\n<p>Una nutrida comisi\u00f3n de Ucave participar\u00e1 en el desfile. Tambi\u00e9n asistieron representantes de varias organizaciones comunitarias dominicanas establecidas en la Gran Manzana.<\/p>\n\n\n\n<p>La actividad se llev\u00f3 a cabo en el restaurant 809 (La Casa Dominicana), ubicado en el 112 de la calle Dyckman, en el sector de Inwood.<\/p>\n\n\n\n<p>Al final de la actividad se ofreci\u00f3 una variada picadera y diferentes bebidas gaseosas y alcoh\u00f3licas. Como maestro de ceremonia fungi\u00f3 Papo Guzm\u00e1n.<\/p>\n","protected":false},"excerpt":{"rendered":"<p>Por Ram\u00f3n Mercedes &nbsp;NUEVA YORK.-&nbsp;Ante la presencia de m\u00e1s de un centenar de veganos residentes en esta ciudad y otros que vinieron de la provincia de La Vega-RD, fue coronado la noche de este viernes como \u201cRey del Carnaval Vegano 2024\u201d, el carnavalero Hugo Capell\u00e1n. Capell\u00e1n recibi\u00f3 la corona de parte del presidente de la [&hellip;]<\/p>\n","protected":false},"author":28,"featured_media":543276,"comment_status":"closed","ping_status":"closed","sticky":true,"template":"","format":"standard","meta":{"footnotes":""},"categories":[21,36,25,27],"tags":[],"class_list":["post-543275","post","type-post","status-publish","format-standard","has-post-thumbnail","hentry","category-cultura","category-hombresmujeresycosas","category-gente","category-portada"],"_links":{"self":[{"href":"https:\/\/diariodominicano.com\/index.php?rest_route=\/wp\/v2\/posts\/543275","targetHints":{"allow":["GET"]}}],"collection":[{"href":"https:\/\/diariodominicano.com\/index.php?rest_route=\/wp\/v2\/posts"}],"about":[{"href":"https:\/\/diariodominicano.com\/index.php?rest_route=\/wp\/v2\/types\/post"}],"author":[{"embeddable":true,"href":"https:\/\/diariodominicano.com\/index.php?rest_route=\/wp\/v2\/users\/28"}],"replies":[{"embeddable":true,"href":"https:\/\/diariodominicano.com\/index.php?rest_route=%2Fwp%2Fv2%2Fcomments&post=543275"}],"version-history":[{"count":1,"href":"https:\/\/diariodominicano.com\/index.php?rest_route=\/wp\/v2\/posts\/543275\/revisions"}],"predecessor-version":[{"id":543277,"href":"https:\/\/diariodominicano.com\/index.php?rest_route=\/wp\/v2\/posts\/543275\/revisions\/543277"}],"wp:featuredmedia":[{"embeddable":true,"href":"https:\/\/diariodominicano.com\/index.php?rest_route=\/wp\/v2\/media\/543276"}],"wp:attachment":[{"href":"https:\/\/diariodominicano.com\/index.php?rest_route=%2Fwp%2Fv2%2Fmedia&parent=543275"}],"wp:term":[{"taxonomy":"category","embeddable":true,"href":"https:\/\/diariodominicano.com\/index.php?rest_route=%2Fwp%2Fv2%2Fcategories&post=543275"},{"taxonomy":"post_tag","embeddable":true,"href":"https:\/\/diariodominicano.com\/index.php?rest_route=%2Fwp%2Fv2%2Ftags&post=543275"}],"curies":[{"name":"wp","href":"https:\/\/api.w.org\/{rel}","templated":true}]}}